{"id":693,"date":"2016-05-12T16:55:37","date_gmt":"2016-05-12T20:55:37","guid":{"rendered":"http:\/\/blogdalucianaoliveira.com.br\/blog\/?p=693"},"modified":"2016-05-12T16:55:37","modified_gmt":"2016-05-12T20:55:37","slug":"o-minc-na-contramao-da-travessia-na-ponte-para-o-futuro","status":"publish","type":"post","link":"http:\/\/blogdalucianaoliveira.com.br\/blog\/2016\/05\/12\/o-minc-na-contramao-da-travessia-na-ponte-para-o-futuro\/","title":{"rendered":"O MINC NA CONTRAM\u00c3O DA TRAVESSIA (NA \u201cPONTE PARA O FUTURO\u201d)"},"content":{"rendered":"<p><img data-recalc-dims=\"1\" loading=\"lazy\" decoding=\"async\" data-attachment-id=\"694\" data-permalink=\"http:\/\/blogdalucianaoliveira.com.br\/blog\/2016\/05\/12\/o-minc-na-contramao-da-travessia-na-ponte-para-o-futuro\/image-140\/\" data-orig-file=\"https:\/\/i0.wp.com\/blogdalucianaoliveira.com.br\/blog\/wp-content\/uploads\/2016\/05\/image-122.jpeg?fit=2048%2C1365\" data-orig-size=\"2048,1365\" data-comments-opened=\"0\" data-image-meta=\"{&quot;aperture&quot;:&quot;0&quot;,&quot;credit&quot;:&quot;&quot;,&quot;camera&quot;:&quot;&quot;,&quot;caption&quot;:&quot;&quot;,&quot;created_timestamp&quot;:&quot;0&quot;,&quot;copyright&quot;:&quot;&quot;,&quot;focal_length&quot;:&quot;0&quot;,&quot;iso&quot;:&quot;0&quot;,&quot;shutter_speed&quot;:&quot;0&quot;,&quot;title&quot;:&quot;&quot;,&quot;orientation&quot;:&quot;1&quot;}\" data-image-title=\"image\" data-image-description=\"\" data-image-caption=\"\" data-medium-file=\"https:\/\/i0.wp.com\/blogdalucianaoliveira.com.br\/blog\/wp-content\/uploads\/2016\/05\/image-122.jpeg?fit=300%2C200\" data-large-file=\"https:\/\/i0.wp.com\/blogdalucianaoliveira.com.br\/blog\/wp-content\/uploads\/2016\/05\/image-122.jpeg?fit=600%2C400\" src=\"https:\/\/i0.wp.com\/blogdalucianaoliveira.com.br\/blog\/wp-content\/uploads\/2016\/05\/image-122.jpeg?resize=600%2C400\" alt=\"image\" width=\"600\" height=\"400\" class=\"alignnone size-full wp-image-694\" srcset=\"https:\/\/i0.wp.com\/blogdalucianaoliveira.com.br\/blog\/wp-content\/uploads\/2016\/05\/image-122.jpeg?w=2048 2048w, https:\/\/i0.wp.com\/blogdalucianaoliveira.com.br\/blog\/wp-content\/uploads\/2016\/05\/image-122.jpeg?resize=300%2C200 300w, https:\/\/i0.wp.com\/blogdalucianaoliveira.com.br\/blog\/wp-content\/uploads\/2016\/05\/image-122.jpeg?resize=768%2C512 768w, https:\/\/i0.wp.com\/blogdalucianaoliveira.com.br\/blog\/wp-content\/uploads\/2016\/05\/image-122.jpeg?resize=1024%2C683 1024w, https:\/\/i0.wp.com\/blogdalucianaoliveira.com.br\/blog\/wp-content\/uploads\/2016\/05\/image-122.jpeg?resize=450%2C300 450w, https:\/\/i0.wp.com\/blogdalucianaoliveira.com.br\/blog\/wp-content\/uploads\/2016\/05\/image-122.jpeg?w=1200 1200w, https:\/\/i0.wp.com\/blogdalucianaoliveira.com.br\/blog\/wp-content\/uploads\/2016\/05\/image-122.jpeg?w=1800 1800w\" sizes=\"auto, (max-width: 600px) 100vw, 600px\" \/><\/p>\n<p>Por: Altair Santos (Tat\u00e1)<\/p>\n<p>Ap\u00f3s o terceiro ou quarto turno das elei\u00e7\u00f5es presidenciais de 2014, inaugura-se um novo governo no Brasil e a cultura, j\u00e1 est\u00e1 l\u00e1, na cabeceira, para iniciar a sua travessia da \u201cPonte Para o Futuro.\u201d Nessa hora Michel Temer, o jogador de milho, para alegria e orgulhoso tufar peito dos seus pombos admiradores e avalistas, j\u00e1 deve haver \u201ccunhado\u201d ou canetado, como queiram, a ferro e fogo, o destino do Minist\u00e9rio da Cultura \u2013 MINC. <!--more--><\/p>\n<p>Com a decis\u00e3o, ir\u00e3o os interesses da vasta e rica diversidade cultural brasileira arder e habitar espa\u00e7o sob apreensiva e duvidosa sorte futura nos corredores do Minist\u00e9rio da Educa\u00e7\u00e3o \u2013 MEC, que ser\u00e1 capitaneado pelo Deputado Federal Mendon\u00e7a Filho (DEM\/PE) a quem reca\u00eda fortes den\u00fancias na opera\u00e7\u00e3o lava jato, at\u00e9 entrar em cena certas decis\u00f5es benevolentes em forma de perd\u00e3o judicial e, o qual, j\u00e1 foi aos destemperos verborr\u00e1gicos, em desmedidos gritos em p\u00fablico, motivados por perrengues pol\u00edticos pra cima de Renan Calheiros, Presidente do Senado. Pelo visto, cordatos e apaziguados!<\/p>\n<p>O MINC \u00e9 uma conquista brasileira da redemocratiza\u00e7\u00e3o do pa\u00eds p\u00f3s-ditadura militar e, de l\u00e1 pra c\u00e1, sofreu interrup\u00e7\u00e3o em sua autonomia e independ\u00eancia apenas no governo Collor. A proposta de fus\u00e3o do MINC como subordinado do MEC encontra forte defesa na orienta\u00e7\u00e3o do Senador Eun\u00edcio Oliveira do PMDB, um dos gurus do governo Michel Temer, sob o desavisado argumento de que cultura e educa\u00e7\u00e3o andam juntas, \u00e9 a mesma coisa. \u00c0 parceria dizemos sim, sempre, \u00e0 fus\u00e3o e descaracteriza\u00e7\u00e3o do MINC e do seu enorme importante papel, dizemos n\u00e3o, sempre!<\/p>\n<p>Ao Eun\u00edcio e seus pares de concep\u00e7\u00e3o governista, como ele, j\u00e1 conhecidos s\u00e1bios \u00e0s avessas, sequer sobra ju\u00edzo, conhecimento de causa ou dedica\u00e7\u00e3o para avaliar que o enlace tem\u00e1tico da cultura pode ser selado com qualquer esfera p\u00fabica, dado o seu dinamismo e for\u00e7a de interface. \u00c0 luz da realidade nacional e mundial, ceifar o MINC e jog\u00e1-lo \u00e0 subalternidade com toda sua hist\u00f3ria, vastid\u00e3o e grandeza representativa, em nome da pouca economia a se fazer, como impacto em socorro, sobre o todo financeiro e econ\u00f4mico nacional \u00e9, no m\u00ednimo, ato nocivo e perigoso ao PIB cultural brasileiro, \u00e0s suas pol\u00edticas sedimentadas ou em vias disso, e aos programas todos de sua al\u00e7ada.<\/p>\n<p>Urge ressaltar que o produto cultural brasileiro responde com estupenda for\u00e7a como agregador de subs\u00eddio c\u00eanico ao turismo interno e ecoa l\u00e1 fora, al\u00e9m das duzentas milhas, como um dos mais desejados, aplaudidos e reconhecidos bens de exporta\u00e7\u00e3o brasileiros, rivalizando em escala de notoriedade com o futebol e com o caf\u00e9 e outras riquezas.<\/p>\n<p>A se considerar, hoje, a dimens\u00e3o e import\u00e2ncia do pa\u00eds, sua visibilidade, abrang\u00eancia e repercuss\u00e3o no contexto nacional e internacional, bem como a for\u00e7a do simbolismo, da pr\u00e1tica e da express\u00e3o da sua pluralidade cultural (a maior do planeta), tanto c\u00e1 em solo p\u00e1trio, como l\u00e1 no estrangeiro, o Brasil sem o MINC no front sinalizador que aliviou artistas e o povo do represamento cultural de d\u00e9cadas, perde e muito, ao negar seu mais sens\u00edvel produto, qual seja, a imaterialidade cultural.<\/p>\n<p>A troglodita e gulosa sede de reorganiza\u00e7\u00e3o do pa\u00eds, segundo defendem as incendi\u00e1rias mentes de tal proposi\u00e7\u00e3o, acometidas de absurdo estrabismo cultural sugere tirar o MINC da cena, justo o menor or\u00e7amento da uni\u00e3o (menor em cifras, por\u00e9m grandioso em valia), exacerba ainda na condena\u00e7\u00e3o de por o minist\u00e9rio em posi\u00e7\u00e3o subalterna dos procedimentos do MEC que j\u00e1 se v\u00ea \u00e0s voltas com as suas muitas e complexas rotinas. N\u00e3o que a cultura n\u00e3o sobrevivesse l\u00e1, mas teria a sua vida achatada e sua interlocu\u00e7\u00e3o e rela\u00e7\u00e3o com esferas correlatas e afins, esticada na descontinuidade de seus tr\u00e2mites pr\u00f3prios e espec\u00edficos. Em plano primeiro, salta aos olhos e \u00e0 preocupa\u00e7\u00e3o, o entrave do reposicionamento e distanciamento do \u00f3rg\u00e3o, em preju\u00edzo da delibera\u00e7\u00e3o e rela\u00e7\u00e3o estreita entre a produ\u00e7\u00e3o cultural, o produtor, o artista e os interesses do setor.<\/p>\n<p>O \u00f3rg\u00e3o que se fez mais aberto e vis\u00edvel, saiu da linha erudita e, sens\u00edvel e abrangente, ganhou as ruas, pra\u00e7as, largos e outros logradouros, abra\u00e7ando o popular, promoveu a inclus\u00e3o das culturas ditas marginais, renegadas ou aqu\u00e9m, o que propiciou o desnudar, ao experimento e conhecimento nacional, de uma vastid\u00e3o cultural invej\u00e1vel.<\/p>\n<p>Cultura Viva, Mais Cultura, Vale Cultura, Pontos de Cultura, pr\u00eamios editais nacionais, programas de forma\u00e7\u00e3o e fomento, as culturas urbanas, ind\u00edgenas, quilombolas, afro-descendentes, LGBT\u00b4s, os interc\u00e2mbios, os incentivos \u00e0s produ\u00e7\u00f5es, os festivais e certames, e os demais itens e programas do aglomerado cultural brasileiro, acostados no apoio, \u00e2nimo, orienta\u00e7\u00e3o e impulso via MINC, bem como, a consolida\u00e7\u00e3o definitiva do Sistema Nacional de Cultura devem e precisam, junto ao seu Minist\u00e9rio, ter organicidade e vida pr\u00f3pria, sem exortar o apoio e enlace saud\u00e1vel com outras esferas p\u00fablicas.<\/p>\n<p>tatadeportovelho@gmail.com<\/p>\n","protected":false},"excerpt":{"rendered":"<p>Por: Altair Santos (Tat\u00e1) Ap\u00f3s o terceiro ou quarto turno das elei\u00e7\u00f5es presidenciais de 2014, inaugura-se um novo governo no Brasil e a cultura, j\u00e1 est\u00e1 l\u00e1, na cabeceira, para iniciar a sua travessia da \u201cPonte Para o Futuro.\u201d Nessa hora Michel Temer, o jogador de milho, para alegria e orgulhoso tufar peito dos seus&#8230;<a class=\"more-link\" href=\"http:\/\/blogdalucianaoliveira.com.br\/blog\/2016\/05\/12\/o-minc-na-contramao-da-travessia-na-ponte-para-o-futuro\/\">Continue a leitura <span class=\"meta-nav\">&raquo;<\/span><\/a><\/p>\n","protected":false},"author":1,"featured_media":0,"comment_status":"closed","ping_status":"open","sticky":false,"template":"","format":"standard","meta":{"_exactmetrics_skip_tracking":false,"_exactmetrics_sitenote_active":false,"_exactmetrics_sitenote_note":"","_exactmetrics_sitenote_category":0,"jetpack_post_was_ever_published":false,"_jetpack_newsletter_access":"","_jetpack_dont_email_post_to_subs":false,"_jetpack_newsletter_tier_id":0,"_jetpack_memberships_contains_paywalled_content":false,"_jetpack_memberships_contains_paid_content":false,"footnotes":"","jetpack_publicize_message":"","jetpack_publicize_feature_enabled":true,"jetpack_social_post_already_shared":true,"jetpack_social_options":{"image_generator_settings":{"template":"highway","enabled":false},"version":2}},"categories":[1],"tags":[],"class_list":["post-693","post","type-post","status-publish","format-standard","hentry","category-notas"],"jetpack_publicize_connections":[],"jetpack_sharing_enabled":true,"jetpack_featured_media_url":"","jetpack_shortlink":"https:\/\/wp.me\/p7wKYW-bb","jetpack-related-posts":[],"_links":{"self":[{"href":"http:\/\/blogdalucianaoliveira.com.br\/blog\/wp-json\/wp\/v2\/posts\/693","targetHints":{"allow":["GET"]}}],"collection":[{"href":"http:\/\/blogdalucianaoliveira.com.br\/blog\/wp-json\/wp\/v2\/posts"}],"about":[{"href":"http:\/\/blogdalucianaoliveira.com.br\/blog\/wp-json\/wp\/v2\/types\/post"}],"author":[{"embeddable":true,"href":"http:\/\/blogdalucianaoliveira.com.br\/blog\/wp-json\/wp\/v2\/users\/1"}],"replies":[{"embeddable":true,"href":"http:\/\/blogdalucianaoliveira.com.br\/blog\/wp-json\/wp\/v2\/comments?post=693"}],"version-history":[{"count":1,"href":"http:\/\/blogdalucianaoliveira.com.br\/blog\/wp-json\/wp\/v2\/posts\/693\/revisions"}],"predecessor-version":[{"id":695,"href":"http:\/\/blogdalucianaoliveira.com.br\/blog\/wp-json\/wp\/v2\/posts\/693\/revisions\/695"}],"wp:attachment":[{"href":"http:\/\/blogdalucianaoliveira.com.br\/blog\/wp-json\/wp\/v2\/media?parent=693"}],"wp:term":[{"taxonomy":"category","embeddable":true,"href":"http:\/\/blogdalucianaoliveira.com.br\/blog\/wp-json\/wp\/v2\/categories?post=693"},{"taxonomy":"post_tag","embeddable":true,"href":"http:\/\/blogdalucianaoliveira.com.br\/blog\/wp-json\/wp\/v2\/tags?post=693"}],"curies":[{"name":"wp","href":"https:\/\/api.w.org\/{rel}","templated":true}]}}