{"id":6948,"date":"2016-12-14T13:16:59","date_gmt":"2016-12-14T17:16:59","guid":{"rendered":"http:\/\/blogdalucianaoliveira.com.br\/blog\/?p=6948"},"modified":"2016-12-14T13:16:59","modified_gmt":"2016-12-14T17:16:59","slug":"cardeal-dom-paulo-evaristo-arns-morre-aos-95-anos","status":"publish","type":"post","link":"http:\/\/blogdalucianaoliveira.com.br\/blog\/2016\/12\/14\/cardeal-dom-paulo-evaristo-arns-morre-aos-95-anos\/","title":{"rendered":"CARDEAL DOM PAULO EVARISTO ARNS MORRE AOS 95 ANOS"},"content":{"rendered":"<p><img data-recalc-dims=\"1\" loading=\"lazy\" decoding=\"async\" data-attachment-id=\"6949\" data-permalink=\"http:\/\/blogdalucianaoliveira.com.br\/blog\/2016\/12\/14\/cardeal-dom-paulo-evaristo-arns-morre-aos-95-anos\/domar\/\" data-orig-file=\"https:\/\/i0.wp.com\/blogdalucianaoliveira.com.br\/blog\/wp-content\/uploads\/2016\/12\/domar.jpg?fit=1001%2C357\" data-orig-size=\"1001,357\" data-comments-opened=\"0\" data-image-meta=\"{&quot;aperture&quot;:&quot;0&quot;,&quot;credit&quot;:&quot;&quot;,&quot;camera&quot;:&quot;&quot;,&quot;caption&quot;:&quot;&quot;,&quot;created_timestamp&quot;:&quot;0&quot;,&quot;copyright&quot;:&quot;&quot;,&quot;focal_length&quot;:&quot;0&quot;,&quot;iso&quot;:&quot;0&quot;,&quot;shutter_speed&quot;:&quot;0&quot;,&quot;title&quot;:&quot;&quot;,&quot;orientation&quot;:&quot;0&quot;}\" data-image-title=\"domar\" data-image-description=\"\" data-image-caption=\"\" data-medium-file=\"https:\/\/i0.wp.com\/blogdalucianaoliveira.com.br\/blog\/wp-content\/uploads\/2016\/12\/domar.jpg?fit=300%2C107\" data-large-file=\"https:\/\/i0.wp.com\/blogdalucianaoliveira.com.br\/blog\/wp-content\/uploads\/2016\/12\/domar.jpg?fit=600%2C214\" src=\"https:\/\/i0.wp.com\/blogdalucianaoliveira.com.br\/blog\/wp-content\/uploads\/2016\/12\/domar.jpg?resize=600%2C214\" alt=\"domar\" width=\"600\" height=\"214\" class=\"alignnone size-full wp-image-6949\" srcset=\"https:\/\/i0.wp.com\/blogdalucianaoliveira.com.br\/blog\/wp-content\/uploads\/2016\/12\/domar.jpg?w=1001 1001w, https:\/\/i0.wp.com\/blogdalucianaoliveira.com.br\/blog\/wp-content\/uploads\/2016\/12\/domar.jpg?resize=300%2C107 300w, https:\/\/i0.wp.com\/blogdalucianaoliveira.com.br\/blog\/wp-content\/uploads\/2016\/12\/domar.jpg?resize=768%2C274 768w, https:\/\/i0.wp.com\/blogdalucianaoliveira.com.br\/blog\/wp-content\/uploads\/2016\/12\/domar.jpg?resize=800%2C285 800w\" sizes=\"auto, (max-width: 600px) 100vw, 600px\" \/><\/p>\n<p>Ag\u00eancia Brasil* &#8211; Morreu no final da manh\u00e3 hoje (14), em S\u00e3o Paulo, o Cardeal Dom Paulo Evaristo Arns. Ele estava internado desde o dia 28 de novembro com broncopneumonia, no hospital Santa Catarina. <!--more--><\/p>\n<p>Ontem (13), o estado de sa\u00fade do arcebispo em\u00e9rito da Arquidiocese de S\u00e3o Paulo havia piorado ele estava na UTI em fun\u00e7\u00e3o de problemas na fun\u00e7\u00e3o renal.<\/p>\n<p>Dom Paulo tinha 95 anos, 71 anos de sacerd\u00f3cio e 76 anos de vida franciscana. Ele era cardeal desde 1973 e foi arcebispo metropolitano de S\u00e3o Paulo entre 1970 e 1998.<\/p>\n<p>O vel\u00f3rio ter\u00e1 in\u00edcio no final da tarde na Catedral da S\u00e9.<\/p>\n<p>O trabalho pastoral de Arns foi voltado principalmente aos habitantes da periferia, aos trabalhadores, \u00e0 forma\u00e7\u00e3o de comunidades eclesiais de base nos bairros e \u00e0 defesa e promo\u00e7\u00e3o dos direitos humanos. O portal Mem\u00f3rias da Ditadura, do Instituto Vladimir Herzog, relata parte da atua\u00e7\u00e3o do cardeal, que ganhou destaque j\u00e1 em 1969, quando passou a defender seminaristas dominicanos presos por ajudarem militantes opositores.<\/p>\n<p>Biografia<\/p>\n<p>Dom Paulo Evaristo Arns nasceu no dia 14 de setembro de 1921 em Forquilhinha (SC) e ingressou na ordem franciscana em 1939. Foi ordenado presb\u00edtero em novembro de 1945 na cidade de Petr\u00f3polis (RJ). Frequentou a Sorbonne de Paris, onde estudou patr\u00edstica (filosofia crist\u00e3) e l\u00ednguas cl\u00e1ssicas. Foi professor e mestre dos cl\u00e9rigos e chegou a atuar como jornalista profissional. Trabalhava como vig\u00e1rio nos sub\u00farbios de Petr\u00f3polis quando foi indicado bispo auxiliar de Dom Agnelo Rossi, em S\u00e3o Paulo, em 1966. Foi nomeado arcebispo de S\u00e3o Paulo em outubro de 1970, aos 49 anos.<\/p>\n<p>Com forma\u00e7\u00e3o em filosofia e teologia, Arns escreveu 56 livros e recebeu mais de uma centena de t\u00edtulos nacionais e internacionais. Entre seus livros mais conhecidos est\u00e1 Brasil: Nunca Mais, um projeto conduzido de forma clandestina entre os anos de 1979 e 1985, desenvolvido pelo Conselho Mundial de Igrejas e pela Arquidiocese de S\u00e3o Paulo, sob a coordena\u00e7\u00e3o do reverendo Jaime Wright e de Dom Paulo e que retrata as torturas e outras graves viola\u00e7\u00f5es a direitos humanos durante a ditadura militar brasileira.<\/p>\n<p>Entre outros epis\u00f3dios de sua trajet\u00f3ria, destacam-se tamb\u00e9m sua atua\u00e7\u00e3o contra a invas\u00e3o da Pontif\u00edcia Universidade Cat\u00f3lica (PUC), comandada pelo ent\u00e3o secret\u00e1rio de Seguran\u00e7a P\u00fablica de S\u00e3o Paulo, coronel Erasmo Dias, em 1977, e o planejamento da opera\u00e7\u00e3o para entregar ao presidente dos Estados Unidos, Jimmy Carter, uma lista com os nomes de desaparecidos pol\u00edticos.<\/p>\n<p>Em mar\u00e7o de 1973, ele presidiu a &#8220;Celebra\u00e7\u00e3o da Esperan\u00e7a&#8221;, em mem\u00f3ria do estudante Alexandre Vannucchi Leme, morto pela ditadura. No ano seguinte, acompanhado de familiares de presos pol\u00edticos, apresentou ao general Golbery do Couto e Silva um dossi\u00ea relatando os casos de 22 desaparecidos. Em outubro de 1975, celebrou na Catedral da S\u00e9 o hist\u00f3rico culto ecum\u00eanico em homenagem ao jornalista Vladimir Herzog, morto pelo regime militar. Anos depois defendeu o voto popular na campanha Diretas J\u00e1.<\/p>\n<p>Em outubro deste ano, ele foi homenageado no Teatro da Pontif\u00edcia Universidade Cat\u00f3lica (Tuca), na capital paulista, pelos seus 95 anos de vida, e pela sua atua\u00e7\u00e3o pol\u00edtica. A cerim\u00f4nia foi marcada por relatos de a\u00e7\u00f5es de Arns contra a ditadura militar, nas d\u00e9cadas de 60 e 70, e em defesa dos direitos humanos. O papa Francisco enviou uma mensagem especialmente para a comemora\u00e7\u00e3o. O cardeal compareceu e fez uma breve fala de agradecimento ao final.<\/p>\n<p>Posi\u00e7\u00f5es firmes<\/p>\n<p>Em entrevista \u00e0 BBC Brasil, em abril de 2014, o ativista de direitos humanos argentino Adolfo Perez Esquivel, de 82 anos, ganhador do Pr\u00eamio Nobel da Paz em 1980, disse que foi salvo duas vezes por dom Paulo Evaristo Arns durante a ditadura no Brasil. &#8220;Dom Paulo, certamente, falou com autoridades do Brasil para que eu fosse liberado. Mas n\u00e3o sei as gest\u00f5es exatas que ele fez. O que sei \u00e9 que ele n\u00e3o perdeu tempo em organizar uma manifesta\u00e7\u00e3o na porta da delegacia para me salvar. E me salvou&#8221;, disse.<\/p>\n<p>O cardeal mantinha posi\u00e7\u00f5es firmes. Em 1984 defendeu a instala\u00e7\u00e3o da Assembleia Nacional Constituinte, respons\u00e1vel pela elabora\u00e7\u00e3o de 1988 &#8211; que s\u00f3 viria a ser instalada em 1987. &#8220;Toda crise \u00e9 momento de mudan\u00e7as qualitativas. A crise que estamos atravessando \u00e9 profunda. Estamos procurando deixar para tr\u00e1s uma fase pouco feliz da nossa Hist\u00f3ria. A Constituinte ser\u00e1 ocasi\u00e3o de preparar estruturas para a nova etapa. Considero essencial que ela se instale e comece o seu trabalho o mais cedo poss\u00edvel&#8221;, disse Arns na publica\u00e7\u00e3o Lua Nova: Revista de Cultura e Pol\u00edtica.<\/p>\n<p>A palavra esperan\u00e7a fazia parte dos discursos do cardeal. Na cerim\u00f4nia de posse como arcebispo de S\u00e3o Paulo, perante cerca de 5 mil fi\u00e9is, declarou: &#8220;Venho do meio do povo desta arquidiocese a que j\u00e1 pertencia, do clero a quem amo e de quem sou irm\u00e3o, dos religiosos que comigo se esfor\u00e7am para serem sinal e esperan\u00e7a dos bens que est\u00e3o para chegar, dos leigos que entendem o servi\u00e7o aos irm\u00e3os como tarefa essencial de sua exist\u00eancia.&#8221;<\/p>\n<p>A palavra tamb\u00e9m foi dita quando soube da morte da irm\u00e3, Zilda Arns, v\u00edtima do terremoto no Haiti em 2010: &#8220;Que nosso Deus em sua miseric\u00f3rdia acolha no c\u00e9u aqueles que na terra lutaram pelas crian\u00e7as e pelos desamparados. N\u00e3o \u00e9 hora de perder a esperan\u00e7a. Ela morreu de uma maneira muito bonita, morreu na causa que sempre acreditou&#8221;.<\/p>\n<p>* Colaborou Elaine Patr\u00edcia Cruz. Com informa\u00e7\u00f5es do portal Mem\u00f3rias da Ditadura e da Arquidiocese de S\u00e3o Paulo<\/p>\n","protected":false},"excerpt":{"rendered":"<p>Ag\u00eancia Brasil* &#8211; Morreu no final da manh\u00e3 hoje (14), em S\u00e3o Paulo, o Cardeal Dom Paulo Evaristo Arns. Ele estava internado desde o dia 28 de novembro com broncopneumonia, no hospital Santa Catarina.<\/p>\n","protected":false},"author":1,"featured_media":0,"comment_status":"closed","ping_status":"open","sticky":false,"template":"","format":"standard","meta":{"_exactmetrics_skip_tracking":false,"_exactmetrics_sitenote_active":false,"_exactmetrics_sitenote_note":"","_exactmetrics_sitenote_category":0,"jetpack_post_was_ever_published":false,"_jetpack_newsletter_access":"","_jetpack_dont_email_post_to_subs":false,"_jetpack_newsletter_tier_id":0,"_jetpack_memberships_contains_paywalled_content":false,"_jetpack_memberships_contains_paid_content":false,"footnotes":"","jetpack_publicize_message":"","jetpack_publicize_feature_enabled":true,"jetpack_social_post_already_shared":true,"jetpack_social_options":{"image_generator_settings":{"template":"highway","enabled":false},"version":2}},"categories":[1],"tags":[],"class_list":["post-6948","post","type-post","status-publish","format-standard","hentry","category-notas"],"jetpack_publicize_connections":[],"jetpack_sharing_enabled":true,"jetpack_featured_media_url":"","jetpack_shortlink":"https:\/\/wp.me\/p7wKYW-1O4","jetpack-related-posts":[],"_links":{"self":[{"href":"http:\/\/blogdalucianaoliveira.com.br\/blog\/wp-json\/wp\/v2\/posts\/6948","targetHints":{"allow":["GET"]}}],"collection":[{"href":"http:\/\/blogdalucianaoliveira.com.br\/blog\/wp-json\/wp\/v2\/posts"}],"about":[{"href":"http:\/\/blogdalucianaoliveira.com.br\/blog\/wp-json\/wp\/v2\/types\/post"}],"author":[{"embeddable":true,"href":"http:\/\/blogdalucianaoliveira.com.br\/blog\/wp-json\/wp\/v2\/users\/1"}],"replies":[{"embeddable":true,"href":"http:\/\/blogdalucianaoliveira.com.br\/blog\/wp-json\/wp\/v2\/comments?post=6948"}],"version-history":[{"count":1,"href":"http:\/\/blogdalucianaoliveira.com.br\/blog\/wp-json\/wp\/v2\/posts\/6948\/revisions"}],"predecessor-version":[{"id":6950,"href":"http:\/\/blogdalucianaoliveira.com.br\/blog\/wp-json\/wp\/v2\/posts\/6948\/revisions\/6950"}],"wp:attachment":[{"href":"http:\/\/blogdalucianaoliveira.com.br\/blog\/wp-json\/wp\/v2\/media?parent=6948"}],"wp:term":[{"taxonomy":"category","embeddable":true,"href":"http:\/\/blogdalucianaoliveira.com.br\/blog\/wp-json\/wp\/v2\/categories?post=6948"},{"taxonomy":"post_tag","embeddable":true,"href":"http:\/\/blogdalucianaoliveira.com.br\/blog\/wp-json\/wp\/v2\/tags?post=6948"}],"curies":[{"name":"wp","href":"https:\/\/api.w.org\/{rel}","templated":true}]}}