{"id":6951,"date":"2016-12-14T13:20:04","date_gmt":"2016-12-14T17:20:04","guid":{"rendered":"http:\/\/blogdalucianaoliveira.com.br\/blog\/?p=6951"},"modified":"2016-12-14T13:20:04","modified_gmt":"2016-12-14T17:20:04","slug":"cai-yunes-melhor-amigo-de-temer-acusado-de-receber-propina","status":"publish","type":"post","link":"http:\/\/blogdalucianaoliveira.com.br\/blog\/2016\/12\/14\/cai-yunes-melhor-amigo-de-temer-acusado-de-receber-propina\/","title":{"rendered":"CAI YUNES, MELHOR AMIGO DE TEMER, ACUSADO DE RECEBER PROPINA"},"content":{"rendered":"<p><img data-recalc-dims=\"1\" loading=\"lazy\" decoding=\"async\" data-attachment-id=\"6952\" data-permalink=\"http:\/\/blogdalucianaoliveira.com.br\/blog\/2016\/12\/14\/cai-yunes-melhor-amigo-de-temer-acusado-de-receber-propina\/amigo\/\" data-orig-file=\"https:\/\/i0.wp.com\/blogdalucianaoliveira.com.br\/blog\/wp-content\/uploads\/2016\/12\/amigo.jpg?fit=1000%2C357\" data-orig-size=\"1000,357\" data-comments-opened=\"0\" data-image-meta=\"{&quot;aperture&quot;:&quot;0&quot;,&quot;credit&quot;:&quot;&quot;,&quot;camera&quot;:&quot;&quot;,&quot;caption&quot;:&quot;&quot;,&quot;created_timestamp&quot;:&quot;0&quot;,&quot;copyright&quot;:&quot;&quot;,&quot;focal_length&quot;:&quot;0&quot;,&quot;iso&quot;:&quot;0&quot;,&quot;shutter_speed&quot;:&quot;0&quot;,&quot;title&quot;:&quot;&quot;,&quot;orientation&quot;:&quot;0&quot;}\" data-image-title=\"amigo\" data-image-description=\"\" data-image-caption=\"\" data-medium-file=\"https:\/\/i0.wp.com\/blogdalucianaoliveira.com.br\/blog\/wp-content\/uploads\/2016\/12\/amigo.jpg?fit=300%2C107\" data-large-file=\"https:\/\/i0.wp.com\/blogdalucianaoliveira.com.br\/blog\/wp-content\/uploads\/2016\/12\/amigo.jpg?fit=600%2C214\" src=\"https:\/\/i0.wp.com\/blogdalucianaoliveira.com.br\/blog\/wp-content\/uploads\/2016\/12\/amigo.jpg?resize=600%2C214\" alt=\"amigo\" width=\"600\" height=\"214\" class=\"alignnone size-full wp-image-6952\" srcset=\"https:\/\/i0.wp.com\/blogdalucianaoliveira.com.br\/blog\/wp-content\/uploads\/2016\/12\/amigo.jpg?w=1000 1000w, https:\/\/i0.wp.com\/blogdalucianaoliveira.com.br\/blog\/wp-content\/uploads\/2016\/12\/amigo.jpg?resize=300%2C107 300w, https:\/\/i0.wp.com\/blogdalucianaoliveira.com.br\/blog\/wp-content\/uploads\/2016\/12\/amigo.jpg?resize=768%2C274 768w, https:\/\/i0.wp.com\/blogdalucianaoliveira.com.br\/blog\/wp-content\/uploads\/2016\/12\/amigo.jpg?resize=800%2C286 800w\" sizes=\"auto, (max-width: 600px) 100vw, 600px\" \/><\/p>\n<p>247 &#8211; O assessor especial da Presid\u00eancia da Rep\u00fablica e amigo pessoal de Michel Temer, Jos\u00e9 Yunes, pediu demiss\u00e3o &#8220;em car\u00e1ter irrevog\u00e1vel&#8221;, ap\u00f3s ser acusado por um delator da Opera\u00e7\u00e3o Lava Jato de ter recebido propina da empreiteira Odebrecht. Apesar da sa\u00edda abrupta, Yunes nega a acusa\u00e7\u00e3o.<!--more--><\/p>\n<p>Yunes foi citado na dela\u00e7\u00e3o premiada do ex-vice-presidente de Rela\u00e7\u00f5es Institucionais da Odebrecht Cl\u00e1udio Melo Filho, que afirmou em seu depoimento que parte dos R$ 10 milh\u00f5es repassados ao PMDB a pedido de Michel Temer para a campanha de 2014 teria sido entregue no escrit\u00f3rio de Yunes, localizado em S\u00e3o Paulo.<\/p>\n<p>Yunes \u00e9 o s\u00e9timo membro do primeiro escal\u00e3o do governo Temer a deixar o cargo em apenas sete meses. Al\u00e9m dele, segundo diversos ve\u00edculos de imprensa, o secret\u00e1rio do Programa de Parcerias de Investimentos, Moreira Franco, que tamb\u00e9m foi citado na dela\u00e7\u00e3o feita por Melo Filho, j\u00e1 estaria com a carta de demiss\u00e3o pronta para ser entregue a Temer. Franco, por\u00e9m, emitiu uma nota negando que pretenda deixar o governo.<\/p>\n","protected":false},"excerpt":{"rendered":"<p>247 &#8211; O assessor especial da Presid\u00eancia da Rep\u00fablica e amigo pessoal de Michel Temer, Jos\u00e9 Yunes, pediu demiss\u00e3o &#8220;em car\u00e1ter irrevog\u00e1vel&#8221;, ap\u00f3s ser acusado por um delator da Opera\u00e7\u00e3o Lava Jato de ter recebido propina da empreiteira Odebrecht. Apesar da sa\u00edda abrupta, Yunes nega a acusa\u00e7\u00e3o.<\/p>\n","protected":false},"author":1,"featured_media":0,"comment_status":"closed","ping_status":"open","sticky":false,"template":"","format":"standard","meta":{"_exactmetrics_skip_tracking":false,"_exactmetrics_sitenote_active":false,"_exactmetrics_sitenote_note":"","_exactmetrics_sitenote_category":0,"jetpack_post_was_ever_published":false,"_jetpack_newsletter_access":"","_jetpack_dont_email_post_to_subs":false,"_jetpack_newsletter_tier_id":0,"_jetpack_memberships_contains_paywalled_content":false,"_jetpack_memberships_contains_paid_content":false,"footnotes":"","jetpack_publicize_message":"","jetpack_publicize_feature_enabled":true,"jetpack_social_post_already_shared":true,"jetpack_social_options":{"image_generator_settings":{"template":"highway","enabled":false},"version":2}},"categories":[1],"tags":[],"class_list":["post-6951","post","type-post","status-publish","format-standard","hentry","category-notas"],"jetpack_publicize_connections":[],"jetpack_sharing_enabled":true,"jetpack_featured_media_url":"","jetpack_shortlink":"https:\/\/wp.me\/p7wKYW-1O7","jetpack-related-posts":[],"_links":{"self":[{"href":"http:\/\/blogdalucianaoliveira.com.br\/blog\/wp-json\/wp\/v2\/posts\/6951","targetHints":{"allow":["GET"]}}],"collection":[{"href":"http:\/\/blogdalucianaoliveira.com.br\/blog\/wp-json\/wp\/v2\/posts"}],"about":[{"href":"http:\/\/blogdalucianaoliveira.com.br\/blog\/wp-json\/wp\/v2\/types\/post"}],"author":[{"embeddable":true,"href":"http:\/\/blogdalucianaoliveira.com.br\/blog\/wp-json\/wp\/v2\/users\/1"}],"replies":[{"embeddable":true,"href":"http:\/\/blogdalucianaoliveira.com.br\/blog\/wp-json\/wp\/v2\/comments?post=6951"}],"version-history":[{"count":1,"href":"http:\/\/blogdalucianaoliveira.com.br\/blog\/wp-json\/wp\/v2\/posts\/6951\/revisions"}],"predecessor-version":[{"id":6953,"href":"http:\/\/blogdalucianaoliveira.com.br\/blog\/wp-json\/wp\/v2\/posts\/6951\/revisions\/6953"}],"wp:attachment":[{"href":"http:\/\/blogdalucianaoliveira.com.br\/blog\/wp-json\/wp\/v2\/media?parent=6951"}],"wp:term":[{"taxonomy":"category","embeddable":true,"href":"http:\/\/blogdalucianaoliveira.com.br\/blog\/wp-json\/wp\/v2\/categories?post=6951"},{"taxonomy":"post_tag","embeddable":true,"href":"http:\/\/blogdalucianaoliveira.com.br\/blog\/wp-json\/wp\/v2\/tags?post=6951"}],"curies":[{"name":"wp","href":"https:\/\/api.w.org\/{rel}","templated":true}]}}