{"id":6956,"date":"2016-12-14T13:43:02","date_gmt":"2016-12-14T17:43:02","guid":{"rendered":"http:\/\/blogdalucianaoliveira.com.br\/blog\/?p=6956"},"modified":"2016-12-14T13:43:02","modified_gmt":"2016-12-14T17:43:02","slug":"judiciario-desmorona-ao-justificar-abusos","status":"publish","type":"post","link":"http:\/\/blogdalucianaoliveira.com.br\/blog\/2016\/12\/14\/judiciario-desmorona-ao-justificar-abusos\/","title":{"rendered":"Judici\u00e1rio desMOROna ao justificar abusos"},"content":{"rendered":"<p><img data-recalc-dims=\"1\" loading=\"lazy\" decoding=\"async\" data-attachment-id=\"6957\" data-permalink=\"http:\/\/blogdalucianaoliveira.com.br\/blog\/2016\/12\/14\/judiciario-desmorona-ao-justificar-abusos\/moro7\/\" data-orig-file=\"https:\/\/i0.wp.com\/blogdalucianaoliveira.com.br\/blog\/wp-content\/uploads\/2016\/12\/moro7.jpg?fit=740%2C506\" data-orig-size=\"740,506\" data-comments-opened=\"0\" data-image-meta=\"{&quot;aperture&quot;:&quot;0&quot;,&quot;credit&quot;:&quot;&quot;,&quot;camera&quot;:&quot;&quot;,&quot;caption&quot;:&quot;&quot;,&quot;created_timestamp&quot;:&quot;0&quot;,&quot;copyright&quot;:&quot;&quot;,&quot;focal_length&quot;:&quot;0&quot;,&quot;iso&quot;:&quot;0&quot;,&quot;shutter_speed&quot;:&quot;0&quot;,&quot;title&quot;:&quot;&quot;,&quot;orientation&quot;:&quot;0&quot;}\" data-image-title=\"moro7\" data-image-description=\"\" data-image-caption=\"\" data-medium-file=\"https:\/\/i0.wp.com\/blogdalucianaoliveira.com.br\/blog\/wp-content\/uploads\/2016\/12\/moro7.jpg?fit=300%2C205\" data-large-file=\"https:\/\/i0.wp.com\/blogdalucianaoliveira.com.br\/blog\/wp-content\/uploads\/2016\/12\/moro7.jpg?fit=600%2C410\" src=\"https:\/\/i0.wp.com\/blogdalucianaoliveira.com.br\/blog\/wp-content\/uploads\/2016\/12\/moro7.jpg?resize=600%2C410\" alt=\"moro7\" width=\"600\" height=\"410\" class=\"alignnone size-full wp-image-6957\" srcset=\"https:\/\/i0.wp.com\/blogdalucianaoliveira.com.br\/blog\/wp-content\/uploads\/2016\/12\/moro7.jpg?w=740 740w, https:\/\/i0.wp.com\/blogdalucianaoliveira.com.br\/blog\/wp-content\/uploads\/2016\/12\/moro7.jpg?resize=300%2C205 300w, https:\/\/i0.wp.com\/blogdalucianaoliveira.com.br\/blog\/wp-content\/uploads\/2016\/12\/moro7.jpg?resize=439%2C300 439w\" sizes=\"auto, (max-width: 600px) 100vw, 600px\" \/><\/p>\n<p>Moro perde a linha em audi\u00eancia e associa\u00e7\u00e3o de ju\u00edzes sai em seu socorro<!--more--><\/p>\n<p>Por Pedro Breier, correspondente policial do Cafezinho<\/p>\n<p>Em uma audi\u00eancia realizada na segunda-feira (12), com testemunhas no processo da Lava Jato em que Lula \u00e9 acusado de ser o propriet\u00e1rio de um apartamento no Guaruj\u00e1, a acusa\u00e7\u00e3o perguntou a uma testemunha se Marisa Let\u00edcia, esposa de Lula, foi tratada pelo grupo OAS, em uma visita ao apartamento, como \u201cuma pessoa que poderia vir a adquirir o im\u00f3vel ou como uma pessoa que j\u00e1 havia adquirido, j\u00e1 era propriet\u00e1ria do im\u00f3vel, o im\u00f3vel j\u00e1 estava destinado para ela\u201d.<\/p>\n<p>A pergunta por si s\u00f3 j\u00e1 demonstra a fragilidade da tese da acusa\u00e7\u00e3o.<\/p>\n<p>\u00c9 ris\u00edvel considerar como ind\u00edcio de propriedade de um im\u00f3vel uma testemunha dizer que Marisa \u2018estava sendo tratada como uma pessoa que j\u00e1 havia comprado o im\u00f3vel\u2019 em uma visita.<\/p>\n<p>A prova da propriedade de um im\u00f3vel \u00e9, por excel\u00eancia, a documental, e esta simplesmente n\u00e3o existe.<\/p>\n<p>Um dos advogados que fazem a defesa de Lula, Juarez Cirino, protestou contra a pergunta, afirmando que o procurador n\u00e3o estava pedindo que a testemunha descrevesse um fato, mas desse uma opini\u00e3o, o que \u00e9 proibido pelo c\u00f3digo de processo penal (art. 213).<\/p>\n<p>S\u00e9rgio Moro repetiu o comportamento de audi\u00eancias anteriores e perdeu a linha, chegando a gritar com o advogado de Lula, em um tom que lembra professor dando serm\u00e3o em aluno de col\u00e9gio:<\/p>\n<p>\u2014 Doutor, est\u00e1 sendo inconveniente. J\u00e1 foi indeferida sua quest\u00e3o. J\u00e1 est\u00e1 registrada e o senhor respeite o ju\u00edzo!<\/p>\n<p>O advogado de Lula rebateu:<\/p>\n<p>\u2014 Eu? Mas, escuta, eu n\u00e3o respeito Vossa Excel\u00eancia enquanto Vossa Excel\u00eancia n\u00e3o me respeita enquanto defensor do acusado. Vossa Excel\u00eancia tem que me respeitar como defensor do acusado, a\u00ed ent\u00e3o Vossa Excel\u00eancia ter\u00e1 o respeito que \u00e9 devido a Vossa Excel\u00eancia. Mas se Vossa Excel\u00eancia atua aqui como acusador principal, Vossa Excel\u00eancia perde todo respeito.<\/p>\n<p>Depois de tanta bajula\u00e7\u00e3o da m\u00eddia hegem\u00f4nica e seu ex\u00e9rcito de zumbis, o todo poderoso Moro definitivamente desacostumou-se a ser questionado.<\/p>\n<p>Mas o mais inacredit\u00e1vel sobre este caso foi a rea\u00e7\u00e3o do presidente da Associa\u00e7\u00e3o dos Ju\u00edzes Federais (Ajufe), Roberto Veloso. Trecho de reportagem do Globo:<\/p>\n<p>&#8220;O que aconteceu na audi\u00eancia de Curitiba faz parte da estrat\u00e9gia deliberada da defesa do ex-presidente Lula de retirar o juiz federal S\u00e9rgio Moro da condu\u00e7\u00e3o do processo da Lava-Jato&#8221; afirmou, em nota, o presidente da Ajufe.<\/p>\n<p>&#8220;Essa tentativa demonstra a aus\u00eancia de argumentos para desconstituir as provas juntadas nos autos pelo Minist\u00e9rio P\u00fablico&#8221;, completa o texto.<\/p>\n<p>A nota termina dizendo que Moro tem dado um exemplo ao Brasil.<br \/>\n\u201cPor isso, damos total apoio ao magistrado condutor da Lavajato\u201d, conclui.<\/p>\n<p>A lei org\u00e2nica da magistratura pro\u00edbe que ju\u00edzes manifestem opini\u00e3o sobre processo pendente de julgamento, mas o presidente da Ajufe simplesmente ignorou a proibi\u00e7\u00e3o para sair em defesa de Moro. \u00c9 o exemplo de Gilmar Mendes se espalhando.<\/p>\n<p>O conte\u00fado do coment\u00e1rio \u00e9 positivamente rid\u00edculo.<\/p>\n<p>Para Veloso, a \u201cestrat\u00e9gia deliberada\u201d da defesa de Lula de retirar Moro da condu\u00e7\u00e3o do processo da Lava Jato demonstra a aus\u00eancia de argumentos para desconstruir as provas juntadas nos autos pelo MP.<\/p>\n<p>Entender que o juiz \u00e9 suspeito para julgar a a\u00e7\u00e3o e requerer a sua substitui\u00e7\u00e3o no processo \u00e9 direito das partes. E sustentar a falta de isen\u00e7\u00e3o de Moro (o par\u00e7a de festas de Jo\u00e3o Doria e A\u00e9cio Neves) para julgar o principal l\u00edder do PT, convenhamos, est\u00e1 longe de ser um absurdo.<\/p>\n<p>O presidente da Ajufe ainda &#8220;julga&#8221; de forma antecipada o processo, dizendo que n\u00e3o h\u00e1 argumentos da defesa para desconstituir as provas juntadas pelo MP.<\/p>\n<p>N\u00e3o basta Moro atuar como parceiro da acusa\u00e7\u00e3o, numa total pervers\u00e3o do processo penal brasileiro: a associa\u00e7\u00e3o de ju\u00edzes federais tamb\u00e9m se coloca claramente ao lado do MP.<\/p>\n<p>Juiz, associa\u00e7\u00e3o de ju\u00edzes e m\u00eddia se juntam ao minist\u00e9rio p\u00fablico para formar, absurda e ilegalmente, um bloco que permita o massacre do direito de defesa de Lula.<\/p>\n<p>Os advogados de Lula rebateram, em nota, o presidente da Ajufe, colocando Veloso em seu devido lugar. Vale a leitura.<\/p>\n","protected":false},"excerpt":{"rendered":"<p>Moro perde a linha em audi\u00eancia e associa\u00e7\u00e3o de ju\u00edzes sai em seu socorro<\/p>\n","protected":false},"author":1,"featured_media":0,"comment_status":"closed","ping_status":"open","sticky":false,"template":"","format":"standard","meta":{"_exactmetrics_skip_tracking":false,"_exactmetrics_sitenote_active":false,"_exactmetrics_sitenote_note":"","_exactmetrics_sitenote_category":0,"jetpack_post_was_ever_published":false,"_jetpack_newsletter_access":"","_jetpack_dont_email_post_to_subs":false,"_jetpack_newsletter_tier_id":0,"_jetpack_memberships_contains_paywalled_content":false,"_jetpack_memberships_contains_paid_content":false,"footnotes":"","jetpack_publicize_message":"","jetpack_publicize_feature_enabled":true,"jetpack_social_post_already_shared":true,"jetpack_social_options":{"image_generator_settings":{"template":"highway","enabled":false},"version":2}},"categories":[1],"tags":[],"class_list":["post-6956","post","type-post","status-publish","format-standard","hentry","category-notas"],"jetpack_publicize_connections":[],"jetpack_sharing_enabled":true,"jetpack_featured_media_url":"","jetpack_shortlink":"https:\/\/wp.me\/p7wKYW-1Oc","jetpack-related-posts":[],"_links":{"self":[{"href":"http:\/\/blogdalucianaoliveira.com.br\/blog\/wp-json\/wp\/v2\/posts\/6956","targetHints":{"allow":["GET"]}}],"collection":[{"href":"http:\/\/blogdalucianaoliveira.com.br\/blog\/wp-json\/wp\/v2\/posts"}],"about":[{"href":"http:\/\/blogdalucianaoliveira.com.br\/blog\/wp-json\/wp\/v2\/types\/post"}],"author":[{"embeddable":true,"href":"http:\/\/blogdalucianaoliveira.com.br\/blog\/wp-json\/wp\/v2\/users\/1"}],"replies":[{"embeddable":true,"href":"http:\/\/blogdalucianaoliveira.com.br\/blog\/wp-json\/wp\/v2\/comments?post=6956"}],"version-history":[{"count":1,"href":"http:\/\/blogdalucianaoliveira.com.br\/blog\/wp-json\/wp\/v2\/posts\/6956\/revisions"}],"predecessor-version":[{"id":6958,"href":"http:\/\/blogdalucianaoliveira.com.br\/blog\/wp-json\/wp\/v2\/posts\/6956\/revisions\/6958"}],"wp:attachment":[{"href":"http:\/\/blogdalucianaoliveira.com.br\/blog\/wp-json\/wp\/v2\/media?parent=6956"}],"wp:term":[{"taxonomy":"category","embeddable":true,"href":"http:\/\/blogdalucianaoliveira.com.br\/blog\/wp-json\/wp\/v2\/categories?post=6956"},{"taxonomy":"post_tag","embeddable":true,"href":"http:\/\/blogdalucianaoliveira.com.br\/blog\/wp-json\/wp\/v2\/tags?post=6956"}],"curies":[{"name":"wp","href":"https:\/\/api.w.org\/{rel}","templated":true}]}}