{"id":6959,"date":"2016-12-15T10:16:43","date_gmt":"2016-12-15T14:16:43","guid":{"rendered":"http:\/\/blogdalucianaoliveira.com.br\/blog\/?p=6959"},"modified":"2016-12-15T10:25:34","modified_gmt":"2016-12-15T14:25:34","slug":"gilmar-decisao-de-fux-e-o-ai-5-do-judiciario","status":"publish","type":"post","link":"http:\/\/blogdalucianaoliveira.com.br\/blog\/2016\/12\/15\/gilmar-decisao-de-fux-e-o-ai-5-do-judiciario\/","title":{"rendered":"GILMAR: DECIS\u00c3O DE FUX \u00c9 O AI-5 DO JUDICI\u00c1RIO"},"content":{"rendered":"<p><img data-recalc-dims=\"1\" loading=\"lazy\" decoding=\"async\" data-attachment-id=\"6960\" data-permalink=\"http:\/\/blogdalucianaoliveira.com.br\/blog\/2016\/12\/15\/gilmar-decisao-de-fux-e-o-ai-5-do-judiciario\/ai\/\" data-orig-file=\"https:\/\/i0.wp.com\/blogdalucianaoliveira.com.br\/blog\/wp-content\/uploads\/2016\/12\/ai.png?fit=1000%2C357\" data-orig-size=\"1000,357\" data-comments-opened=\"0\" data-image-meta=\"{&quot;aperture&quot;:&quot;0&quot;,&quot;credit&quot;:&quot;&quot;,&quot;camera&quot;:&quot;&quot;,&quot;caption&quot;:&quot;&quot;,&quot;created_timestamp&quot;:&quot;0&quot;,&quot;copyright&quot;:&quot;&quot;,&quot;focal_length&quot;:&quot;0&quot;,&quot;iso&quot;:&quot;0&quot;,&quot;shutter_speed&quot;:&quot;0&quot;,&quot;title&quot;:&quot;&quot;,&quot;orientation&quot;:&quot;0&quot;}\" data-image-title=\"ai\" data-image-description=\"\" data-image-caption=\"\" data-medium-file=\"https:\/\/i0.wp.com\/blogdalucianaoliveira.com.br\/blog\/wp-content\/uploads\/2016\/12\/ai.png?fit=300%2C107\" data-large-file=\"https:\/\/i0.wp.com\/blogdalucianaoliveira.com.br\/blog\/wp-content\/uploads\/2016\/12\/ai.png?fit=600%2C214\" src=\"https:\/\/i0.wp.com\/blogdalucianaoliveira.com.br\/blog\/wp-content\/uploads\/2016\/12\/ai.png?resize=600%2C214\" alt=\"ai\" width=\"600\" height=\"214\" class=\"alignnone size-full wp-image-6960\" srcset=\"https:\/\/i0.wp.com\/blogdalucianaoliveira.com.br\/blog\/wp-content\/uploads\/2016\/12\/ai.png?w=1000 1000w, https:\/\/i0.wp.com\/blogdalucianaoliveira.com.br\/blog\/wp-content\/uploads\/2016\/12\/ai.png?resize=300%2C107 300w, https:\/\/i0.wp.com\/blogdalucianaoliveira.com.br\/blog\/wp-content\/uploads\/2016\/12\/ai.png?resize=768%2C274 768w, https:\/\/i0.wp.com\/blogdalucianaoliveira.com.br\/blog\/wp-content\/uploads\/2016\/12\/ai.png?resize=800%2C286 800w\" sizes=\"auto, (max-width: 600px) 100vw, 600px\" \/><\/p>\n<p>247 &#8211; O ministro do STF (Supremo Tribunal Federal) Gilmar Mendes reagiu fortemente \u00e0 decis\u00e3o do colega e ministro Luiz Fux que determinou devolu\u00e7\u00e3o do projeto anticorrup\u00e7\u00e3o \u00e0 C\u00e2mara a partir da estaca zero. Segundo ele, impor ao Congresso que aprove um texto sem fazer altera\u00e7\u00f5es \u00e9 o mesmo que fechar o Legislativo. <!--more--><\/p>\n<p>\u201c\u00c9 um AI-5 do Judici\u00e1rio\u201d, afirmou em refer\u00eancia ao Ato Institucional 5, que, em 1968, suspendeu garantias constitucionais no Pa\u00eds. Para ele, o Supremo caminha para o \u201cmundo da galhofa\u201d.<\/p>\n<p>As informa\u00e7\u00f5es s\u00e3o do Estado de S.Paulo.<\/p>\n<p>\u201cDizer que o Congresso tem que votar as propostas que foram apresentadas e s\u00f3? Ent\u00e3o \u00e9 melhor fechar o Congresso logo e entregar as chaves. (\u2026) Entrega a chave do Congresso ao (Deltan) Dallagnol (coordenador da for\u00e7a-tarefa da Lava Jato). Isso a\u00ed \u00e9 um AI-5 do Judici\u00e1rio. N\u00f3s estamos fazendo o que os militares n\u00e3o tiveram condi\u00e7\u00f5es de fazer. Eles foram mais reticentes em fechar o Congresso do que n\u00f3s\u201d, afirmou Gilmar Mendes ao Estado.<\/p>\n<p>Ele sugeriu ainda que a \u201cchave\u201d do Congresso poderia ser entregue &#8220;ao Zveiter\u201d. O desembargador Luiz Zveiter foi impedido pelo STF nesta quarta-feira, 13, de assumir a presid\u00eancia do Tribunal de Justi\u00e7a do Rio de Janeiro, ap\u00f3s a Corte considerar inconstitucional regra que permitia a reelei\u00e7\u00e3o. O ministro Luiz Fux, que concedeu a liminar sobre o pacote anticorrpu\u00e7\u00e3o, tamb\u00e9m \u00e9 do Estado do Rio de Janeiro. \u201cHoje decidimos que a elei\u00e7\u00e3o do Zveiter n\u00e3o valeu. De repente, ele \u00e9 do Rio, vocacionado para bom gestor. De repente entrega a ele (a chave do Congresso) ou \u00e0 Lava Jato, que fez a proposta\u201d, afirmou Mendes.<\/p>\n<p>O ministro foi um cr\u00edtico da decis\u00e3o de Marco Aur\u00e9lio Mello, derrubada pelo plen\u00e1rio do Supremo, que chegou a afastar, na semana passada, Renan Calheiros (PMDB-AL) da presid\u00eancia do Senado. Sobre a situa\u00e7\u00e3o da Corte, afirmou: \u201cDe repente n\u00f3s todos enlouquecemos e n\u00e3o descobrimos ainda (\u2026) Estamos (STF) caminhando rapidamente para virar uma institui\u00e7\u00e3o de galhofa\u201d.&#8221;<\/p>\n","protected":false},"excerpt":{"rendered":"<p>247 &#8211; O ministro do STF (Supremo Tribunal Federal) Gilmar Mendes reagiu fortemente \u00e0 decis\u00e3o do colega e ministro Luiz Fux que determinou devolu\u00e7\u00e3o do projeto anticorrup\u00e7\u00e3o \u00e0 C\u00e2mara a partir da estaca zero. Segundo ele, impor ao Congresso que aprove um texto sem fazer altera\u00e7\u00f5es \u00e9 o mesmo que fechar o Legislativo.<\/p>\n","protected":false},"author":1,"featured_media":6960,"comment_status":"closed","ping_status":"open","sticky":false,"template":"","format":"standard","meta":{"_exactmetrics_skip_tracking":false,"_exactmetrics_sitenote_active":false,"_exactmetrics_sitenote_note":"","_exactmetrics_sitenote_category":0,"jetpack_post_was_ever_published":false,"_jetpack_newsletter_access":"","_jetpack_dont_email_post_to_subs":false,"_jetpack_newsletter_tier_id":0,"_jetpack_memberships_contains_paywalled_content":false,"_jetpack_memberships_contains_paid_content":false,"footnotes":"","jetpack_publicize_message":"","jetpack_publicize_feature_enabled":true,"jetpack_social_post_already_shared":true,"jetpack_social_options":{"image_generator_settings":{"template":"highway","enabled":false},"version":2}},"categories":[1],"tags":[215,110,213,212,214,30],"class_list":["post-6959","post","type-post","status-publish","format-standard","has-post-thumbnail","hentry","category-notas","tag-ai-5","tag-crise","tag-dieese","tag-previdencia","tag-reforma","tag-stf"],"jetpack_publicize_connections":[],"jetpack_sharing_enabled":true,"jetpack_featured_media_url":"https:\/\/i0.wp.com\/blogdalucianaoliveira.com.br\/blog\/wp-content\/uploads\/2016\/12\/ai.png?fit=1000%2C357","jetpack_shortlink":"https:\/\/wp.me\/p7wKYW-1Of","jetpack-related-posts":[],"_links":{"self":[{"href":"http:\/\/blogdalucianaoliveira.com.br\/blog\/wp-json\/wp\/v2\/posts\/6959","targetHints":{"allow":["GET"]}}],"collection":[{"href":"http:\/\/blogdalucianaoliveira.com.br\/blog\/wp-json\/wp\/v2\/posts"}],"about":[{"href":"http:\/\/blogdalucianaoliveira.com.br\/blog\/wp-json\/wp\/v2\/types\/post"}],"author":[{"embeddable":true,"href":"http:\/\/blogdalucianaoliveira.com.br\/blog\/wp-json\/wp\/v2\/users\/1"}],"replies":[{"embeddable":true,"href":"http:\/\/blogdalucianaoliveira.com.br\/blog\/wp-json\/wp\/v2\/comments?post=6959"}],"version-history":[{"count":1,"href":"http:\/\/blogdalucianaoliveira.com.br\/blog\/wp-json\/wp\/v2\/posts\/6959\/revisions"}],"predecessor-version":[{"id":6961,"href":"http:\/\/blogdalucianaoliveira.com.br\/blog\/wp-json\/wp\/v2\/posts\/6959\/revisions\/6961"}],"wp:featuredmedia":[{"embeddable":true,"href":"http:\/\/blogdalucianaoliveira.com.br\/blog\/wp-json\/wp\/v2\/media\/6960"}],"wp:attachment":[{"href":"http:\/\/blogdalucianaoliveira.com.br\/blog\/wp-json\/wp\/v2\/media?parent=6959"}],"wp:term":[{"taxonomy":"category","embeddable":true,"href":"http:\/\/blogdalucianaoliveira.com.br\/blog\/wp-json\/wp\/v2\/categories?post=6959"},{"taxonomy":"post_tag","embeddable":true,"href":"http:\/\/blogdalucianaoliveira.com.br\/blog\/wp-json\/wp\/v2\/tags?post=6959"}],"curies":[{"name":"wp","href":"https:\/\/api.w.org\/{rel}","templated":true}]}}