{"id":6996,"date":"2016-12-16T09:14:58","date_gmt":"2016-12-16T13:14:58","guid":{"rendered":"http:\/\/blogdalucianaoliveira.com.br\/blog\/?p=6996"},"modified":"2016-12-16T09:14:58","modified_gmt":"2016-12-16T13:14:58","slug":"eles-vem-a-voces-vestidos-de-peles-de-ovelhas-mas-por-dentro-sao-lobos-devoradores-voces-os-reconhecerao-por-seus-frutos","status":"publish","type":"post","link":"http:\/\/blogdalucianaoliveira.com.br\/blog\/2016\/12\/16\/eles-vem-a-voces-vestidos-de-peles-de-ovelhas-mas-por-dentro-sao-lobos-devoradores-voces-os-reconhecerao-por-seus-frutos\/","title":{"rendered":"Eles v\u00eam a voc\u00eas vestidos de peles de ovelhas, mas por dentro s\u00e3o lobos devoradores. Voc\u00eas os reconhecer\u00e3o por seus frutos"},"content":{"rendered":"<p><img data-recalc-dims=\"1\" loading=\"lazy\" decoding=\"async\" data-attachment-id=\"6997\" data-permalink=\"http:\/\/blogdalucianaoliveira.com.br\/blog\/2016\/12\/16\/eles-vem-a-voces-vestidos-de-peles-de-ovelhas-mas-por-dentro-sao-lobos-devoradores-voces-os-reconhecerao-por-seus-frutos\/mala\/\" data-orig-file=\"https:\/\/i0.wp.com\/blogdalucianaoliveira.com.br\/blog\/wp-content\/uploads\/2016\/12\/mala.jpg?fit=1000%2C357\" data-orig-size=\"1000,357\" data-comments-opened=\"0\" data-image-meta=\"{&quot;aperture&quot;:&quot;0&quot;,&quot;credit&quot;:&quot;&quot;,&quot;camera&quot;:&quot;&quot;,&quot;caption&quot;:&quot;&quot;,&quot;created_timestamp&quot;:&quot;0&quot;,&quot;copyright&quot;:&quot;&quot;,&quot;focal_length&quot;:&quot;0&quot;,&quot;iso&quot;:&quot;0&quot;,&quot;shutter_speed&quot;:&quot;0&quot;,&quot;title&quot;:&quot;&quot;,&quot;orientation&quot;:&quot;0&quot;}\" data-image-title=\"mala\" data-image-description=\"\" data-image-caption=\"\" data-medium-file=\"https:\/\/i0.wp.com\/blogdalucianaoliveira.com.br\/blog\/wp-content\/uploads\/2016\/12\/mala.jpg?fit=300%2C107\" data-large-file=\"https:\/\/i0.wp.com\/blogdalucianaoliveira.com.br\/blog\/wp-content\/uploads\/2016\/12\/mala.jpg?fit=600%2C214\" src=\"https:\/\/i0.wp.com\/blogdalucianaoliveira.com.br\/blog\/wp-content\/uploads\/2016\/12\/mala.jpg?resize=600%2C214\" alt=\"mala\" width=\"600\" height=\"214\" class=\"alignnone size-full wp-image-6997\" srcset=\"https:\/\/i0.wp.com\/blogdalucianaoliveira.com.br\/blog\/wp-content\/uploads\/2016\/12\/mala.jpg?w=1000 1000w, https:\/\/i0.wp.com\/blogdalucianaoliveira.com.br\/blog\/wp-content\/uploads\/2016\/12\/mala.jpg?resize=300%2C107 300w, https:\/\/i0.wp.com\/blogdalucianaoliveira.com.br\/blog\/wp-content\/uploads\/2016\/12\/mala.jpg?resize=768%2C274 768w, https:\/\/i0.wp.com\/blogdalucianaoliveira.com.br\/blog\/wp-content\/uploads\/2016\/12\/mala.jpg?resize=800%2C286 800w\" sizes=\"auto, (max-width: 600px) 100vw, 600px\" \/><\/p>\n<p>MALAFAIA \u00c9 ALVO DA PF EM OPERA\u00c7\u00c3O CONTRA FRAUDES EM ROYALTIES DE MINERA\u00c7\u00c3O<!--more--><\/p>\n<p>Reuters &#8211; A Pol\u00edcia Federal deflagrou nesta sexta-feira opera\u00e7\u00e3o em 11 Estados e no Distrito Federal contra um esquema de corrup\u00e7\u00e3o em cobran\u00e7as judiciais de royalties da explora\u00e7\u00e3o mineral, que, segundo uma fonte da PF, teve a Vale entre as empresas prejudicadas.<\/p>\n<p>De acordo com a PF, o esquema envolvia a participa\u00e7\u00e3o de um diretor do Departamento Nacional de Produ\u00e7\u00e3o Mineral (DNPM)detentor de informa\u00e7\u00f5es privilegiadas a respeito de d\u00edvidas de royalties. O suspeito oferecia os servi\u00e7os de escrit\u00f3rios de advocacia e uma empresa de consultoria a munic\u00edpios com cr\u00e9ditos junto a empresas de explora\u00e7\u00e3o mineral para participa\u00e7\u00e3o na fraude.<\/p>\n<p>A Justi\u00e7a determinou bloqueio judicial de valores depositados que podem alcan\u00e7ar 70 milh\u00f5es de reais, segundo a PF.<\/p>\n<p>A chamada opera\u00e7\u00e3o Tim\u00f3teo foi iniciada em 2015, depois que a Controladoria-Geral da Uni\u00e3o (CGU) enviou \u00e0 PF uma sindic\u00e2ncia que apontava incompatibilidade na evolu\u00e7\u00e3o patrimonial de um diretor do DNPM, que pode ter recebido valores que ultrapassam 7 milh\u00f5es de reais, de acordo com a PF.<\/p>\n<p>Policiais Federais cumprem 16 mandados de pris\u00e3o e 29 condu\u00e7\u00f5es coercitivas, al\u00e9m de mandados de busca e apreens\u00e3o em 52 endere\u00e7os relacionados \u00e0 suposta organiza\u00e7\u00e3o criminosa, nos Estados de Bahia, Goi\u00e1s, Mato Grosso, Minas Gerais, Par\u00e1, Paran\u00e1, Rio de Janeiro, Rio Grande do Sul, Santa Catarina, Sergipe e Tocantins, al\u00e9m do Distrito Federal.<\/p>\n<p>Segundo a Pol\u00edcia Federal, a organiza\u00e7\u00e3o criminosa investigada se dividia em ao menos quatro grandes n\u00facleos: captador, operacional, pol\u00edtico e colaborador, este \u00faltimo com envolvimento de uma lideran\u00e7a religiosa.<\/p>\n<p>Entre um dos investigados, segundo a PF, est\u00e1 uma lideran\u00e7a religiosa que teria recebido valores do principal escrit\u00f3rio de advocacia respons\u00e1vel pelo esquema. Uma fonte da PF disse que o l\u00edder religioso em quest\u00e3o seria o pastor evang\u00e9lico Silas Malafaia, suspeito de ter usado contas correntes de uma institui\u00e7\u00e3o religiosa com a inten\u00e7\u00e3o de ocultar a origem il\u00edcita dos valores.<\/p>\n<p>O nome Tim\u00f3teo dado \u00e0 opera\u00e7\u00e3o se refere ao livro b\u00edblico de Tim\u00f3teo, segundo a PF.<\/p>\n","protected":false},"excerpt":{"rendered":"<p>MALAFAIA \u00c9 ALVO DA PF EM OPERA\u00c7\u00c3O CONTRA FRAUDES EM ROYALTIES DE MINERA\u00c7\u00c3O<\/p>\n","protected":false},"author":1,"featured_media":0,"comment_status":"closed","ping_status":"open","sticky":false,"template":"","format":"standard","meta":{"_exactmetrics_skip_tracking":false,"_exactmetrics_sitenote_active":false,"_exactmetrics_sitenote_note":"","_exactmetrics_sitenote_category":0,"jetpack_post_was_ever_published":false,"_jetpack_newsletter_access":"","_jetpack_dont_email_post_to_subs":false,"_jetpack_newsletter_tier_id":0,"_jetpack_memberships_contains_paywalled_content":false,"_jetpack_memberships_contains_paid_content":false,"footnotes":"","jetpack_publicize_message":"","jetpack_publicize_feature_enabled":true,"jetpack_social_post_already_shared":true,"jetpack_social_options":{"image_generator_settings":{"template":"highway","enabled":false},"version":2}},"categories":[1],"tags":[],"class_list":["post-6996","post","type-post","status-publish","format-standard","hentry","category-notas"],"jetpack_publicize_connections":[],"jetpack_sharing_enabled":true,"jetpack_featured_media_url":"","jetpack_shortlink":"https:\/\/wp.me\/p7wKYW-1OQ","jetpack-related-posts":[],"_links":{"self":[{"href":"http:\/\/blogdalucianaoliveira.com.br\/blog\/wp-json\/wp\/v2\/posts\/6996","targetHints":{"allow":["GET"]}}],"collection":[{"href":"http:\/\/blogdalucianaoliveira.com.br\/blog\/wp-json\/wp\/v2\/posts"}],"about":[{"href":"http:\/\/blogdalucianaoliveira.com.br\/blog\/wp-json\/wp\/v2\/types\/post"}],"author":[{"embeddable":true,"href":"http:\/\/blogdalucianaoliveira.com.br\/blog\/wp-json\/wp\/v2\/users\/1"}],"replies":[{"embeddable":true,"href":"http:\/\/blogdalucianaoliveira.com.br\/blog\/wp-json\/wp\/v2\/comments?post=6996"}],"version-history":[{"count":1,"href":"http:\/\/blogdalucianaoliveira.com.br\/blog\/wp-json\/wp\/v2\/posts\/6996\/revisions"}],"predecessor-version":[{"id":6998,"href":"http:\/\/blogdalucianaoliveira.com.br\/blog\/wp-json\/wp\/v2\/posts\/6996\/revisions\/6998"}],"wp:attachment":[{"href":"http:\/\/blogdalucianaoliveira.com.br\/blog\/wp-json\/wp\/v2\/media?parent=6996"}],"wp:term":[{"taxonomy":"category","embeddable":true,"href":"http:\/\/blogdalucianaoliveira.com.br\/blog\/wp-json\/wp\/v2\/categories?post=6996"},{"taxonomy":"post_tag","embeddable":true,"href":"http:\/\/blogdalucianaoliveira.com.br\/blog\/wp-json\/wp\/v2\/tags?post=6996"}],"curies":[{"name":"wp","href":"https:\/\/api.w.org\/{rel}","templated":true}]}}