{"id":7009,"date":"2016-12-16T09:56:45","date_gmt":"2016-12-16T13:56:45","guid":{"rendered":"http:\/\/blogdalucianaoliveira.com.br\/blog\/?p=7009"},"modified":"2016-12-16T09:56:45","modified_gmt":"2016-12-16T13:56:45","slug":"veja-por-que-a-midia-fala-bem-de-temer-apesar-de-72-da-populacao-nao-confiar-nele","status":"publish","type":"post","link":"http:\/\/blogdalucianaoliveira.com.br\/blog\/2016\/12\/16\/veja-por-que-a-midia-fala-bem-de-temer-apesar-de-72-da-populacao-nao-confiar-nele\/","title":{"rendered":"Veja por que a m\u00eddia fala bem de Temer, apesar de 72% da popula\u00e7\u00e3o n\u00e3o confiar nele"},"content":{"rendered":"<p><img data-recalc-dims=\"1\" loading=\"lazy\" decoding=\"async\" data-attachment-id=\"7010\" data-permalink=\"http:\/\/blogdalucianaoliveira.com.br\/blog\/2016\/12\/16\/veja-por-que-a-midia-fala-bem-de-temer-apesar-de-72-da-populacao-nao-confiar-nele\/cara-2\/\" data-orig-file=\"https:\/\/i0.wp.com\/blogdalucianaoliveira.com.br\/blog\/wp-content\/uploads\/2016\/12\/cara.jpg?fit=789%2C551\" data-orig-size=\"789,551\" data-comments-opened=\"0\" data-image-meta=\"{&quot;aperture&quot;:&quot;0&quot;,&quot;credit&quot;:&quot;&quot;,&quot;camera&quot;:&quot;&quot;,&quot;caption&quot;:&quot;&quot;,&quot;created_timestamp&quot;:&quot;0&quot;,&quot;copyright&quot;:&quot;&quot;,&quot;focal_length&quot;:&quot;0&quot;,&quot;iso&quot;:&quot;0&quot;,&quot;shutter_speed&quot;:&quot;0&quot;,&quot;title&quot;:&quot;&quot;,&quot;orientation&quot;:&quot;0&quot;}\" data-image-title=\"cara\" data-image-description=\"\" data-image-caption=\"\" data-medium-file=\"https:\/\/i0.wp.com\/blogdalucianaoliveira.com.br\/blog\/wp-content\/uploads\/2016\/12\/cara.jpg?fit=300%2C210\" data-large-file=\"https:\/\/i0.wp.com\/blogdalucianaoliveira.com.br\/blog\/wp-content\/uploads\/2016\/12\/cara.jpg?fit=600%2C419\" src=\"https:\/\/i0.wp.com\/blogdalucianaoliveira.com.br\/blog\/wp-content\/uploads\/2016\/12\/cara.jpg?resize=600%2C419\" alt=\"cara\" width=\"600\" height=\"419\" class=\"alignnone size-full wp-image-7010\" srcset=\"https:\/\/i0.wp.com\/blogdalucianaoliveira.com.br\/blog\/wp-content\/uploads\/2016\/12\/cara.jpg?w=789 789w, https:\/\/i0.wp.com\/blogdalucianaoliveira.com.br\/blog\/wp-content\/uploads\/2016\/12\/cara.jpg?resize=300%2C210 300w, https:\/\/i0.wp.com\/blogdalucianaoliveira.com.br\/blog\/wp-content\/uploads\/2016\/12\/cara.jpg?resize=768%2C536 768w, https:\/\/i0.wp.com\/blogdalucianaoliveira.com.br\/blog\/wp-content\/uploads\/2016\/12\/cara.jpg?resize=430%2C300 430w\" sizes=\"auto, (max-width: 600px) 100vw, 600px\" \/><\/p>\n<p>Dados atualizados! Pixulecos federais para m\u00eddia chapa-branca explodem!<!--more--><\/p>\n<p>No Cafezinho<\/p>\n<p>A vida nunca foi t\u00e3o leve e feliz para os \u00f3rg\u00e3os de m\u00eddia que apoiaram o golpe e agora o sustentam.<\/p>\n<p>Uma an\u00e1lise das verbas da Secom, do in\u00edcio do governo Temer, em maio, at\u00e9 novembro deste ano, revela que o governo Temer aumentou os gastos federais com publicidade, sem considerar as estatais, em mais de 20%.<\/p>\n<p>Os dados s\u00e3o p\u00fablicos e podem ser conferidos aqui.<\/p>\n<p>Entretanto, quando se analisa esse n\u00famero mais de perto, vemos que alguns foram especialmente sortudos.<\/p>\n<p>Dessa vez eu deixei as tvs de fora da an\u00e1lise, porque uma fonte do blog pediu para eu aguardar o recebimento de dados das estatais.<\/p>\n<p>Segundo a fonte, as pr\u00f3prias tvs est\u00e3o pedindo ao governo para receber pelas estatais,  porque os dados n\u00e3o v\u00e3o para o portal da transpar\u00eancia e assim elas n\u00e3o precisam passar pelo constrangimento de serem acusadas de vender seu apoio ao golpe em troca de dinheiro.<\/p>\n<p>O Cafezinho tentar\u00e1 obter, via ordem judicial, o total de dinheiro do contribuinte que est\u00e1 abastecendo, via estatais, as criminosas redes do golpe.<\/p>\n<p>Abaixo, voc\u00eas podem ver que a impopularidade do governo n\u00e3o se d\u00e1 por falta de investimento em propaganda.<\/p>\n<p>O volume de recursos que o governo investiu em Facebook cresceu 119%, no Twitter, 329%, de maio a novembro deste ano, na compara\u00e7\u00e3o com  o mesmo per\u00edodo do ano anterior.<\/p>\n<p>Numa mostra do que \u00e9 o governo Temer, a m\u00eddia impressa que passou a receber mais dinheiro p\u00fablico \u00e9 a revista Caras, s\u00f3cia da Abril.<\/p>\n<p>A Caras recebeu, de maio a abril, um total de R$ 1,34 milh\u00e3o, quase 10 mil% a mais que em 2015.<\/p>\n<p>A Abril viu os pixulecos federais saltarem 214% este ano, na compara\u00e7\u00e3o com o ano anterior.<\/p>\n<p>Outros aumentos importantes:<\/p>\n<p>Folha: 204%.<\/p>\n<p>Jornal O Globo (Infoglobo): 118,5%.<\/p>\n<p>Editora Globo: passou de zero em 2015 para R$ 686 mil nos \u00faltimos sete meses.<\/p>\n<p>Isto\u00e9 (Editora Tr\u00eas): 452%.<\/p>\n<p>Correio Braziliense: 350%.<\/p>\n<p>Valor: 235%.<\/p>\n<p>RBS: 59%.<\/p>\n<p>J\u00e1 a EBC, tv p\u00fablica brasileira, viu suas verbas minguarem em 67%, numa prova de que o governo trabalha, deliberadamente, para a destruir.<\/p>\n<p>O leitor precisa ficar atento para o fato de que esses dados n\u00e3o contemplam as despesas das estatais, que costumam ser bem maiores, e que eles correspondem a apenas sete meses de governo golpista.<\/p>\n<p>Outro fator que merece aten\u00e7\u00e3o do leitor \u00e9 que essas mesmas empresas de m\u00eddia tamb\u00e9m recebem milh\u00f5es de reais de governos municipais e estaduais, mas esses n\u00fameros jamais s\u00e3o informados ao p\u00fablico, nem a imprensa parece se interessar por eles.<\/p>\n","protected":false},"excerpt":{"rendered":"<p>Dados atualizados! Pixulecos federais para m\u00eddia chapa-branca explodem!<\/p>\n","protected":false},"author":1,"featured_media":0,"comment_status":"closed","ping_status":"open","sticky":false,"template":"","format":"standard","meta":{"_exactmetrics_skip_tracking":false,"_exactmetrics_sitenote_active":false,"_exactmetrics_sitenote_note":"","_exactmetrics_sitenote_category":0,"jetpack_post_was_ever_published":false,"_jetpack_newsletter_access":"","_jetpack_dont_email_post_to_subs":false,"_jetpack_newsletter_tier_id":0,"_jetpack_memberships_contains_paywalled_content":false,"_jetpack_memberships_contains_paid_content":false,"footnotes":"","jetpack_publicize_message":"","jetpack_publicize_feature_enabled":true,"jetpack_social_post_already_shared":true,"jetpack_social_options":{"image_generator_settings":{"template":"highway","enabled":false},"version":2}},"categories":[1],"tags":[],"class_list":["post-7009","post","type-post","status-publish","format-standard","hentry","category-notas"],"jetpack_publicize_connections":[],"jetpack_sharing_enabled":true,"jetpack_featured_media_url":"","jetpack_shortlink":"https:\/\/wp.me\/p7wKYW-1P3","jetpack-related-posts":[],"_links":{"self":[{"href":"http:\/\/blogdalucianaoliveira.com.br\/blog\/wp-json\/wp\/v2\/posts\/7009","targetHints":{"allow":["GET"]}}],"collection":[{"href":"http:\/\/blogdalucianaoliveira.com.br\/blog\/wp-json\/wp\/v2\/posts"}],"about":[{"href":"http:\/\/blogdalucianaoliveira.com.br\/blog\/wp-json\/wp\/v2\/types\/post"}],"author":[{"embeddable":true,"href":"http:\/\/blogdalucianaoliveira.com.br\/blog\/wp-json\/wp\/v2\/users\/1"}],"replies":[{"embeddable":true,"href":"http:\/\/blogdalucianaoliveira.com.br\/blog\/wp-json\/wp\/v2\/comments?post=7009"}],"version-history":[{"count":2,"href":"http:\/\/blogdalucianaoliveira.com.br\/blog\/wp-json\/wp\/v2\/posts\/7009\/revisions"}],"predecessor-version":[{"id":7012,"href":"http:\/\/blogdalucianaoliveira.com.br\/blog\/wp-json\/wp\/v2\/posts\/7009\/revisions\/7012"}],"wp:attachment":[{"href":"http:\/\/blogdalucianaoliveira.com.br\/blog\/wp-json\/wp\/v2\/media?parent=7009"}],"wp:term":[{"taxonomy":"category","embeddable":true,"href":"http:\/\/blogdalucianaoliveira.com.br\/blog\/wp-json\/wp\/v2\/categories?post=7009"},{"taxonomy":"post_tag","embeddable":true,"href":"http:\/\/blogdalucianaoliveira.com.br\/blog\/wp-json\/wp\/v2\/tags?post=7009"}],"curies":[{"name":"wp","href":"https:\/\/api.w.org\/{rel}","templated":true}]}}