{"id":701,"date":"2016-05-12T18:16:30","date_gmt":"2016-05-12T22:16:30","guid":{"rendered":"http:\/\/blogdalucianaoliveira.com.br\/blog\/?p=701"},"modified":"2016-05-12T18:16:30","modified_gmt":"2016-05-12T22:16:30","slug":"une-o-brasil-nao-anoitecera","status":"publish","type":"post","link":"http:\/\/blogdalucianaoliveira.com.br\/blog\/2016\/05\/12\/une-o-brasil-nao-anoitecera\/","title":{"rendered":"UNE: O BRASIL N\u00c3O ANOITECER\u00c1"},"content":{"rendered":"<p><img data-recalc-dims=\"1\" loading=\"lazy\" decoding=\"async\" data-attachment-id=\"702\" data-permalink=\"http:\/\/blogdalucianaoliveira.com.br\/blog\/2016\/05\/12\/une-o-brasil-nao-anoitecera\/image-144\/\" data-orig-file=\"https:\/\/i0.wp.com\/blogdalucianaoliveira.com.br\/blog\/wp-content\/uploads\/2016\/05\/image-1.png?fit=542%2C367\" data-orig-size=\"542,367\" data-comments-opened=\"0\" data-image-meta=\"{&quot;aperture&quot;:&quot;0&quot;,&quot;credit&quot;:&quot;&quot;,&quot;camera&quot;:&quot;&quot;,&quot;caption&quot;:&quot;&quot;,&quot;created_timestamp&quot;:&quot;0&quot;,&quot;copyright&quot;:&quot;&quot;,&quot;focal_length&quot;:&quot;0&quot;,&quot;iso&quot;:&quot;0&quot;,&quot;shutter_speed&quot;:&quot;0&quot;,&quot;title&quot;:&quot;&quot;,&quot;orientation&quot;:&quot;0&quot;}\" data-image-title=\"image\" data-image-description=\"\" data-image-caption=\"\" data-medium-file=\"https:\/\/i0.wp.com\/blogdalucianaoliveira.com.br\/blog\/wp-content\/uploads\/2016\/05\/image-1.png?fit=300%2C203\" data-large-file=\"https:\/\/i0.wp.com\/blogdalucianaoliveira.com.br\/blog\/wp-content\/uploads\/2016\/05\/image-1.png?fit=542%2C367\" src=\"https:\/\/i0.wp.com\/blogdalucianaoliveira.com.br\/blog\/wp-content\/uploads\/2016\/05\/image-1.png?resize=542%2C367\" alt=\"image\" width=\"542\" height=\"367\" class=\"alignnone size-full wp-image-702\" srcset=\"https:\/\/i0.wp.com\/blogdalucianaoliveira.com.br\/blog\/wp-content\/uploads\/2016\/05\/image-1.png?w=542 542w, https:\/\/i0.wp.com\/blogdalucianaoliveira.com.br\/blog\/wp-content\/uploads\/2016\/05\/image-1.png?resize=300%2C203 300w, https:\/\/i0.wp.com\/blogdalucianaoliveira.com.br\/blog\/wp-content\/uploads\/2016\/05\/image-1.png?resize=443%2C300 443w\" sizes=\"auto, (max-width: 542px) 100vw, 542px\" \/><\/p>\n<p>A madrugada de 11 para 12 de maio de 2016 virou com a impress\u00e3o de ter sido mais enevoada do que as outras deste outono. <!--more--><\/p>\n<p>Ao determinar o afastamento da presidenta da Rep\u00fablica legitimamente eleita Dilma Rousseff por meio do golpe de um processo apodrecido de impeachment, o Senado Federal aprofunda a ferida aberta na democracia nacional j\u00e1 no fim das elei\u00e7\u00f5es presidenciais de 2014, quando perdedores decidiram, \u00e0 for\u00e7a, sair vencedores da disputa das urnas. <\/p>\n<p>\u00c9 o movimento para remover, sob quaisquer condi\u00e7\u00f5es, um projeto popular e progressista de desenvolvimento que passou a priorizar as camadas historicamente exclu\u00eddas das pol\u00edticas p\u00fablicas nacionais.<\/p>\n<p>As sombras que come\u00e7aram a se forjar no in\u00edcio de 2015, com as primeiras manifesta\u00e7\u00f5es que trouxeram o discurso da defesa da ditadura militar, transformaram-se em uma jornada sem precedentes da intoler\u00e2ncia e do autoritarismo desde o fim do regime, em 1985. Cresceram com a progress\u00e3o de um pedido absurdo de impedimento presidencial sem os devidos crimes de responsabilidade que a lei exige. <\/p>\n<p>Atingem dimens\u00e3o preocupante neste momento em que o golpe conseguiu a retirada da presidenta por at\u00e9 180 dias e permite ao vice-presidente Michel Temer assumir sorrateiramente a cadeira presidencial como um vulto esgueirando-se para onde n\u00e3o foi convidado.<\/p>\n<p>Enganam-se, no entanto, aqueles que imaginam que os movimentos populares e democr\u00e1ticos da sociedade brasileira assistir\u00e3o com passividade ao teatro detest\u00e1vel de conspiradores e saqueadores da ordem democr\u00e1tica. A Uni\u00e3o Nacional dos Estudantes, representante dos milh\u00f5es de universit\u00e1rios e universit\u00e1rias do pa\u00eds e uma das mais antigas institui\u00e7\u00f5es da vida p\u00fablica nacional anuncia que n\u00e3o reconhecer\u00e1 o governo de Michel Temer. <\/p>\n<p>Em cumprimento estrito da Constitui\u00e7\u00e3o Federal de 1988, conquistada ap\u00f3s a morte de tantos que lutaram contra o regime de exce\u00e7\u00e3o que a precedeu, a UNE tem o dever de reportar-se como presidenta da Rep\u00fablica somente \u00e0quela que \u00e9 de fato a presidenta da Rep\u00fablica: Dilma Vana Rousseff.<\/p>\n<p>Ainda que o golpe busque repetir a hist\u00f3ria de 1964, retirando os tanques e metralhadoras de seu roteiro e incluindo togas e gravatas, n\u00e3o conseguir\u00e1 acuar a voz das ruas.<\/p>\n<p>Nos \u00faltimos meses, cresceu no pa\u00eds a articula\u00e7\u00e3o in\u00e9dita de movimentos organizados de trabalhadores, juventude, camponeses, lutadores por moradia, mulheres, negros, LGBT, coletivos de cultura e comunica\u00e7\u00e3o de todas as partes que formam a Frente Brasil Popular e a Frente Povo Sem Medo. A coaliz\u00e3o democr\u00e1tica dessas for\u00e7as engendrou a semente de um n\u00facleo poderos\u00edssimo de resist\u00eancia ao golpe, com for\u00e7a imensamente superior \u00e0 dos movimentos que tentaram resistir \u00e0 ditadura iniciada em 1964.<\/p>\n<p>N\u00e3o haver\u00e1, portanto, um minuto sequer de tr\u00e9gua concedido aos inimigos do povo. Estaremos nas ruas, nas universidades, nas redes sociais, em todos os espa\u00e7os alcan\u00e7\u00e1veis em que possamos deixar a den\u00fancia da grave les\u00e3o sofrida pelo pa\u00eds. <\/p>\n<p>Foi com esse esp\u00edrito que crescemos e nos multiplicamos nos \u00faltimos anos, com manifesta\u00e7\u00f5es que ultrapassaram a marca dos milh\u00f5es de brasileiros, com atos p\u00fablicos de norte a sul, acampamentos de resist\u00eancia, ocupa\u00e7\u00f5es, comit\u00eas universit\u00e1rios, atividades culturais, a\u00e7\u00f5es estrat\u00e9gicas de comunica\u00e7\u00e3o e a gesta\u00e7\u00e3o espont\u00e2nea de milhares de n\u00facleos de defesa da democracia, a maior parte formada pela juventude.<\/p>\n<p>N\u00e3o pensem os golpistas que o Pal\u00e1cio do Planalto os pertence. A UNE, que teve muitos de seus militantes torturados e mortos na luta democr\u00e1tica desta na\u00e7\u00e3o, n\u00e3o concede a Michel Temer, Eduardo Cunha, A\u00e9cio Neves e outros trapaceiros o direito de rasgar a carta magna das leis nacionais sobre seus corpos. <\/p>\n<p>N\u00e3o passar\u00e3o. Podem tentar fingir, para o conjunto da sociedade, que est\u00e3o do lado certo, mas ter\u00e3o que disputar essa vers\u00e3o com a nossa milit\u00e2ncia na pra\u00e7a p\u00fablica. <\/p>\n<p>N\u00e3o tememos, tampouco, que neste processo tentem nos prender ou nos matar, pois, como o diz o ditado, se o fizerem, voltaremos em milh\u00f5es. Somos hoje jovens de todas as origens, estudantes filhos das fam\u00edlias ricas ou da periferia que chegaram \u00e0 universidade por meio do avan\u00e7o dos programas sociais, do Prouni e do Fies, da reserva de vagas, da expans\u00e3o do ensino superior. Representamos a transforma\u00e7\u00e3o de um pa\u00eds que n\u00e3o aceitar\u00e1 retrocessos.<\/p>\n<p>A noite de 11 para 12 de maio n\u00e3o ser\u00e1 como a de primeiro de abril de 1964. N\u00e3o deixaremos o Brasil submergir frente a sua pr\u00f3pria soberania. N\u00e3o estaremos im\u00f3veis, n\u00e3o nos calaremos, reuniremos a for\u00e7a, a motiva\u00e7\u00e3o, a sensibilidade, a determina\u00e7\u00e3o e a criatividade que foram capazes de nos fazer vencer em momentos bem mais dram\u00e1ticos do que este na hist\u00f3ria brasileira. Preparem-se golpistas. Aqui est\u00e1 presente o movimento estudantil. O Brasil n\u00e3o anoitecer\u00e1 mais uma vez.<\/p>\n<p>Uni\u00e3o Nacional dos Estudantes<br \/>\n12 de maio de 2016<\/p>\n","protected":false},"excerpt":{"rendered":"<p>A madrugada de 11 para 12 de maio de 2016 virou com a impress\u00e3o de ter sido mais enevoada do que as outras deste outono.<\/p>\n","protected":false},"author":1,"featured_media":0,"comment_status":"closed","ping_status":"open","sticky":false,"template":"","format":"standard","meta":{"_exactmetrics_skip_tracking":false,"_exactmetrics_sitenote_active":false,"_exactmetrics_sitenote_note":"","_exactmetrics_sitenote_category":0,"jetpack_post_was_ever_published":false,"_jetpack_newsletter_access":"","_jetpack_dont_email_post_to_subs":false,"_jetpack_newsletter_tier_id":0,"_jetpack_memberships_contains_paywalled_content":false,"_jetpack_memberships_contains_paid_content":false,"footnotes":"","jetpack_publicize_message":"","jetpack_publicize_feature_enabled":true,"jetpack_social_post_already_shared":true,"jetpack_social_options":{"image_generator_settings":{"template":"highway","enabled":false},"version":2}},"categories":[1],"tags":[],"class_list":["post-701","post","type-post","status-publish","format-standard","hentry","category-notas"],"jetpack_publicize_connections":[],"jetpack_sharing_enabled":true,"jetpack_featured_media_url":"","jetpack_shortlink":"https:\/\/wp.me\/p7wKYW-bj","jetpack-related-posts":[],"_links":{"self":[{"href":"http:\/\/blogdalucianaoliveira.com.br\/blog\/wp-json\/wp\/v2\/posts\/701","targetHints":{"allow":["GET"]}}],"collection":[{"href":"http:\/\/blogdalucianaoliveira.com.br\/blog\/wp-json\/wp\/v2\/posts"}],"about":[{"href":"http:\/\/blogdalucianaoliveira.com.br\/blog\/wp-json\/wp\/v2\/types\/post"}],"author":[{"embeddable":true,"href":"http:\/\/blogdalucianaoliveira.com.br\/blog\/wp-json\/wp\/v2\/users\/1"}],"replies":[{"embeddable":true,"href":"http:\/\/blogdalucianaoliveira.com.br\/blog\/wp-json\/wp\/v2\/comments?post=701"}],"version-history":[{"count":1,"href":"http:\/\/blogdalucianaoliveira.com.br\/blog\/wp-json\/wp\/v2\/posts\/701\/revisions"}],"predecessor-version":[{"id":703,"href":"http:\/\/blogdalucianaoliveira.com.br\/blog\/wp-json\/wp\/v2\/posts\/701\/revisions\/703"}],"wp:attachment":[{"href":"http:\/\/blogdalucianaoliveira.com.br\/blog\/wp-json\/wp\/v2\/media?parent=701"}],"wp:term":[{"taxonomy":"category","embeddable":true,"href":"http:\/\/blogdalucianaoliveira.com.br\/blog\/wp-json\/wp\/v2\/categories?post=701"},{"taxonomy":"post_tag","embeddable":true,"href":"http:\/\/blogdalucianaoliveira.com.br\/blog\/wp-json\/wp\/v2\/tags?post=701"}],"curies":[{"name":"wp","href":"https:\/\/api.w.org\/{rel}","templated":true}]}}