{"id":7013,"date":"2016-12-16T11:05:20","date_gmt":"2016-12-16T15:05:20","guid":{"rendered":"http:\/\/blogdalucianaoliveira.com.br\/blog\/?p=7013"},"modified":"2016-12-16T11:05:20","modified_gmt":"2016-12-16T15:05:20","slug":"pode-rir-e-um-castigo-divino","status":"publish","type":"post","link":"http:\/\/blogdalucianaoliveira.com.br\/blog\/2016\/12\/16\/pode-rir-e-um-castigo-divino\/","title":{"rendered":"Pode rir. \u00c9 um castigo divino!"},"content":{"rendered":"<p>MALAFAIA, QUE DEFENDEU COERCITIVA CONTRA LULA, CRITICA A SUA<\/p>\n<p><img data-recalc-dims=\"1\" loading=\"lazy\" decoding=\"async\" data-attachment-id=\"7014\" data-permalink=\"http:\/\/blogdalucianaoliveira.com.br\/blog\/2016\/12\/16\/pode-rir-e-um-castigo-divino\/kkk\/\" data-orig-file=\"https:\/\/i0.wp.com\/blogdalucianaoliveira.com.br\/blog\/wp-content\/uploads\/2016\/12\/kkk.jpg?fit=1000%2C357\" data-orig-size=\"1000,357\" data-comments-opened=\"0\" data-image-meta=\"{&quot;aperture&quot;:&quot;0&quot;,&quot;credit&quot;:&quot;&quot;,&quot;camera&quot;:&quot;&quot;,&quot;caption&quot;:&quot;&quot;,&quot;created_timestamp&quot;:&quot;0&quot;,&quot;copyright&quot;:&quot;&quot;,&quot;focal_length&quot;:&quot;0&quot;,&quot;iso&quot;:&quot;0&quot;,&quot;shutter_speed&quot;:&quot;0&quot;,&quot;title&quot;:&quot;&quot;,&quot;orientation&quot;:&quot;0&quot;}\" data-image-title=\"kkk\" data-image-description=\"\" data-image-caption=\"\" data-medium-file=\"https:\/\/i0.wp.com\/blogdalucianaoliveira.com.br\/blog\/wp-content\/uploads\/2016\/12\/kkk.jpg?fit=300%2C107\" data-large-file=\"https:\/\/i0.wp.com\/blogdalucianaoliveira.com.br\/blog\/wp-content\/uploads\/2016\/12\/kkk.jpg?fit=600%2C214\" src=\"https:\/\/i0.wp.com\/blogdalucianaoliveira.com.br\/blog\/wp-content\/uploads\/2016\/12\/kkk.jpg?resize=600%2C214\" alt=\"kkk\" width=\"600\" height=\"214\" class=\"alignnone size-full wp-image-7014\" srcset=\"https:\/\/i0.wp.com\/blogdalucianaoliveira.com.br\/blog\/wp-content\/uploads\/2016\/12\/kkk.jpg?w=1000 1000w, https:\/\/i0.wp.com\/blogdalucianaoliveira.com.br\/blog\/wp-content\/uploads\/2016\/12\/kkk.jpg?resize=300%2C107 300w, https:\/\/i0.wp.com\/blogdalucianaoliveira.com.br\/blog\/wp-content\/uploads\/2016\/12\/kkk.jpg?resize=768%2C274 768w, https:\/\/i0.wp.com\/blogdalucianaoliveira.com.br\/blog\/wp-content\/uploads\/2016\/12\/kkk.jpg?resize=800%2C286 800w\" sizes=\"auto, (max-width: 600px) 100vw, 600px\" \/><\/p>\n<p>247 &#8211; A mudan\u00e7a de opini\u00e3o do pastor Silas Malafaia em rela\u00e7\u00e3o ao mandado de condu\u00e7\u00e3o coercitiva tem enlouquecido a internet na manh\u00e3 desta sexta-feira 16. Os termos &#8220;Silas Malafaia&#8221; e &#8220;condu\u00e7\u00e3o coercitiva&#8221; j\u00e1 viraram assuntos mais comentados no Twitter hoje.<!--more--><\/p>\n<p>Alvo da Opera\u00e7\u00e3o Tim\u00f3teo, que investiga fraudes em royalties de minera\u00e7\u00e3o, e tem o l\u00edder evang\u00e9lico como suspeito de ter &#8220;emprestado&#8221; contas da igreja para receber dinheiro do esquema, Malafaia foi levado for\u00e7adamente para depor e soltou o verbo em sua conta no Twitter.<\/p>\n<p>&#8220;\u00c9 a tentativa para me desmoralizar na opini\u00e3o p\u00fablica. N\u00e3o poderia ter sido convidado para depor? Vergonhoso&#8221;, criticou. Em mar\u00e7o desse ano, essa foi sua cr\u00edtica \u00e0 condu\u00e7\u00e3o coercitiva cumprida contra o ex-presidente Lula: &#8220;S\u00f3 para lembrar: o juiz S\u00e9rgio Moro n\u00e3o cometeu nenhuma ilegalidade ao convocar, coercitivamente, Lula para depor. S\u00f3 fal\u00e1cia de petistas&#8221;.<\/p>\n<p>&#8220;Na vis\u00e3o do pastor Malafaia quem \u00e9 levado pela PF para depor \u00e9 automaticamente bandido. Hoje foi a vez dele de prestar esclarecimentos&#8221;, comentou o jornalista George Marques.<\/p>\n<p>J\u00e1 o senador Roberto Requi\u00e3o (PMDB-PR) criticou a medida: &#8220;N\u00e3o sou ovelha do Malafaia, mas n\u00e3o vou saudar tolamente condu\u00e7\u00e3o coercitiva a margem da lei. Processar Malafaia \u00e9 leg\u00edtimo. Condu\u00e7\u00e3o coercitiva sem intima\u00e7\u00e3o recusada \u00e9 abuso de poder. Oh t\u00eampora Oh mores!&#8221;, postou.<\/p>\n","protected":false},"excerpt":{"rendered":"<p>MALAFAIA, QUE DEFENDEU COERCITIVA CONTRA LULA, CRITICA A SUA 247 &#8211; A mudan\u00e7a de opini\u00e3o do pastor Silas Malafaia em rela\u00e7\u00e3o ao mandado de condu\u00e7\u00e3o coercitiva tem enlouquecido a internet na manh\u00e3 desta sexta-feira 16. Os termos &#8220;Silas Malafaia&#8221; e &#8220;condu\u00e7\u00e3o coercitiva&#8221; j\u00e1 viraram assuntos mais comentados no Twitter hoje.<\/p>\n","protected":false},"author":1,"featured_media":0,"comment_status":"closed","ping_status":"open","sticky":false,"template":"","format":"standard","meta":{"_exactmetrics_skip_tracking":false,"_exactmetrics_sitenote_active":false,"_exactmetrics_sitenote_note":"","_exactmetrics_sitenote_category":0,"jetpack_post_was_ever_published":false,"_jetpack_newsletter_access":"","_jetpack_dont_email_post_to_subs":false,"_jetpack_newsletter_tier_id":0,"_jetpack_memberships_contains_paywalled_content":false,"_jetpack_memberships_contains_paid_content":false,"footnotes":"","jetpack_publicize_message":"","jetpack_publicize_feature_enabled":true,"jetpack_social_post_already_shared":true,"jetpack_social_options":{"image_generator_settings":{"template":"highway","enabled":false},"version":2}},"categories":[1],"tags":[222,223,221],"class_list":["post-7013","post","type-post","status-publish","format-standard","hentry","category-notas","tag-coercitiva","tag-fraude","tag-malafaia"],"jetpack_publicize_connections":[],"jetpack_sharing_enabled":true,"jetpack_featured_media_url":"","jetpack_shortlink":"https:\/\/wp.me\/p7wKYW-1P7","jetpack-related-posts":[],"_links":{"self":[{"href":"http:\/\/blogdalucianaoliveira.com.br\/blog\/wp-json\/wp\/v2\/posts\/7013","targetHints":{"allow":["GET"]}}],"collection":[{"href":"http:\/\/blogdalucianaoliveira.com.br\/blog\/wp-json\/wp\/v2\/posts"}],"about":[{"href":"http:\/\/blogdalucianaoliveira.com.br\/blog\/wp-json\/wp\/v2\/types\/post"}],"author":[{"embeddable":true,"href":"http:\/\/blogdalucianaoliveira.com.br\/blog\/wp-json\/wp\/v2\/users\/1"}],"replies":[{"embeddable":true,"href":"http:\/\/blogdalucianaoliveira.com.br\/blog\/wp-json\/wp\/v2\/comments?post=7013"}],"version-history":[{"count":1,"href":"http:\/\/blogdalucianaoliveira.com.br\/blog\/wp-json\/wp\/v2\/posts\/7013\/revisions"}],"predecessor-version":[{"id":7015,"href":"http:\/\/blogdalucianaoliveira.com.br\/blog\/wp-json\/wp\/v2\/posts\/7013\/revisions\/7015"}],"wp:attachment":[{"href":"http:\/\/blogdalucianaoliveira.com.br\/blog\/wp-json\/wp\/v2\/media?parent=7013"}],"wp:term":[{"taxonomy":"category","embeddable":true,"href":"http:\/\/blogdalucianaoliveira.com.br\/blog\/wp-json\/wp\/v2\/categories?post=7013"},{"taxonomy":"post_tag","embeddable":true,"href":"http:\/\/blogdalucianaoliveira.com.br\/blog\/wp-json\/wp\/v2\/tags?post=7013"}],"curies":[{"name":"wp","href":"https:\/\/api.w.org\/{rel}","templated":true}]}}