{"id":7034,"date":"2016-12-16T17:51:03","date_gmt":"2016-12-16T21:51:03","guid":{"rendered":"http:\/\/blogdalucianaoliveira.com.br\/blog\/?p=7034"},"modified":"2016-12-16T17:51:03","modified_gmt":"2016-12-16T21:51:03","slug":"prefeita-eleita-de-vilhena-tenta-mudar-ficha-limpa-na-camara-para-nomear-marido-como-secretario","status":"publish","type":"post","link":"http:\/\/blogdalucianaoliveira.com.br\/blog\/2016\/12\/16\/prefeita-eleita-de-vilhena-tenta-mudar-ficha-limpa-na-camara-para-nomear-marido-como-secretario\/","title":{"rendered":"Prefeita eleita de Vilhena tenta mudar \u201cFicha Limpa\u201d na C\u00e2mara para nomear marido como secret\u00e1rio"},"content":{"rendered":"<p><img data-recalc-dims=\"1\" loading=\"lazy\" decoding=\"async\" data-attachment-id=\"7035\" data-permalink=\"http:\/\/blogdalucianaoliveira.com.br\/blog\/2016\/12\/16\/prefeita-eleita-de-vilhena-tenta-mudar-ficha-limpa-na-camara-para-nomear-marido-como-secretario\/img_9428\/\" data-orig-file=\"https:\/\/i0.wp.com\/blogdalucianaoliveira.com.br\/blog\/wp-content\/uploads\/2016\/12\/IMG_9428.jpg?fit=400%2C350\" data-orig-size=\"400,350\" data-comments-opened=\"0\" data-image-meta=\"{&quot;aperture&quot;:&quot;0&quot;,&quot;credit&quot;:&quot;&quot;,&quot;camera&quot;:&quot;&quot;,&quot;caption&quot;:&quot;&quot;,&quot;created_timestamp&quot;:&quot;0&quot;,&quot;copyright&quot;:&quot;&quot;,&quot;focal_length&quot;:&quot;0&quot;,&quot;iso&quot;:&quot;0&quot;,&quot;shutter_speed&quot;:&quot;0&quot;,&quot;title&quot;:&quot;&quot;,&quot;orientation&quot;:&quot;0&quot;}\" data-image-title=\"img_9428\" data-image-description=\"\" data-image-caption=\"\" data-medium-file=\"https:\/\/i0.wp.com\/blogdalucianaoliveira.com.br\/blog\/wp-content\/uploads\/2016\/12\/IMG_9428.jpg?fit=300%2C263\" data-large-file=\"https:\/\/i0.wp.com\/blogdalucianaoliveira.com.br\/blog\/wp-content\/uploads\/2016\/12\/IMG_9428.jpg?fit=400%2C350\" src=\"https:\/\/i0.wp.com\/blogdalucianaoliveira.com.br\/blog\/wp-content\/uploads\/2016\/12\/IMG_9428.jpg?resize=400%2C350\" alt=\"img_9428\" width=\"400\" height=\"350\" class=\"alignnone size-full wp-image-7035\" srcset=\"https:\/\/i0.wp.com\/blogdalucianaoliveira.com.br\/blog\/wp-content\/uploads\/2016\/12\/IMG_9428.jpg?w=400 400w, https:\/\/i0.wp.com\/blogdalucianaoliveira.com.br\/blog\/wp-content\/uploads\/2016\/12\/IMG_9428.jpg?resize=300%2C263 300w, https:\/\/i0.wp.com\/blogdalucianaoliveira.com.br\/blog\/wp-content\/uploads\/2016\/12\/IMG_9428.jpg?resize=343%2C300 343w\" sizes=\"auto, (max-width: 400px) 100vw, 400px\" \/><\/p>\n<p>Rosani teria explicado a vereadoras import\u00e2ncia de Melki em sua gest\u00e3o<!--more--><\/p>\n<p>Do Folha do Sul<\/p>\n<p>Candidato a vereador contra a prefeita eleita de Vilhena, Rosani Donadon (PMDB), o pastor Francys Godoy (PR), apresentou, esta semana, na C\u00e2mara de Vereadores, uma proposta que beneficia diretamente o marido da mandat\u00e1ria, o ex-prefeito Melki Donadon.<\/p>\n<p>Godoy, que assumiu como um dos sete suplentes convocados ap\u00f3s a pris\u00e3o dos vereadores titulares, quer alterar a \u201cFicha Limpa Municipal\u201d, e assinou um projeto de lei junto com outros quatro colegas para sacramentar a altera\u00e7\u00e3o: Ernando Lucena (PTB), Vera da Farm\u00e1cia (PMDB), \u00c9dio do Terra\u00e7us (PP) e Leninha do Povo (PTB).<\/p>\n<p>A mudan\u00e7a proposta na lei atual, criada por J\u00fanior Donadon (PSD) em 2013, \u00e9 t\u00e3o sutil que poderia at\u00e9 passar despercebida: ela estabelece um novo crit\u00e9rio para que pessoas condenadas por decis\u00f5es colegiadas da justi\u00e7a (caso de Melki), assumam cargos na administra\u00e7\u00e3o municipal.<\/p>\n<p>Pela proposta do quinteto, caso o condenado possa substituir a pena recebida por outro tipo de condena\u00e7\u00e3o (pagamento de multa ou servi\u00e7os comunit\u00e1rios, por exemplo), ele fica apto a assumir a fun\u00e7\u00e3o p\u00fablica. A norma em vigor n\u00e3o abre qualquer tipo de exce\u00e7\u00e3o, pois segue \u00e0 risca a \u201cFicha Limpa\u201d nacional, que barra as nomea\u00e7\u00f5es por condena\u00e7\u00f5es em segunda inst\u00e2ncia e estabelece os tipos espec\u00edficos de crimes abrangidos pela norma.<\/p>\n<p>De acordo com informa\u00e7\u00f5es obtidas pelo site, para articular a aprova\u00e7\u00e3o da mat\u00e9ria, Melki teria procurado, junto com a esposa, a vereadora Valdete Savaris (PPS) na casa da parlamentar. Na C\u00e2mara, no entanto, Rosani foi sozinha, e explicou \u00e0 pr\u00f3pria Valdete e \u00e0 presidente da Casa, Maria Jos\u00e9 da Farm\u00e1cia (PSDB), o motivo de trabalhar pela mudan\u00e7a na lei.<\/p>\n<p>Rosani teria argumentado que Melki precisaria acompanh\u00e1-la nas viagens e que sua experi\u00eancia pol\u00edtica \u00e9 fundamental na pr\u00f3xima gest\u00e3o. O ex-prefeito teria revelado o interesse de ocupar a Secretaria Municipal de Coordena\u00e7\u00e3o Governamental, exercendo uma fun\u00e7\u00e3o parecida com a de um primeiro-ministro.<\/p>\n<p>Na gest\u00e3o do primo, Marlon Donadon, a quem elegeu prefeito com seu prest\u00edgio, em 2004, Donadon ocupou o mesmo posto, mas acabou sendo exonerado a pedido do Minist\u00e9rio P\u00fablico, sob acusa\u00e7\u00e3o de \u201cusurpa\u00e7\u00e3o de poder\u201d.<\/p>\n<p>QUANDO VOTA?<br \/>\nO projeto apresentado supostamente a pedido do primeiro casal ser\u00e1 lido na segunda-feira, 19, quando a C\u00e2mara de Vilhena realiza tr\u00eas sess\u00f5es extraordin\u00e1rias, para discutir o or\u00e7amento de 2017. Depois, a mat\u00e9ria segue para an\u00e1lise nas comiss\u00f5es e, s\u00f3 ent\u00e3o, caso n\u00e3o haja empecilhos legais, entra na pauta de vota\u00e7\u00f5es.<\/p>\n<p>RECOMPENSA<br \/>\nNos bastidores da pol\u00edtica vilhenense, correm insinua\u00e7\u00f5es de que os vereadores que assinaram o projeto de lei teriam recebido a promessa de que ganhariam cargos na gest\u00e3o de Rosani, que se prepara para tomar posse no pr\u00f3ximo dia 1\u00ba de janeiro. Esta FOLHA se coloca \u00e0 disposi\u00e7\u00e3o de todos eles para eventuais esclarecimentos.<\/p>\n<p>OUTRO LADO<br \/>\nRecentemente, o l\u00edder petebista se aborreceu com o FOLHA DO SUL ON LINE, acusando o site de tentar prejudic\u00e1-lo. O ve\u00edculo, no entanto, se disp\u00f5e a ouvir Melki sobre as a\u00e7\u00f5es atribu\u00eddas a ele neste caso, e abrir\u00e1 o mesmo espa\u00e7o para que o l\u00edder petebista possa falar sobre o epis\u00f3dio, pessoalmente ou atrav\u00e9s de sua assessoria. <\/p>\n","protected":false},"excerpt":{"rendered":"<p>Rosani teria explicado a vereadoras import\u00e2ncia de Melki em sua gest\u00e3o<\/p>\n","protected":false},"author":1,"featured_media":0,"comment_status":"closed","ping_status":"open","sticky":false,"template":"","format":"standard","meta":{"_exactmetrics_skip_tracking":false,"_exactmetrics_sitenote_active":false,"_exactmetrics_sitenote_note":"","_exactmetrics_sitenote_category":0,"jetpack_post_was_ever_published":false,"_jetpack_newsletter_access":"","_jetpack_dont_email_post_to_subs":false,"_jetpack_newsletter_tier_id":0,"_jetpack_memberships_contains_paywalled_content":false,"_jetpack_memberships_contains_paid_content":false,"footnotes":"","jetpack_publicize_message":"","jetpack_publicize_feature_enabled":true,"jetpack_social_post_already_shared":true,"jetpack_social_options":{"image_generator_settings":{"template":"highway","enabled":false},"version":2}},"categories":[1],"tags":[],"class_list":["post-7034","post","type-post","status-publish","format-standard","hentry","category-notas"],"jetpack_publicize_connections":[],"jetpack_sharing_enabled":true,"jetpack_featured_media_url":"","jetpack_shortlink":"https:\/\/wp.me\/p7wKYW-1Ps","jetpack-related-posts":[],"_links":{"self":[{"href":"http:\/\/blogdalucianaoliveira.com.br\/blog\/wp-json\/wp\/v2\/posts\/7034","targetHints":{"allow":["GET"]}}],"collection":[{"href":"http:\/\/blogdalucianaoliveira.com.br\/blog\/wp-json\/wp\/v2\/posts"}],"about":[{"href":"http:\/\/blogdalucianaoliveira.com.br\/blog\/wp-json\/wp\/v2\/types\/post"}],"author":[{"embeddable":true,"href":"http:\/\/blogdalucianaoliveira.com.br\/blog\/wp-json\/wp\/v2\/users\/1"}],"replies":[{"embeddable":true,"href":"http:\/\/blogdalucianaoliveira.com.br\/blog\/wp-json\/wp\/v2\/comments?post=7034"}],"version-history":[{"count":1,"href":"http:\/\/blogdalucianaoliveira.com.br\/blog\/wp-json\/wp\/v2\/posts\/7034\/revisions"}],"predecessor-version":[{"id":7036,"href":"http:\/\/blogdalucianaoliveira.com.br\/blog\/wp-json\/wp\/v2\/posts\/7034\/revisions\/7036"}],"wp:attachment":[{"href":"http:\/\/blogdalucianaoliveira.com.br\/blog\/wp-json\/wp\/v2\/media?parent=7034"}],"wp:term":[{"taxonomy":"category","embeddable":true,"href":"http:\/\/blogdalucianaoliveira.com.br\/blog\/wp-json\/wp\/v2\/categories?post=7034"},{"taxonomy":"post_tag","embeddable":true,"href":"http:\/\/blogdalucianaoliveira.com.br\/blog\/wp-json\/wp\/v2\/tags?post=7034"}],"curies":[{"name":"wp","href":"https:\/\/api.w.org\/{rel}","templated":true}]}}