{"id":7037,"date":"2016-12-16T17:56:38","date_gmt":"2016-12-16T21:56:38","guid":{"rendered":"http:\/\/blogdalucianaoliveira.com.br\/blog\/?p=7037"},"modified":"2016-12-16T18:00:30","modified_gmt":"2016-12-16T22:00:30","slug":"estamos-todos-lascados-mas-uns-nao-tem-vergonha","status":"publish","type":"post","link":"http:\/\/blogdalucianaoliveira.com.br\/blog\/2016\/12\/16\/estamos-todos-lascados-mas-uns-nao-tem-vergonha\/","title":{"rendered":"Estamos todos lascados, mas uns n\u00e3o t\u00eam vergonha"},"content":{"rendered":"<p><img data-recalc-dims=\"1\" loading=\"lazy\" decoding=\"async\" data-attachment-id=\"7038\" data-permalink=\"http:\/\/blogdalucianaoliveira.com.br\/blog\/2016\/12\/16\/estamos-todos-lascados-mas-uns-nao-tem-vergonha\/img_9429\/\" data-orig-file=\"https:\/\/i0.wp.com\/blogdalucianaoliveira.com.br\/blog\/wp-content\/uploads\/2016\/12\/IMG_9429.png?fit=300%2C300\" data-orig-size=\"300,300\" data-comments-opened=\"0\" data-image-meta=\"{&quot;aperture&quot;:&quot;0&quot;,&quot;credit&quot;:&quot;&quot;,&quot;camera&quot;:&quot;&quot;,&quot;caption&quot;:&quot;&quot;,&quot;created_timestamp&quot;:&quot;0&quot;,&quot;copyright&quot;:&quot;&quot;,&quot;focal_length&quot;:&quot;0&quot;,&quot;iso&quot;:&quot;0&quot;,&quot;shutter_speed&quot;:&quot;0&quot;,&quot;title&quot;:&quot;&quot;,&quot;orientation&quot;:&quot;0&quot;}\" data-image-title=\"img_9429\" data-image-description=\"\" data-image-caption=\"\" data-medium-file=\"https:\/\/i0.wp.com\/blogdalucianaoliveira.com.br\/blog\/wp-content\/uploads\/2016\/12\/IMG_9429.png?fit=300%2C300\" data-large-file=\"https:\/\/i0.wp.com\/blogdalucianaoliveira.com.br\/blog\/wp-content\/uploads\/2016\/12\/IMG_9429.png?fit=300%2C300\" src=\"https:\/\/i0.wp.com\/blogdalucianaoliveira.com.br\/blog\/wp-content\/uploads\/2016\/12\/IMG_9429.png?resize=300%2C300\" alt=\"img_9429\" width=\"300\" height=\"300\" class=\"alignnone size-full wp-image-7038\" srcset=\"https:\/\/i0.wp.com\/blogdalucianaoliveira.com.br\/blog\/wp-content\/uploads\/2016\/12\/IMG_9429.png?w=300 300w, https:\/\/i0.wp.com\/blogdalucianaoliveira.com.br\/blog\/wp-content\/uploads\/2016\/12\/IMG_9429.png?resize=150%2C150 150w\" sizes=\"auto, (max-width: 300px) 100vw, 300px\" \/><br \/>\nAo que parece, vem a\u00ed uma elei\u00e7\u00e3o indireta para presidente paga por voc\u00ea<!--more--><\/p>\n<p>Por Vladimir Safatle <\/p>\n<p>A democracia \u00e9 um regime muito interessante. Nela, o Congresso Nacional \u00e9 a representa\u00e7\u00e3o dos interesses do povo. Povo este que, afinal, como costuma se dizer, \u00e9 a fonte do poder, escolhendo em plena liberdade seus representantes.<\/p>\n<p>Mas h\u00e1 estes momentos m\u00e1gicos nos quais os representantes decidem contra os interesses e escolhas dos representados. Algu\u00e9m poderia dizer que essa \u00e9 prova cabal de como o sistema \u00e9 farsesco, de como a representa\u00e7\u00e3o \u00e9 distorcida, de que o melhor seria dar ao povo a possibilidade de decidir diretamente sobre quest\u00f5es que tocam, de forma absoluta, seu destino. Mas n\u00e3o. Dizer isso seria &#8220;populismo&#8221;, seria entregar \u00e0s flutua\u00e7\u00f5es dos humores populares decis\u00f5es que exigem &#8220;grande conhecimento t\u00e9cnico&#8221; e frieza anal\u00edtica.<\/p>\n<p>Coisa para especialistas, n\u00e3o para o populacho. Bem, \u00e9 essa tecnocracia de combate que se chama hoje de &#8220;democracia&#8221;.<br \/>\nVejam que coisa interessante ocorreu nesta semana. O Senado se reuniu para se autoimplodir e, juntamente com sua imola\u00e7\u00e3o, implodir o resto de garantias sociais que havia no Brasil. A partir de agora, o Congresso n\u00e3o pode, de fato, discutir or\u00e7amento por 20 anos, j\u00e1 que ter\u00e1 que respeitar um teto constru\u00eddo a partir dos gastos atuais.<\/p>\n<p>Gastos completamente inadequados, respons\u00e1veis pela situa\u00e7\u00e3o falimentar de nossos hospitais e pelas dificuldades de nossas universidades. Como muitos j\u00e1 lembraram, o pagamento de juros e servi\u00e7os da d\u00edvida p\u00fablica, a verdadeira fonte dos gastos do Estado, ficou fora do teto, pode subir quanto for necess\u00e1rio. No que se mostra com quem o poder est\u00e1 realmente comprometido.<\/p>\n<p>Enquanto o Senado tomava tal decis\u00e3o, 63% da popula\u00e7\u00e3o afirmava ser completamente contra esta inf\u00e2mia. Se, de fato, democracia houvesse, o Congresso passaria a decis\u00e3o a sufr\u00e1gio universal.<\/p>\n<p>Afinal, quem paga a orquestra, escolhe a m\u00fasica e quem paga esse absurdo somos eu, voc\u00ea, os motoristas de \u00f4nibus, os agricultores, oper\u00e1rios, profissionais liberais, em suma, quem realmente trabalha neste pa\u00eds.<\/p>\n<p>Mas chamar a popula\u00e7\u00e3o &#8220;inculta&#8221; para deliberar diretamente sobre tamanha responsabilidade seria desatino populista, gritam os corvos economistas com seus ninhos de ouros patrocinados pelo sistema financeiro local.<\/p>\n<p>O fil\u00f3sofo Bento de Spinoza, em seu Tratado Pol\u00edtico, tem uma bela afirma\u00e7\u00e3o a respeito da pretensa &#8220;ignor\u00e2ncia&#8221; popular: &#8220;N\u00e3o \u00e9 de se admirar que n\u00e3o exista na plebe nenhuma verdade ou ju\u00edzo, quando os principais assuntos de Estado s\u00e3o tratados nas suas costas e ela n\u00e3o faz conjecturas sen\u00e3o a partir das poucas coisas que n\u00e3o podem ser escondidas. Suspender o ju\u00edzo \u00e9, com efeito, uma virtude rara. Querer, portanto, tratar de tudo nas costas dos cidad\u00e3os e que eles n\u00e3o fa\u00e7am sobre isso ju\u00edzos errados e interpretem tudo mal \u00e9 o c\u00famulo da estupidez&#8221;.<\/p>\n<p>A afirma\u00e7\u00e3o foi publicada em 1670 e, desde ent\u00e3o, a situa\u00e7\u00e3o n\u00e3o mudou muito. Tratar os principais assuntos do Estado nas costas dos cidad\u00e3os, omitindo informa\u00e7\u00f5es ou publicando informa\u00e7\u00f5es relevantes no meio de discuss\u00f5es sobre quem foi para o pared\u00e3o no \u00faltimo BBB \u00e9 o que mais vemos entre n\u00f3s.<\/p>\n<p>N\u00e3o \u00e9 de se admirar que, em pesquisa do Instituto Ipsos Mori, descubramos que a popula\u00e7\u00e3o brasileira acredita que 25% do PIB \u00e9 gasto com sa\u00fade, enquanto o n\u00famero correto \u00e9 8%. Ela acredita que os 70% menos ricos disp\u00f5em de 24% da riqueza, enquanto eles disp\u00f5em, na verdade, de 9%. N\u00e3o, nossa popula\u00e7\u00e3o n\u00e3o \u00e9 &#8220;inculta&#8221;. Ela \u00e9 v\u00edtima de um sistema de bloqueio e desinforma\u00e7\u00e3o.<\/p>\n<p>Mas estamos apenas engatinhando na arte de governar de costas para o povo. Ao que parece, vem a\u00ed uma elei\u00e7\u00e3o indireta para presidente, tramada pela junta financeira em jantares caros pagos pelos juros imorais do seu cart\u00e3o de cr\u00e9dito. Sim, a degrada\u00e7\u00e3o institucional e a inf\u00e2mia n\u00e3o t\u00eam limites nesse conchavo de oligarcas em que o Brasil se transformou. Contra isso, vale a pena lembrar: toda a\u00e7\u00e3o contra um governo ilegal \u00e9 uma a\u00e7\u00e3o legal. A maior ilegalidade deste governo \u00e9 temer seu pr\u00f3prio povo.<\/p>\n","protected":false},"excerpt":{"rendered":"<p>Ao que parece, vem a\u00ed uma elei\u00e7\u00e3o indireta para presidente paga por voc\u00ea<\/p>\n","protected":false},"author":1,"featured_media":7038,"comment_status":"closed","ping_status":"open","sticky":false,"template":"","format":"standard","meta":{"_exactmetrics_skip_tracking":false,"_exactmetrics_sitenote_active":false,"_exactmetrics_sitenote_note":"","_exactmetrics_sitenote_category":0,"jetpack_post_was_ever_published":false,"_jetpack_newsletter_access":"","_jetpack_dont_email_post_to_subs":false,"_jetpack_newsletter_tier_id":0,"_jetpack_memberships_contains_paywalled_content":false,"_jetpack_memberships_contains_paid_content":false,"footnotes":"","jetpack_publicize_message":"","jetpack_publicize_feature_enabled":true,"jetpack_social_post_already_shared":true,"jetpack_social_options":{"image_generator_settings":{"template":"highway","enabled":false},"version":2}},"categories":[1],"tags":[64,227,39],"class_list":["post-7037","post","type-post","status-publish","format-standard","has-post-thumbnail","hentry","category-notas","tag-democracia","tag-diretas","tag-golpe"],"jetpack_publicize_connections":[],"jetpack_sharing_enabled":true,"jetpack_featured_media_url":"https:\/\/i0.wp.com\/blogdalucianaoliveira.com.br\/blog\/wp-content\/uploads\/2016\/12\/IMG_9429.png?fit=300%2C300","jetpack_shortlink":"https:\/\/wp.me\/p7wKYW-1Pv","jetpack-related-posts":[],"_links":{"self":[{"href":"http:\/\/blogdalucianaoliveira.com.br\/blog\/wp-json\/wp\/v2\/posts\/7037","targetHints":{"allow":["GET"]}}],"collection":[{"href":"http:\/\/blogdalucianaoliveira.com.br\/blog\/wp-json\/wp\/v2\/posts"}],"about":[{"href":"http:\/\/blogdalucianaoliveira.com.br\/blog\/wp-json\/wp\/v2\/types\/post"}],"author":[{"embeddable":true,"href":"http:\/\/blogdalucianaoliveira.com.br\/blog\/wp-json\/wp\/v2\/users\/1"}],"replies":[{"embeddable":true,"href":"http:\/\/blogdalucianaoliveira.com.br\/blog\/wp-json\/wp\/v2\/comments?post=7037"}],"version-history":[{"count":1,"href":"http:\/\/blogdalucianaoliveira.com.br\/blog\/wp-json\/wp\/v2\/posts\/7037\/revisions"}],"predecessor-version":[{"id":7039,"href":"http:\/\/blogdalucianaoliveira.com.br\/blog\/wp-json\/wp\/v2\/posts\/7037\/revisions\/7039"}],"wp:featuredmedia":[{"embeddable":true,"href":"http:\/\/blogdalucianaoliveira.com.br\/blog\/wp-json\/wp\/v2\/media\/7038"}],"wp:attachment":[{"href":"http:\/\/blogdalucianaoliveira.com.br\/blog\/wp-json\/wp\/v2\/media?parent=7037"}],"wp:term":[{"taxonomy":"category","embeddable":true,"href":"http:\/\/blogdalucianaoliveira.com.br\/blog\/wp-json\/wp\/v2\/categories?post=7037"},{"taxonomy":"post_tag","embeddable":true,"href":"http:\/\/blogdalucianaoliveira.com.br\/blog\/wp-json\/wp\/v2\/tags?post=7037"}],"curies":[{"name":"wp","href":"https:\/\/api.w.org\/{rel}","templated":true}]}}