{"id":7040,"date":"2016-12-17T11:57:09","date_gmt":"2016-12-17T15:57:09","guid":{"rendered":"http:\/\/blogdalucianaoliveira.com.br\/blog\/?p=7040"},"modified":"2016-12-17T11:57:09","modified_gmt":"2016-12-17T15:57:09","slug":"o-brasil-nao-resolve-sua-crise-sem-eleicao-direta-e-governo-legitimo","status":"publish","type":"post","link":"http:\/\/blogdalucianaoliveira.com.br\/blog\/2016\/12\/17\/o-brasil-nao-resolve-sua-crise-sem-eleicao-direta-e-governo-legitimo\/","title":{"rendered":"\u201cO BRASIL N\u00c3O RESOLVE SUA CRISE SEM ELEI\u00c7\u00c3O DIRETA E GOVERNO LEG\u00cdTIMO\u201d"},"content":{"rendered":"<p><img data-recalc-dims=\"1\" loading=\"lazy\" decoding=\"async\" data-attachment-id=\"7041\" data-permalink=\"http:\/\/blogdalucianaoliveira.com.br\/blog\/2016\/12\/17\/o-brasil-nao-resolve-sua-crise-sem-eleicao-direta-e-governo-legitimo\/bress\/\" data-orig-file=\"https:\/\/i0.wp.com\/blogdalucianaoliveira.com.br\/blog\/wp-content\/uploads\/2016\/12\/bress.jpg?fit=1002%2C357\" data-orig-size=\"1002,357\" data-comments-opened=\"0\" data-image-meta=\"{&quot;aperture&quot;:&quot;0&quot;,&quot;credit&quot;:&quot;&quot;,&quot;camera&quot;:&quot;&quot;,&quot;caption&quot;:&quot;&quot;,&quot;created_timestamp&quot;:&quot;0&quot;,&quot;copyright&quot;:&quot;&quot;,&quot;focal_length&quot;:&quot;0&quot;,&quot;iso&quot;:&quot;0&quot;,&quot;shutter_speed&quot;:&quot;0&quot;,&quot;title&quot;:&quot;&quot;,&quot;orientation&quot;:&quot;0&quot;}\" data-image-title=\"bress\" data-image-description=\"\" data-image-caption=\"\" data-medium-file=\"https:\/\/i0.wp.com\/blogdalucianaoliveira.com.br\/blog\/wp-content\/uploads\/2016\/12\/bress.jpg?fit=300%2C107\" data-large-file=\"https:\/\/i0.wp.com\/blogdalucianaoliveira.com.br\/blog\/wp-content\/uploads\/2016\/12\/bress.jpg?fit=600%2C214\" src=\"https:\/\/i0.wp.com\/blogdalucianaoliveira.com.br\/blog\/wp-content\/uploads\/2016\/12\/bress.jpg?resize=600%2C214\" alt=\"bress\" width=\"600\" height=\"214\" class=\"alignnone size-full wp-image-7041\" srcset=\"https:\/\/i0.wp.com\/blogdalucianaoliveira.com.br\/blog\/wp-content\/uploads\/2016\/12\/bress.jpg?w=1002 1002w, https:\/\/i0.wp.com\/blogdalucianaoliveira.com.br\/blog\/wp-content\/uploads\/2016\/12\/bress.jpg?resize=300%2C107 300w, https:\/\/i0.wp.com\/blogdalucianaoliveira.com.br\/blog\/wp-content\/uploads\/2016\/12\/bress.jpg?resize=768%2C274 768w, https:\/\/i0.wp.com\/blogdalucianaoliveira.com.br\/blog\/wp-content\/uploads\/2016\/12\/bress.jpg?resize=800%2C285 800w\" sizes=\"auto, (max-width: 600px) 100vw, 600px\" \/><\/p>\n<p>247 \u2013 O Brasil precisa de elei\u00e7\u00f5es diretas e um governo leg\u00edtimo. S\u00f3 assim conseguir\u00e1 sair de suas crises pol\u00edtica e econ\u00f4mica. As declara\u00e7\u00f5es s\u00e3o do economista, ex-ministro e um dos fundadores do PSDB, Luiz Carlos Bresser Pereira, em entrevista \u00e0 TV247 nesta sexta-feira 16.<!--more--><\/p>\n<p>&#8220;O Brasil precisa da ren\u00fancia de Temer e das diretas j\u00e1. O Brasil n\u00e3o resolve sua crise pol\u00edtica e econ\u00f4mica enquanto n\u00e3o houver uma elei\u00e7\u00e3o e n\u00f3s tivermos um governo leg\u00edtimo. O Brasil \u00e9 uma democracia e o que est\u00e1 a\u00ed n\u00e3o \u00e9 uma democracia&#8221;, disse Bresser Pereira. At\u00e9 uma semana atr\u00e1s, Bresser acreditava que o governo Temer iria chegar, &#8220;mal ou bem, at\u00e9 2018&#8221;. &#8220;Depois das dela\u00e7\u00f5es, eu acho que fica muito dif\u00edcil&#8221;, avalia agora.<\/p>\n<p>Um dos maiores cr\u00edticos do processo de impeachment que afastou Dilma Rousseff da presid\u00eancia, para ele um &#8220;golpe parlamentar&#8221;, as &#8220;pedaladas fiscais foram mera desculpa&#8221; para tirar Dilma. Os motivos, segundo ele, passavam por ela ser de esquerda, por ser do PT e assim eles (as elites) n\u00e3o a dominavam e tamb\u00e9m por ter sido incompetente na gest\u00e3o da economia. <\/p>\n<p>Sobre a Lava Jato, o ex-ministro acredita que &#8220;os vazamentos fazem parte do jogo&#8221; da investiga\u00e7\u00e3o. &#8220;Para ela ser bem-sucedida, ela precisa de apoio da popula\u00e7\u00e3o, e para isso ela precisa vazar todas as informa\u00e7\u00f5es, precisa que um procurador mostre um gr\u00e1fico rid\u00edculo sobre a corrup\u00e7\u00e3o, que naquele caso era do Lula&#8230; eles querem moralizar o Brasil num dia&#8221;, afirma. Sua opini\u00e3o sobre o juiz S\u00e9rgio Moro: &#8220;est\u00e1 imbu\u00eddo de uma vis\u00e3o robesperriana, radical, que vai restabelecer a moral em um dia.<\/p>\n<p>O cen\u00e1rio atual, para Bresser Pereira, de grande crise no Executivo e no Legislativo, deu ao Judici\u00e1rio muito poder. &#8220;O Judici\u00e1rio ganhou for\u00e7a, virou o poder perfeito&#8221;, diz com ironia. &#8220;Mas n\u00e3o \u00e9 nada disso, ele tamb\u00e9m tem suas corrup\u00e7\u00f5es&#8221;.<\/p>\n<p>Para o ex-tucano, os golpistas &#8220;est\u00e3o descobrindo que foram enganados&#8221;. Ele faz duras cr\u00edticas \u00e0 Reforma da Previd\u00eancia de Michel Temer: &#8220;\u00c9 draconiana, quer fazer a coisa muito rapidamente&#8221;. Para ele, no entanto, &#8220;fazer um protesto contra a reforma simplesmente ser\u00e1 um erro da esquerda, dos democratas. Minha sugest\u00e3o \u00e9 que haja um substitutivo aceit\u00e1vel. Negociar, mas para isso \u00e9 preciso ter alternativa. Algo que resolva o problema da previd\u00eancia, mas que n\u00e3o seja essa viol\u00eancia&#8221;.<\/p>\n<p>Bresser Pereira diz ainda que &#8220;n\u00e3o faz sentido nenhum&#8221; o ex-presidente Fernando Henrique Cardoso assumir a presid\u00eancia no lugar de Temer em caso de elei\u00e7\u00e3o indireta. &#8220;Ele j\u00e1 disse que n\u00e3o aceita e acho que n\u00e3o deve aceitar mesmo&#8221;, diz. E concorda com a tese de que a persegui\u00e7\u00e3o contra o ex-presidente Lula tem o intuito de tir\u00e1-lo das elei\u00e7\u00f5es. &#8220;Eu acho que realmente o que se quer \u00e9 inviabilizar o Lula. Porque ele \u00e9 o l\u00edder pol\u00edtico mais importante que sugeriu no Brasil desde Get\u00falio Vargas&#8221;.<\/p>\n","protected":false},"excerpt":{"rendered":"<p>247 \u2013 O Brasil precisa de elei\u00e7\u00f5es diretas e um governo leg\u00edtimo. S\u00f3 assim conseguir\u00e1 sair de suas crises pol\u00edtica e econ\u00f4mica. As declara\u00e7\u00f5es s\u00e3o do economista, ex-ministro e um dos fundadores do PSDB, Luiz Carlos Bresser Pereira, em entrevista \u00e0 TV247 nesta sexta-feira 16.<\/p>\n","protected":false},"author":1,"featured_media":0,"comment_status":"closed","ping_status":"open","sticky":false,"template":"","format":"standard","meta":{"_exactmetrics_skip_tracking":false,"_exactmetrics_sitenote_active":false,"_exactmetrics_sitenote_note":"","_exactmetrics_sitenote_category":0,"jetpack_post_was_ever_published":false,"_jetpack_newsletter_access":"","_jetpack_dont_email_post_to_subs":false,"_jetpack_newsletter_tier_id":0,"_jetpack_memberships_contains_paywalled_content":false,"_jetpack_memberships_contains_paid_content":false,"footnotes":"","jetpack_publicize_message":"","jetpack_publicize_feature_enabled":true,"jetpack_social_post_already_shared":true,"jetpack_social_options":{"image_generator_settings":{"template":"highway","enabled":false},"version":2}},"categories":[1],"tags":[],"class_list":["post-7040","post","type-post","status-publish","format-standard","hentry","category-notas"],"jetpack_publicize_connections":[],"jetpack_sharing_enabled":true,"jetpack_featured_media_url":"","jetpack_shortlink":"https:\/\/wp.me\/p7wKYW-1Py","jetpack-related-posts":[],"_links":{"self":[{"href":"http:\/\/blogdalucianaoliveira.com.br\/blog\/wp-json\/wp\/v2\/posts\/7040","targetHints":{"allow":["GET"]}}],"collection":[{"href":"http:\/\/blogdalucianaoliveira.com.br\/blog\/wp-json\/wp\/v2\/posts"}],"about":[{"href":"http:\/\/blogdalucianaoliveira.com.br\/blog\/wp-json\/wp\/v2\/types\/post"}],"author":[{"embeddable":true,"href":"http:\/\/blogdalucianaoliveira.com.br\/blog\/wp-json\/wp\/v2\/users\/1"}],"replies":[{"embeddable":true,"href":"http:\/\/blogdalucianaoliveira.com.br\/blog\/wp-json\/wp\/v2\/comments?post=7040"}],"version-history":[{"count":1,"href":"http:\/\/blogdalucianaoliveira.com.br\/blog\/wp-json\/wp\/v2\/posts\/7040\/revisions"}],"predecessor-version":[{"id":7042,"href":"http:\/\/blogdalucianaoliveira.com.br\/blog\/wp-json\/wp\/v2\/posts\/7040\/revisions\/7042"}],"wp:attachment":[{"href":"http:\/\/blogdalucianaoliveira.com.br\/blog\/wp-json\/wp\/v2\/media?parent=7040"}],"wp:term":[{"taxonomy":"category","embeddable":true,"href":"http:\/\/blogdalucianaoliveira.com.br\/blog\/wp-json\/wp\/v2\/categories?post=7040"},{"taxonomy":"post_tag","embeddable":true,"href":"http:\/\/blogdalucianaoliveira.com.br\/blog\/wp-json\/wp\/v2\/tags?post=7040"}],"curies":[{"name":"wp","href":"https:\/\/api.w.org\/{rel}","templated":true}]}}