{"id":7043,"date":"2016-12-17T11:59:46","date_gmt":"2016-12-17T15:59:46","guid":{"rendered":"http:\/\/blogdalucianaoliveira.com.br\/blog\/?p=7043"},"modified":"2016-12-17T11:59:46","modified_gmt":"2016-12-17T15:59:46","slug":"diretas-indiretas-ou-o-pesadelo-temer-ate-2018","status":"publish","type":"post","link":"http:\/\/blogdalucianaoliveira.com.br\/blog\/2016\/12\/17\/diretas-indiretas-ou-o-pesadelo-temer-ate-2018\/","title":{"rendered":"Diretas, indiretas ou o pesadelo Temer at\u00e9 2018?"},"content":{"rendered":"<p><img data-recalc-dims=\"1\" loading=\"lazy\" decoding=\"async\" data-attachment-id=\"7044\" data-permalink=\"http:\/\/blogdalucianaoliveira.com.br\/blog\/2016\/12\/17\/diretas-indiretas-ou-o-pesadelo-temer-ate-2018\/temer-1\/\" data-orig-file=\"https:\/\/i0.wp.com\/blogdalucianaoliveira.com.br\/blog\/wp-content\/uploads\/2016\/12\/temer-1.jpg?fit=632%2C380\" data-orig-size=\"632,380\" data-comments-opened=\"0\" data-image-meta=\"{&quot;aperture&quot;:&quot;0&quot;,&quot;credit&quot;:&quot;&quot;,&quot;camera&quot;:&quot;&quot;,&quot;caption&quot;:&quot;&quot;,&quot;created_timestamp&quot;:&quot;0&quot;,&quot;copyright&quot;:&quot;&quot;,&quot;focal_length&quot;:&quot;0&quot;,&quot;iso&quot;:&quot;0&quot;,&quot;shutter_speed&quot;:&quot;0&quot;,&quot;title&quot;:&quot;&quot;,&quot;orientation&quot;:&quot;0&quot;}\" data-image-title=\"temer-1\" data-image-description=\"\" data-image-caption=\"\" data-medium-file=\"https:\/\/i0.wp.com\/blogdalucianaoliveira.com.br\/blog\/wp-content\/uploads\/2016\/12\/temer-1.jpg?fit=300%2C180\" data-large-file=\"https:\/\/i0.wp.com\/blogdalucianaoliveira.com.br\/blog\/wp-content\/uploads\/2016\/12\/temer-1.jpg?fit=600%2C361\" src=\"https:\/\/i0.wp.com\/blogdalucianaoliveira.com.br\/blog\/wp-content\/uploads\/2016\/12\/temer-1.jpg?resize=600%2C361\" alt=\"temer-1\" width=\"600\" height=\"361\" class=\"alignnone size-full wp-image-7044\" srcset=\"https:\/\/i0.wp.com\/blogdalucianaoliveira.com.br\/blog\/wp-content\/uploads\/2016\/12\/temer-1.jpg?w=632 632w, https:\/\/i0.wp.com\/blogdalucianaoliveira.com.br\/blog\/wp-content\/uploads\/2016\/12\/temer-1.jpg?resize=300%2C180 300w, https:\/\/i0.wp.com\/blogdalucianaoliveira.com.br\/blog\/wp-content\/uploads\/2016\/12\/temer-1.jpg?resize=499%2C300 499w\" sizes=\"auto, (max-width: 600px) 100vw, 600px\" \/><\/p>\n<p>No 247<br \/>\nPor Leonardo Attuch<\/p>\n<p>O ano de 2016 vai chegando ao fim, mas as pe\u00e7as da pol\u00edtica continuam se movendo num ritmo fren\u00e9tico, sem que seja poss\u00edvel prever um desfecho para a maior crise pol\u00edtica e econ\u00f4mica da hist\u00f3ria do Pa\u00eds.<!--more--><\/p>\n<p>Numa das semanas mais dif\u00edceis para o governo de Michel Temer, em que ele pr\u00f3prio foi citado nas dela\u00e7\u00f5es da Odebrecht e aceitou a demiss\u00e3o de seu melhor amigo, o agora ex-assessor especial Jos\u00e9 Yunes, a esquerda passou a acreditar na possibilidade real de queda do presidente e de elei\u00e7\u00f5es diretas ainda no primeiro semestre de 2017 \u2013 tese que ganhou a ades\u00e3o at\u00e9 do senador Ronaldo Caiado (DEM-GO), que integra a base governista.<\/p>\n<p>Paralelamente, um dos peemedebistas mais influentes, o senador Jader Barbalho (PMDB-PA) subiu \u00e0 tribuna para denunciar uma suposta conspira\u00e7\u00e3o, desta vez entre parte do PSDB e dos grupos de comunica\u00e7\u00e3o, para derrubar Temer em 2017 e promover elei\u00e7\u00f5es indiretas \u2013 o candidato mais forte, neste caso, seria o ex-presidente Fernando Henrique Cardoso.<\/p>\n<p>Em meio ao fogo cruzado, Temer tamb\u00e9m se mexeu. Orientou seus aliados no Congresso a implodir a tramita\u00e7\u00e3o de duas emendas constitucionais que prop\u00f5em diretas em caso de vac\u00e2ncia da presid\u00eancia, uma apresentada pelo deputado Henrique Fontana (PT-RS), outra por Miro Teixeira (PDT-RJ). A diferen\u00e7a entre as duas \u00e9 que, na de Fontana, em qualquer hip\u00f3tese a sa\u00edda seria pelas diretas. Na de Miro, haveria indiretas se a presid\u00eancia ficar vaga a seis meses do fim do mandato ou num prazo menor do que esse. <\/p>\n<p>Como 63% dos brasileiros, de acordo com o Datafolha, querem diretas, mas 91%, segundo o instituto Paran\u00e1 Pesquisas, s\u00e3o radicalmente contra a elei\u00e7\u00e3o indireta, Temer pretende transformar a primeira hip\u00f3tese numa impossibilidade, para se beneficiar da segunda. N\u00e3o havendo espa\u00e7o para diretas, o resultado da equa\u00e7\u00e3o seria \u201cruim com Temer, pior sem Temer\u201d. Ou seja: entre a escolha de um novo presidente por um Congresso com mais de 200 parlamentares investigados e a continuidade de Temer at\u00e9 2018, prevaleceria a segunda hip\u00f3tese \u2013 ao menos \u00e9 essa a aposta do Planalto.<\/p>\n<p>O que joga contra essa alternativa \u00e9 o aprofundamento da recess\u00e3o econ\u00f4mica, que o governo tenta enfrentar com um pacote que, segundo especialistas, n\u00e3o trar\u00e1 qualquer efeito relevante no curto prazo. Al\u00e9m disso, ainda h\u00e1 muitas dela\u00e7\u00f5es da Odebrecht pela frente e o fogo agora se dirige \u00e0s for\u00e7as que est\u00e3o no poder. A \u00fanica certeza \u00e9 que o Brasil ainda n\u00e3o estabilizou \u2013 e enquanto n\u00e3o houver estabilidade pol\u00edtica, n\u00e3o haver\u00e1 confian\u00e7a nem perspectiva de crescimento econ\u00f4mico.<\/p>\n","protected":false},"excerpt":{"rendered":"<p>No 247 Por Leonardo Attuch O ano de 2016 vai chegando ao fim, mas as pe\u00e7as da pol\u00edtica continuam se movendo num ritmo fren\u00e9tico, sem que seja poss\u00edvel prever um desfecho para a maior crise pol\u00edtica e econ\u00f4mica da hist\u00f3ria do Pa\u00eds.<\/p>\n","protected":false},"author":1,"featured_media":0,"comment_status":"closed","ping_status":"open","sticky":false,"template":"","format":"standard","meta":{"_exactmetrics_skip_tracking":false,"_exactmetrics_sitenote_active":false,"_exactmetrics_sitenote_note":"","_exactmetrics_sitenote_category":0,"jetpack_post_was_ever_published":false,"_jetpack_newsletter_access":"","_jetpack_dont_email_post_to_subs":false,"_jetpack_newsletter_tier_id":0,"_jetpack_memberships_contains_paywalled_content":false,"_jetpack_memberships_contains_paid_content":false,"footnotes":"","jetpack_publicize_message":"","jetpack_publicize_feature_enabled":true,"jetpack_social_post_already_shared":true,"jetpack_social_options":{"image_generator_settings":{"template":"highway","enabled":false},"version":2}},"categories":[1],"tags":[],"class_list":["post-7043","post","type-post","status-publish","format-standard","hentry","category-notas"],"jetpack_publicize_connections":[],"jetpack_sharing_enabled":true,"jetpack_featured_media_url":"","jetpack_shortlink":"https:\/\/wp.me\/p7wKYW-1PB","jetpack-related-posts":[],"_links":{"self":[{"href":"http:\/\/blogdalucianaoliveira.com.br\/blog\/wp-json\/wp\/v2\/posts\/7043","targetHints":{"allow":["GET"]}}],"collection":[{"href":"http:\/\/blogdalucianaoliveira.com.br\/blog\/wp-json\/wp\/v2\/posts"}],"about":[{"href":"http:\/\/blogdalucianaoliveira.com.br\/blog\/wp-json\/wp\/v2\/types\/post"}],"author":[{"embeddable":true,"href":"http:\/\/blogdalucianaoliveira.com.br\/blog\/wp-json\/wp\/v2\/users\/1"}],"replies":[{"embeddable":true,"href":"http:\/\/blogdalucianaoliveira.com.br\/blog\/wp-json\/wp\/v2\/comments?post=7043"}],"version-history":[{"count":1,"href":"http:\/\/blogdalucianaoliveira.com.br\/blog\/wp-json\/wp\/v2\/posts\/7043\/revisions"}],"predecessor-version":[{"id":7045,"href":"http:\/\/blogdalucianaoliveira.com.br\/blog\/wp-json\/wp\/v2\/posts\/7043\/revisions\/7045"}],"wp:attachment":[{"href":"http:\/\/blogdalucianaoliveira.com.br\/blog\/wp-json\/wp\/v2\/media?parent=7043"}],"wp:term":[{"taxonomy":"category","embeddable":true,"href":"http:\/\/blogdalucianaoliveira.com.br\/blog\/wp-json\/wp\/v2\/categories?post=7043"},{"taxonomy":"post_tag","embeddable":true,"href":"http:\/\/blogdalucianaoliveira.com.br\/blog\/wp-json\/wp\/v2\/tags?post=7043"}],"curies":[{"name":"wp","href":"https:\/\/api.w.org\/{rel}","templated":true}]}}