{"id":7049,"date":"2016-12-17T12:11:33","date_gmt":"2016-12-17T16:11:33","guid":{"rendered":"http:\/\/blogdalucianaoliveira.com.br\/blog\/?p=7049"},"modified":"2016-12-17T12:33:56","modified_gmt":"2016-12-17T16:33:56","slug":"senador-citado-na-lava-jato-mantem-prestigio-na-imprensa-rondoniense","status":"publish","type":"post","link":"http:\/\/blogdalucianaoliveira.com.br\/blog\/2016\/12\/17\/senador-citado-na-lava-jato-mantem-prestigio-na-imprensa-rondoniense\/","title":{"rendered":"Senador citado na Lava Jato mant\u00e9m prest\u00edgio na imprensa rondoniense"},"content":{"rendered":"<p><img data-recalc-dims=\"1\" loading=\"lazy\" decoding=\"async\" data-attachment-id=\"7050\" data-permalink=\"http:\/\/blogdalucianaoliveira.com.br\/blog\/2016\/12\/17\/senador-citado-na-lava-jato-mantem-prestigio-na-imprensa-rondoniense\/fofa\/\" data-orig-file=\"https:\/\/i0.wp.com\/blogdalucianaoliveira.com.br\/blog\/wp-content\/uploads\/2016\/12\/fofa.jpg?fit=387%2C405\" data-orig-size=\"387,405\" data-comments-opened=\"0\" data-image-meta=\"{&quot;aperture&quot;:&quot;0&quot;,&quot;credit&quot;:&quot;&quot;,&quot;camera&quot;:&quot;&quot;,&quot;caption&quot;:&quot;&quot;,&quot;created_timestamp&quot;:&quot;0&quot;,&quot;copyright&quot;:&quot;&quot;,&quot;focal_length&quot;:&quot;0&quot;,&quot;iso&quot;:&quot;0&quot;,&quot;shutter_speed&quot;:&quot;0&quot;,&quot;title&quot;:&quot;&quot;,&quot;orientation&quot;:&quot;0&quot;}\" data-image-title=\"fofa\" data-image-description=\"\" data-image-caption=\"\" data-medium-file=\"https:\/\/i0.wp.com\/blogdalucianaoliveira.com.br\/blog\/wp-content\/uploads\/2016\/12\/fofa.jpg?fit=287%2C300\" data-large-file=\"https:\/\/i0.wp.com\/blogdalucianaoliveira.com.br\/blog\/wp-content\/uploads\/2016\/12\/fofa.jpg?fit=387%2C405\" src=\"https:\/\/i0.wp.com\/blogdalucianaoliveira.com.br\/blog\/wp-content\/uploads\/2016\/12\/fofa.jpg?resize=387%2C405\" alt=\"fofa\" width=\"387\" height=\"405\" class=\"alignnone size-full wp-image-7050\" srcset=\"https:\/\/i0.wp.com\/blogdalucianaoliveira.com.br\/blog\/wp-content\/uploads\/2016\/12\/fofa.jpg?w=387 387w, https:\/\/i0.wp.com\/blogdalucianaoliveira.com.br\/blog\/wp-content\/uploads\/2016\/12\/fofa.jpg?resize=287%2C300 287w\" sizes=\"auto, (max-width: 387px) 100vw, 387px\" \/><\/p>\n<p>Sobre o jantar do casal Valdir e Marinha Raupp com a imprensa&#8230;<!--more--><\/p>\n<p>Prestigiad\u00edssimo!!!!!<\/p>\n<p>Lotou tanto que muitos n\u00e3o puderam sentar. Cada 1 levou os seus e gra\u00e7as a Deus o tradicional Caravelas do Madeira, suportou o peso.<\/p>\n<p>\u00c9 um lugar lindo, mas decadente. Combinou.<\/p>\n<p>O restaurante hoje \u00e9 administrado pela fam\u00edlia do presidente da OAB-RO. Mas, n\u00e3o foi por isso que Andrey compareceu, \u00f3bvio. Foi pra prestigiar o admir\u00e1vel casal mesmo.<\/p>\n<p>E da\u00ed se o senador foi citado por v\u00e1rios delatores da Lava Jato n\u00e9? &#8220;Fora Dilma, Fora Lula, Fora PT&#8221;, depois esquece! Aqui a OAB fez campanha pelo impeachment e depois dele, despreocupou-se com crise econ\u00f4mica e pol\u00edtica e bl\u00e1 bl\u00e1 bl\u00e1.<\/p>\n<p>O jantar foi um sucesso!<br \/>\nRod\u00edzio de peixe e sorteio de brindes.<br \/>\nUm oferecimento do casal \u00e0 imprensa, h\u00e1 18 anos.<br \/>\nDizem que Raupp chegou a mencionar que passa por um momento dif\u00edcil.<br \/>\nMas, s\u00f3. <\/p>\n<p>Afinal, era pra comer e beber ou conversar?<br \/>\n\ud83d\ude09<\/p>\n","protected":false},"excerpt":{"rendered":"<p>Sobre o jantar do casal Valdir e Marinha Raupp com a imprensa&#8230;<\/p>\n","protected":false},"author":1,"featured_media":0,"comment_status":"closed","ping_status":"open","sticky":false,"template":"","format":"standard","meta":{"_exactmetrics_skip_tracking":false,"_exactmetrics_sitenote_active":false,"_exactmetrics_sitenote_note":"","_exactmetrics_sitenote_category":0,"jetpack_post_was_ever_published":false,"_jetpack_newsletter_access":"","_jetpack_dont_email_post_to_subs":false,"_jetpack_newsletter_tier_id":0,"_jetpack_memberships_contains_paywalled_content":false,"_jetpack_memberships_contains_paid_content":false,"footnotes":"","jetpack_publicize_message":"","jetpack_publicize_feature_enabled":true,"jetpack_social_post_already_shared":true,"jetpack_social_options":{"image_generator_settings":{"template":"highway","enabled":false},"version":2}},"categories":[1],"tags":[],"class_list":["post-7049","post","type-post","status-publish","format-standard","hentry","category-notas"],"jetpack_publicize_connections":[],"jetpack_sharing_enabled":true,"jetpack_featured_media_url":"","jetpack_shortlink":"https:\/\/wp.me\/p7wKYW-1PH","jetpack-related-posts":[],"_links":{"self":[{"href":"http:\/\/blogdalucianaoliveira.com.br\/blog\/wp-json\/wp\/v2\/posts\/7049","targetHints":{"allow":["GET"]}}],"collection":[{"href":"http:\/\/blogdalucianaoliveira.com.br\/blog\/wp-json\/wp\/v2\/posts"}],"about":[{"href":"http:\/\/blogdalucianaoliveira.com.br\/blog\/wp-json\/wp\/v2\/types\/post"}],"author":[{"embeddable":true,"href":"http:\/\/blogdalucianaoliveira.com.br\/blog\/wp-json\/wp\/v2\/users\/1"}],"replies":[{"embeddable":true,"href":"http:\/\/blogdalucianaoliveira.com.br\/blog\/wp-json\/wp\/v2\/comments?post=7049"}],"version-history":[{"count":2,"href":"http:\/\/blogdalucianaoliveira.com.br\/blog\/wp-json\/wp\/v2\/posts\/7049\/revisions"}],"predecessor-version":[{"id":7060,"href":"http:\/\/blogdalucianaoliveira.com.br\/blog\/wp-json\/wp\/v2\/posts\/7049\/revisions\/7060"}],"wp:attachment":[{"href":"http:\/\/blogdalucianaoliveira.com.br\/blog\/wp-json\/wp\/v2\/media?parent=7049"}],"wp:term":[{"taxonomy":"category","embeddable":true,"href":"http:\/\/blogdalucianaoliveira.com.br\/blog\/wp-json\/wp\/v2\/categories?post=7049"},{"taxonomy":"post_tag","embeddable":true,"href":"http:\/\/blogdalucianaoliveira.com.br\/blog\/wp-json\/wp\/v2\/tags?post=7049"}],"curies":[{"name":"wp","href":"https:\/\/api.w.org\/{rel}","templated":true}]}}