{"id":705,"date":"2016-05-12T19:24:06","date_gmt":"2016-05-12T23:24:06","guid":{"rendered":"http:\/\/blogdalucianaoliveira.com.br\/blog\/?p=705"},"modified":"2016-05-12T19:30:08","modified_gmt":"2016-05-12T23:30:08","slug":"tenho-tres-noticias-ruins-pra-dar-qual-quer-primeiro","status":"publish","type":"post","link":"http:\/\/blogdalucianaoliveira.com.br\/blog\/2016\/05\/12\/tenho-tres-noticias-ruins-pra-dar-qual-quer-primeiro\/","title":{"rendered":"Tenho tr\u00eas not\u00edcias ruins pra dar. Qual quer primeiro?"},"content":{"rendered":"<p><img data-recalc-dims=\"1\" loading=\"lazy\" decoding=\"async\" data-attachment-id=\"706\" data-permalink=\"http:\/\/blogdalucianaoliveira.com.br\/blog\/2016\/05\/12\/tenho-tres-noticias-ruins-pra-dar-qual-quer-primeiro\/cara\/\" data-orig-file=\"https:\/\/i0.wp.com\/blogdalucianaoliveira.com.br\/blog\/wp-content\/uploads\/2016\/05\/cara.jpg?fit=400%2C238\" data-orig-size=\"400,238\" data-comments-opened=\"0\" data-image-meta=\"{&quot;aperture&quot;:&quot;0&quot;,&quot;credit&quot;:&quot;&quot;,&quot;camera&quot;:&quot;&quot;,&quot;caption&quot;:&quot;&quot;,&quot;created_timestamp&quot;:&quot;0&quot;,&quot;copyright&quot;:&quot;&quot;,&quot;focal_length&quot;:&quot;0&quot;,&quot;iso&quot;:&quot;0&quot;,&quot;shutter_speed&quot;:&quot;0&quot;,&quot;title&quot;:&quot;&quot;,&quot;orientation&quot;:&quot;0&quot;}\" data-image-title=\"cara\" data-image-description=\"\" data-image-caption=\"\" data-medium-file=\"https:\/\/i0.wp.com\/blogdalucianaoliveira.com.br\/blog\/wp-content\/uploads\/2016\/05\/cara.jpg?fit=300%2C179\" data-large-file=\"https:\/\/i0.wp.com\/blogdalucianaoliveira.com.br\/blog\/wp-content\/uploads\/2016\/05\/cara.jpg?fit=400%2C238\" src=\"https:\/\/i0.wp.com\/blogdalucianaoliveira.com.br\/blog\/wp-content\/uploads\/2016\/05\/cara.jpg?resize=400%2C238\" alt=\"cara\" width=\"400\" height=\"238\" class=\"alignnone size-full wp-image-706\" srcset=\"https:\/\/i0.wp.com\/blogdalucianaoliveira.com.br\/blog\/wp-content\/uploads\/2016\/05\/cara.jpg?w=400 400w, https:\/\/i0.wp.com\/blogdalucianaoliveira.com.br\/blog\/wp-content\/uploads\/2016\/05\/cara.jpg?resize=300%2C179 300w\" sizes=\"auto, (max-width: 400px) 100vw, 400px\" \/><\/p>\n<p>N\u00e3o est\u00e1 dando pra um cochilo o dia de hoje com tanta not\u00edcia-bomba sobre as primeiras a\u00e7\u00f5es do presidente de fato. <!--more--><\/p>\n<p>Elejo, as tr\u00eas piores. De hoje. Sentem e leiam:<\/p>\n<p>1- Seis ministros indicados s\u00e3o investigados na Lava Jato, sem contar que o pr\u00f3prio Temer, tamb\u00e9m \u00e9. E pensar que Lula foi exonerado e o STF n\u00e3o decidiu se podia tomar posse. Ser\u00e1 que algu\u00e9m suspeita de favorecimento aos novos ministros pra que obtenham foro privilegiado? Minha previs\u00e3o \u00e9 de que a investiga\u00e7\u00e3o vai focar ainda mais nos investigados do PT e de outros partidos de esquerda;<\/p>\n<p>2- Minist\u00e9rio da Cultura vira secretaria como ocorreu em 1990 no governo Collor. Perde a for\u00e7a pol\u00edtica que o status confere e estar\u00e1 subordinado a uma pasta que quase n\u00e3o tem problemas, a educa\u00e7\u00e3o. E adivinha quem vai ser o ministro? O deputado Mendon\u00e7a Filho, do DEM, aquele que quis indicar um deputado acusado de ser o mandante de dois assassinatos para presidir a Comiss\u00e3o de Seguran\u00e7a P\u00fablica e Combate ao Crime Organizado;<\/p>\n<p>3- Blairo Maggi na agricultura? \u00c9 como chutar um quebra-cabe\u00e7a em constru\u00e7\u00e3o! N\u00e3o preciso me alongar, basta dizer que ele \u00e9 conhecido como o &#8216;rei da soja&#8217;, ou seja, fudeu pra reforma agr\u00e1ria, a agricultura familiar e meio ambiente. Desculpe, mas n\u00e3o h\u00e1 palavra melhor pra definir o que essa nomea\u00e7\u00e3o significa. \u00c9 dele a pol\u00eamica frase: \u201cEsse neg\u00f3cio de floresta n\u00e3o tem futuro\u201d;<\/p>\n<p>Pera\u00ed que j\u00e1 tem mais coisa ruim acontecendo!<\/p>\n<p>J\u00e1 volto, se n\u00e3o me engasgar com meu veneno.<\/p>\n","protected":false},"excerpt":{"rendered":"<p>N\u00e3o est\u00e1 dando pra um cochilo o dia de hoje com tanta not\u00edcia-bomba sobre as primeiras a\u00e7\u00f5es do presidente de fato.<\/p>\n","protected":false},"author":1,"featured_media":0,"comment_status":"closed","ping_status":"open","sticky":false,"template":"","format":"standard","meta":{"_exactmetrics_skip_tracking":false,"_exactmetrics_sitenote_active":false,"_exactmetrics_sitenote_note":"","_exactmetrics_sitenote_category":0,"jetpack_post_was_ever_published":false,"_jetpack_newsletter_access":"","_jetpack_dont_email_post_to_subs":false,"_jetpack_newsletter_tier_id":0,"_jetpack_memberships_contains_paywalled_content":false,"_jetpack_memberships_contains_paid_content":false,"footnotes":"","jetpack_publicize_message":"","jetpack_publicize_feature_enabled":true,"jetpack_social_post_already_shared":true,"jetpack_social_options":{"image_generator_settings":{"template":"highway","enabled":false},"version":2}},"categories":[1],"tags":[],"class_list":["post-705","post","type-post","status-publish","format-standard","hentry","category-notas"],"jetpack_publicize_connections":[],"jetpack_sharing_enabled":true,"jetpack_featured_media_url":"","jetpack_shortlink":"https:\/\/wp.me\/p7wKYW-bn","jetpack-related-posts":[],"_links":{"self":[{"href":"http:\/\/blogdalucianaoliveira.com.br\/blog\/wp-json\/wp\/v2\/posts\/705","targetHints":{"allow":["GET"]}}],"collection":[{"href":"http:\/\/blogdalucianaoliveira.com.br\/blog\/wp-json\/wp\/v2\/posts"}],"about":[{"href":"http:\/\/blogdalucianaoliveira.com.br\/blog\/wp-json\/wp\/v2\/types\/post"}],"author":[{"embeddable":true,"href":"http:\/\/blogdalucianaoliveira.com.br\/blog\/wp-json\/wp\/v2\/users\/1"}],"replies":[{"embeddable":true,"href":"http:\/\/blogdalucianaoliveira.com.br\/blog\/wp-json\/wp\/v2\/comments?post=705"}],"version-history":[{"count":2,"href":"http:\/\/blogdalucianaoliveira.com.br\/blog\/wp-json\/wp\/v2\/posts\/705\/revisions"}],"predecessor-version":[{"id":708,"href":"http:\/\/blogdalucianaoliveira.com.br\/blog\/wp-json\/wp\/v2\/posts\/705\/revisions\/708"}],"wp:attachment":[{"href":"http:\/\/blogdalucianaoliveira.com.br\/blog\/wp-json\/wp\/v2\/media?parent=705"}],"wp:term":[{"taxonomy":"category","embeddable":true,"href":"http:\/\/blogdalucianaoliveira.com.br\/blog\/wp-json\/wp\/v2\/categories?post=705"},{"taxonomy":"post_tag","embeddable":true,"href":"http:\/\/blogdalucianaoliveira.com.br\/blog\/wp-json\/wp\/v2\/tags?post=705"}],"curies":[{"name":"wp","href":"https:\/\/api.w.org\/{rel}","templated":true}]}}