{"id":7074,"date":"2016-12-18T21:05:43","date_gmt":"2016-12-19T01:05:43","guid":{"rendered":"http:\/\/blogdalucianaoliveira.com.br\/blog\/?p=7074"},"modified":"2016-12-18T21:05:43","modified_gmt":"2016-12-19T01:05:43","slug":"ato-religioso-e-sepultamento-de-militante-do-mab-sera-dia-21","status":"publish","type":"post","link":"http:\/\/blogdalucianaoliveira.com.br\/blog\/2016\/12\/18\/ato-religioso-e-sepultamento-de-militante-do-mab-sera-dia-21\/","title":{"rendered":"Ato religioso e sepultamento de militante do MAB ser\u00e1 dia 21"},"content":{"rendered":"<p><img data-recalc-dims=\"1\" loading=\"lazy\" decoding=\"async\" data-attachment-id=\"7075\" data-permalink=\"http:\/\/blogdalucianaoliveira.com.br\/blog\/2016\/12\/18\/ato-religioso-e-sepultamento-de-militante-do-mab-sera-dia-21\/img_9416\/\" data-orig-file=\"https:\/\/i0.wp.com\/blogdalucianaoliveira.com.br\/blog\/wp-content\/uploads\/2016\/12\/IMG_9416.jpg?fit=1181%2C621\" data-orig-size=\"1181,621\" data-comments-opened=\"0\" data-image-meta=\"{&quot;aperture&quot;:&quot;0&quot;,&quot;credit&quot;:&quot;&quot;,&quot;camera&quot;:&quot;&quot;,&quot;caption&quot;:&quot;&quot;,&quot;created_timestamp&quot;:&quot;0&quot;,&quot;copyright&quot;:&quot;&quot;,&quot;focal_length&quot;:&quot;0&quot;,&quot;iso&quot;:&quot;0&quot;,&quot;shutter_speed&quot;:&quot;0&quot;,&quot;title&quot;:&quot;&quot;,&quot;orientation&quot;:&quot;0&quot;}\" data-image-title=\"img_9416\" data-image-description=\"\" data-image-caption=\"\" data-medium-file=\"https:\/\/i0.wp.com\/blogdalucianaoliveira.com.br\/blog\/wp-content\/uploads\/2016\/12\/IMG_9416.jpg?fit=300%2C158\" data-large-file=\"https:\/\/i0.wp.com\/blogdalucianaoliveira.com.br\/blog\/wp-content\/uploads\/2016\/12\/IMG_9416.jpg?fit=600%2C315\" src=\"https:\/\/i0.wp.com\/blogdalucianaoliveira.com.br\/blog\/wp-content\/uploads\/2016\/12\/IMG_9416.jpg?resize=600%2C315\" alt=\"img_9416\" width=\"600\" height=\"315\" class=\"alignnone size-full wp-image-7075\" srcset=\"https:\/\/i0.wp.com\/blogdalucianaoliveira.com.br\/blog\/wp-content\/uploads\/2016\/12\/IMG_9416.jpg?w=1181 1181w, https:\/\/i0.wp.com\/blogdalucianaoliveira.com.br\/blog\/wp-content\/uploads\/2016\/12\/IMG_9416.jpg?resize=300%2C158 300w, https:\/\/i0.wp.com\/blogdalucianaoliveira.com.br\/blog\/wp-content\/uploads\/2016\/12\/IMG_9416.jpg?resize=768%2C404 768w, https:\/\/i0.wp.com\/blogdalucianaoliveira.com.br\/blog\/wp-content\/uploads\/2016\/12\/IMG_9416.jpg?resize=1024%2C538 1024w, https:\/\/i0.wp.com\/blogdalucianaoliveira.com.br\/blog\/wp-content\/uploads\/2016\/12\/IMG_9416.jpg?resize=571%2C300 571w\" sizes=\"auto, (max-width: 600px) 100vw, 600px\" \/><br \/>\n\u00a0<br \/>\nOs familiares e os companheiros do Movimento dos Atingidos por Barragens convidam todos e todas que nos \u00faltimos 11 meses se solidarizaram com a hist\u00f3ria de vida e luta da companheira Nilce de Souza Magalh\u00e3es, a Nicinha, para um ato de despedida.\u00a0<!--more--><\/p>\n<p>A cerim\u00f4nia de homenagem e despedida da Nicinha acontecer\u00e1 no dia 21 de dezembro de 2016 na igrejinha de Santo Ant\u00f4nio em (Porto Velho- RO), \u00e0s 10 horas celebra\u00e7\u00e3o seguida das homenagens, e a partir das 15 horas, momento celebrativo de envio e sepultamento no Cemit\u00e9rio Santo Ant\u00f4nio.\u00a0<br \/>\n\u00a0<br \/>\n\u00c1guas para vida, n\u00e3o para morte!<br \/>\n#NicinhaPresente<br \/>\n#NicinhaVive<\/p>\n<div data-url=\"https:\/\/issuu.com\/mabnacional\/docs\/merged__2_\" style=\"width: 600px; height: 439px;\" class=\"issuuembed\"><\/div>\n<p><script type=\"text\/javascript\" src=\"\/\/e.issuu.com\/embed.js\" async=\"true\"><\/script><\/p>\n","protected":false},"excerpt":{"rendered":"<p>\u00a0 Os familiares e os companheiros do Movimento dos Atingidos por Barragens convidam todos e todas que nos \u00faltimos 11 meses se solidarizaram com a hist\u00f3ria de vida e luta da companheira Nilce de Souza Magalh\u00e3es, a Nicinha, para um ato de despedida.\u00a0<\/p>\n","protected":false},"author":1,"featured_media":0,"comment_status":"closed","ping_status":"open","sticky":false,"template":"","format":"standard","meta":{"_exactmetrics_skip_tracking":false,"_exactmetrics_sitenote_active":false,"_exactmetrics_sitenote_note":"","_exactmetrics_sitenote_category":0,"jetpack_post_was_ever_published":false,"_jetpack_newsletter_access":"","_jetpack_dont_email_post_to_subs":false,"_jetpack_newsletter_tier_id":0,"_jetpack_memberships_contains_paywalled_content":false,"_jetpack_memberships_contains_paid_content":false,"footnotes":"","jetpack_publicize_message":"","jetpack_publicize_feature_enabled":true,"jetpack_social_post_already_shared":true,"jetpack_social_options":{"image_generator_settings":{"template":"highway","enabled":false},"version":2}},"categories":[1],"tags":[184,231],"class_list":["post-7074","post","type-post","status-publish","format-standard","hentry","category-notas","tag-mab","tag-nicinha"],"jetpack_publicize_connections":[],"jetpack_sharing_enabled":true,"jetpack_featured_media_url":"","jetpack_shortlink":"https:\/\/wp.me\/p7wKYW-1Q6","jetpack-related-posts":[],"_links":{"self":[{"href":"http:\/\/blogdalucianaoliveira.com.br\/blog\/wp-json\/wp\/v2\/posts\/7074","targetHints":{"allow":["GET"]}}],"collection":[{"href":"http:\/\/blogdalucianaoliveira.com.br\/blog\/wp-json\/wp\/v2\/posts"}],"about":[{"href":"http:\/\/blogdalucianaoliveira.com.br\/blog\/wp-json\/wp\/v2\/types\/post"}],"author":[{"embeddable":true,"href":"http:\/\/blogdalucianaoliveira.com.br\/blog\/wp-json\/wp\/v2\/users\/1"}],"replies":[{"embeddable":true,"href":"http:\/\/blogdalucianaoliveira.com.br\/blog\/wp-json\/wp\/v2\/comments?post=7074"}],"version-history":[{"count":2,"href":"http:\/\/blogdalucianaoliveira.com.br\/blog\/wp-json\/wp\/v2\/posts\/7074\/revisions"}],"predecessor-version":[{"id":7077,"href":"http:\/\/blogdalucianaoliveira.com.br\/blog\/wp-json\/wp\/v2\/posts\/7074\/revisions\/7077"}],"wp:attachment":[{"href":"http:\/\/blogdalucianaoliveira.com.br\/blog\/wp-json\/wp\/v2\/media?parent=7074"}],"wp:term":[{"taxonomy":"category","embeddable":true,"href":"http:\/\/blogdalucianaoliveira.com.br\/blog\/wp-json\/wp\/v2\/categories?post=7074"},{"taxonomy":"post_tag","embeddable":true,"href":"http:\/\/blogdalucianaoliveira.com.br\/blog\/wp-json\/wp\/v2\/tags?post=7074"}],"curies":[{"name":"wp","href":"https:\/\/api.w.org\/{rel}","templated":true}]}}