{"id":7081,"date":"2016-12-19T12:52:36","date_gmt":"2016-12-19T16:52:36","guid":{"rendered":"http:\/\/blogdalucianaoliveira.com.br\/blog\/?p=7081"},"modified":"2016-12-19T12:57:53","modified_gmt":"2016-12-19T16:57:53","slug":"entao-e-natal-o-que-voce-fez","status":"publish","type":"post","link":"http:\/\/blogdalucianaoliveira.com.br\/blog\/2016\/12\/19\/entao-e-natal-o-que-voce-fez\/","title":{"rendered":"Ent\u00e3o \u00e9 natal. O que voc\u00ea fez?"},"content":{"rendered":"<p><img data-recalc-dims=\"1\" loading=\"lazy\" decoding=\"async\" data-attachment-id=\"7084\" data-permalink=\"http:\/\/blogdalucianaoliveira.com.br\/blog\/2016\/12\/19\/entao-e-natal-o-que-voce-fez\/baba-2\/\" data-orig-file=\"https:\/\/i0.wp.com\/blogdalucianaoliveira.com.br\/blog\/wp-content\/uploads\/2016\/12\/bab%C3%A1.jpg?fit=620%2C420\" data-orig-size=\"620,420\" data-comments-opened=\"0\" data-image-meta=\"{&quot;aperture&quot;:&quot;0&quot;,&quot;credit&quot;:&quot;&quot;,&quot;camera&quot;:&quot;&quot;,&quot;caption&quot;:&quot;&quot;,&quot;created_timestamp&quot;:&quot;0&quot;,&quot;copyright&quot;:&quot;&quot;,&quot;focal_length&quot;:&quot;0&quot;,&quot;iso&quot;:&quot;0&quot;,&quot;shutter_speed&quot;:&quot;0&quot;,&quot;title&quot;:&quot;&quot;,&quot;orientation&quot;:&quot;0&quot;}\" data-image-title=\"baba\" data-image-description=\"\" data-image-caption=\"\" data-medium-file=\"https:\/\/i0.wp.com\/blogdalucianaoliveira.com.br\/blog\/wp-content\/uploads\/2016\/12\/bab%C3%A1.jpg?fit=300%2C203\" data-large-file=\"https:\/\/i0.wp.com\/blogdalucianaoliveira.com.br\/blog\/wp-content\/uploads\/2016\/12\/bab%C3%A1.jpg?fit=600%2C406\" src=\"https:\/\/i0.wp.com\/blogdalucianaoliveira.com.br\/blog\/wp-content\/uploads\/2016\/12\/bab%C3%A1.jpg?resize=600%2C406\" alt=\"baba\" width=\"600\" height=\"406\" class=\"alignnone size-full wp-image-7084\" srcset=\"https:\/\/i0.wp.com\/blogdalucianaoliveira.com.br\/blog\/wp-content\/uploads\/2016\/12\/bab%C3%A1.jpg?w=620 620w, https:\/\/i0.wp.com\/blogdalucianaoliveira.com.br\/blog\/wp-content\/uploads\/2016\/12\/bab%C3%A1.jpg?resize=300%2C203 300w, https:\/\/i0.wp.com\/blogdalucianaoliveira.com.br\/blog\/wp-content\/uploads\/2016\/12\/bab%C3%A1.jpg?resize=443%2C300 443w\" sizes=\"auto, (max-width: 600px) 100vw, 600px\" \/><\/p>\n<p>No \u00faltimo natal citei a Rever\u00eancia ao Destino, de Drumond, uma provoca\u00e7\u00e3o pra que cada um enxergasse a dist\u00e2ncia e a l\u00f3gica entre o dizer e o fazer.<!--more--><\/p>\n<p>\u00c0 \u00e9poca o povo brasileiro exigia moralidade na pol\u00edtica elegendo como salvador da p\u00e1tria o ex-deputado Eduardo Cunha, por autorizar motivado por vingan\u00e7a e com manobras ilegais a abertura do processo de impeachment da presidenta Dilma Rousseff.<\/p>\n<p>N\u00e3o fazia sentido que a sociedade tivesse esperan\u00e7as de \u00e9tica na pol\u00edtica aplaudindo a indec\u00eancia do ent\u00e3o presidente da C\u00e2mara e de todos os parlamentares que o apoiaram no impeachment sem crime.<\/p>\n<p>A Procuradoria Geral da Rep\u00fablica tentou impedir que Cunha determinasse o passo do calv\u00e1rio de Dilma, mas a demora proposital o manteve no cargo. Muitos que com facilidade cobravam o fim da corrup\u00e7\u00e3o, elegeram Cunha como \u201cbandido \u00fatil\u201d. <\/p>\n<p>Ele foi afastado da presid\u00eancia duas semanas ap\u00f3s o servi\u00e7o sujo e o fim justificou os meios, sem registro de espasmo moral da parcela que usou panelas pra fazer barulho por um Brasil mais honesto.<\/p>\n<p>Do poema que publiquei h\u00e1 um ano, destaco: <\/p>\n<p>\u201cF\u00e1cil \u00e9 mentir aos quatro ventos o que tentamos camuflar.<br \/>\nDif\u00edcil \u00e9 mentir para o nosso cora\u00e7\u00e3o.<br \/>\nF\u00e1cil \u00e9 ver o que queremos enxergar.<br \/>\nDif\u00edcil \u00e9 saber que nos iludimos com o que ach\u00e1vamos ter visto.\u201d<\/p>\n<p>Hoje, duvido que algu\u00e9m se conven\u00e7a que tenha valido a pena apoiar a chantagem como \u00f3leo lubrificante das engrenagens dos poderes. <\/p>\n<p>O que restou foi esse natal mixuruca em esperan\u00e7a por um Brasil mais \u00e9tico, mais justo, mais respeitado. <\/p>\n<p>Dilma foi tirada do poder com alta impopularidade e n\u00e3o podia ser diferente, afinal, ela lutou contra a sabotagem do legislativo, a omiss\u00e3o\/persegui\u00e7\u00e3o do judici\u00e1rio e o terrorismo psicol\u00f3gico da grande m\u00eddia sobre as massas.<\/p>\n<p>Temer teve tudo isso a seu favor e vira o ano sob a desconfian\u00e7a de 72% dos entrevistados na \u00faltima pesquisa Ibope.<\/p>\n<p>No natal da desesperan\u00e7a nos serviremos da culpa.<\/p>\n<p>Haver\u00e1 enfeites, presentes, comes e bebes e abra\u00e7os, mas com indisfar\u00e7\u00e1vel constrangimento pelo que foi prometido e n\u00e3o cumprido.<\/p>\n<p>\u201cF\u00e1cil \u00e9 ouvir a m\u00fasica que toca.<br \/>\nDif\u00edcil \u00e9 ouvir a sua consci\u00eancia, acenando o tempo todo, mostrando nossas escolhas erradas.\u201d<\/p>\n<p>Nem quem lutou o ano inteiro em favor da legalidade e da democracia, ficar\u00e1 imune ao mal estar.<\/p>\n<p>A inc\u00f4moda verdade que une \u00e9 a de que nos dividimos porque que uns querem ter mais escravizando outros.<\/p>\n<p>Foi por mais direitos pra quem menos precisa que a maioria mandou \u00e0s favas os escr\u00fapulos de consci\u00eancia.<\/p>\n<p>O Brasil que dobra a esquina de um ano para outro \u00e9 menos justo, torna os pobres mais invis\u00edveis nas pol\u00edticas de estado e isso nada tem a ver com os mandamentos crist\u00e3os t\u00e3o exaltados no natal.<\/p>\n","protected":false},"excerpt":{"rendered":"<p>No \u00faltimo natal citei a Rever\u00eancia ao Destino, de Drumond, uma provoca\u00e7\u00e3o pra que cada um enxergasse a dist\u00e2ncia e a l\u00f3gica entre o dizer e o fazer.<\/p>\n","protected":false},"author":1,"featured_media":0,"comment_status":"closed","ping_status":"open","sticky":false,"template":"","format":"standard","meta":{"_exactmetrics_skip_tracking":false,"_exactmetrics_sitenote_active":false,"_exactmetrics_sitenote_note":"","_exactmetrics_sitenote_category":0,"jetpack_post_was_ever_published":false,"_jetpack_newsletter_access":"","_jetpack_dont_email_post_to_subs":false,"_jetpack_newsletter_tier_id":0,"_jetpack_memberships_contains_paywalled_content":false,"_jetpack_memberships_contains_paid_content":false,"footnotes":"","jetpack_publicize_message":"","jetpack_publicize_feature_enabled":true,"jetpack_social_post_already_shared":true,"jetpack_social_options":{"image_generator_settings":{"template":"highway","enabled":false},"version":2}},"categories":[1],"tags":[110,233,39,232],"class_list":["post-7081","post","type-post","status-publish","format-standard","hentry","category-notas","tag-crise","tag-esperanca","tag-golpe","tag-natal"],"jetpack_publicize_connections":[],"jetpack_sharing_enabled":true,"jetpack_featured_media_url":"","jetpack_shortlink":"https:\/\/wp.me\/p7wKYW-1Qd","jetpack-related-posts":[],"_links":{"self":[{"href":"http:\/\/blogdalucianaoliveira.com.br\/blog\/wp-json\/wp\/v2\/posts\/7081","targetHints":{"allow":["GET"]}}],"collection":[{"href":"http:\/\/blogdalucianaoliveira.com.br\/blog\/wp-json\/wp\/v2\/posts"}],"about":[{"href":"http:\/\/blogdalucianaoliveira.com.br\/blog\/wp-json\/wp\/v2\/types\/post"}],"author":[{"embeddable":true,"href":"http:\/\/blogdalucianaoliveira.com.br\/blog\/wp-json\/wp\/v2\/users\/1"}],"replies":[{"embeddable":true,"href":"http:\/\/blogdalucianaoliveira.com.br\/blog\/wp-json\/wp\/v2\/comments?post=7081"}],"version-history":[{"count":2,"href":"http:\/\/blogdalucianaoliveira.com.br\/blog\/wp-json\/wp\/v2\/posts\/7081\/revisions"}],"predecessor-version":[{"id":7085,"href":"http:\/\/blogdalucianaoliveira.com.br\/blog\/wp-json\/wp\/v2\/posts\/7081\/revisions\/7085"}],"wp:attachment":[{"href":"http:\/\/blogdalucianaoliveira.com.br\/blog\/wp-json\/wp\/v2\/media?parent=7081"}],"wp:term":[{"taxonomy":"category","embeddable":true,"href":"http:\/\/blogdalucianaoliveira.com.br\/blog\/wp-json\/wp\/v2\/categories?post=7081"},{"taxonomy":"post_tag","embeddable":true,"href":"http:\/\/blogdalucianaoliveira.com.br\/blog\/wp-json\/wp\/v2\/tags?post=7081"}],"curies":[{"name":"wp","href":"https:\/\/api.w.org\/{rel}","templated":true}]}}