{"id":7086,"date":"2016-12-19T13:27:33","date_gmt":"2016-12-19T17:27:33","guid":{"rendered":"http:\/\/blogdalucianaoliveira.com.br\/blog\/?p=7086"},"modified":"2016-12-19T13:31:22","modified_gmt":"2016-12-19T17:31:22","slug":"o-problema-maior-do-brasil-e-o-cinismo","status":"publish","type":"post","link":"http:\/\/blogdalucianaoliveira.com.br\/blog\/2016\/12\/19\/o-problema-maior-do-brasil-e-o-cinismo\/","title":{"rendered":"O problema maior do Brasil \u00e9 o cinismo"},"content":{"rendered":"<p><img data-recalc-dims=\"1\" loading=\"lazy\" decoding=\"async\" data-attachment-id=\"7087\" data-permalink=\"http:\/\/blogdalucianaoliveira.com.br\/blog\/2016\/12\/19\/o-problema-maior-do-brasil-e-o-cinismo\/jurist-reale-junior-speaks-during-a-session-to-review-the-request-for-brazilian-president-rousseffs-impeachment-at-the-chamber-of-deputies-in-brasilia\/\" data-orig-file=\"https:\/\/i0.wp.com\/blogdalucianaoliveira.com.br\/blog\/wp-content\/uploads\/2016\/12\/reale.jpg?fit=1700%2C1134\" data-orig-size=\"1700,1134\" data-comments-opened=\"0\" data-image-meta=\"{&quot;aperture&quot;:&quot;0&quot;,&quot;credit&quot;:&quot;REUTERS&quot;,&quot;camera&quot;:&quot;&quot;,&quot;caption&quot;:&quot;Jurist Miguel Reale Junior speaks during a session to review the request for Brazilian President Dilma Rousseff&#039;s impeachment at the Chamber of Deputies in Brasilia, Brazil April 15, 2016. REUTERS\\\/Ueslei Marcelino&quot;,&quot;created_timestamp&quot;:&quot;1460726797&quot;,&quot;copyright&quot;:&quot;&quot;,&quot;focal_length&quot;:&quot;0&quot;,&quot;iso&quot;:&quot;0&quot;,&quot;shutter_speed&quot;:&quot;0&quot;,&quot;title&quot;:&quot;Jurist Reale Junior speaks during a session to review the request for Brazilian President Rousseff&#039;s impeachment at the Chamber of Deputies in Brasilia&quot;,&quot;orientation&quot;:&quot;0&quot;}\" data-image-title=\"Jurist Reale Junior speaks during a session to review the request for Brazilian President Rousseff&amp;#8217;s impeachment at the Chamber of Deputies in Brasilia\" data-image-description=\"\" data-image-caption=\"\" data-medium-file=\"https:\/\/i0.wp.com\/blogdalucianaoliveira.com.br\/blog\/wp-content\/uploads\/2016\/12\/reale.jpg?fit=300%2C200\" data-large-file=\"https:\/\/i0.wp.com\/blogdalucianaoliveira.com.br\/blog\/wp-content\/uploads\/2016\/12\/reale.jpg?fit=600%2C400\" src=\"https:\/\/i0.wp.com\/blogdalucianaoliveira.com.br\/blog\/wp-content\/uploads\/2016\/12\/reale.jpg?resize=600%2C400\" alt=\" \" width=\"600\" height=\"400\" class=\"alignnone size-full wp-image-7087\" srcset=\"https:\/\/i0.wp.com\/blogdalucianaoliveira.com.br\/blog\/wp-content\/uploads\/2016\/12\/reale.jpg?w=1700 1700w, https:\/\/i0.wp.com\/blogdalucianaoliveira.com.br\/blog\/wp-content\/uploads\/2016\/12\/reale.jpg?resize=300%2C200 300w, https:\/\/i0.wp.com\/blogdalucianaoliveira.com.br\/blog\/wp-content\/uploads\/2016\/12\/reale.jpg?resize=768%2C512 768w, https:\/\/i0.wp.com\/blogdalucianaoliveira.com.br\/blog\/wp-content\/uploads\/2016\/12\/reale.jpg?resize=1024%2C683 1024w, https:\/\/i0.wp.com\/blogdalucianaoliveira.com.br\/blog\/wp-content\/uploads\/2016\/12\/reale.jpg?resize=450%2C300 450w, https:\/\/i0.wp.com\/blogdalucianaoliveira.com.br\/blog\/wp-content\/uploads\/2016\/12\/reale.jpg?w=1200 1200w\" sizes=\"auto, (max-width: 600px) 100vw, 600px\" \/> <\/p>\n<p>N\u00e3o h\u00e1 corrup\u00e7\u00e3o no governo Temer, diz Reale Jr., autor do pedido de impeachment<!--more--><\/p>\n<p>No DCM<\/p>\n<p>De Miguel Reale Junior, jurista filiado ao PSDB, autor do pedido de impeachment de Dilma, feito com parceria com Jana\u00edna Paschoal e H\u00e9lio Bicudo, ao Valor:<\/p>\n<p>Valor: O senhor foi um dos autores do pedido de impeachment de Dilma. A pol\u00edtica e a economia continuam em crise. Qual sua avalia\u00e7\u00e3o da conjuntura?<\/p>\n<p>Miguel Reale Junior: Deve-se examinar o que teria acontecido se n\u00e3o tivesse o impeachment. A situa\u00e7\u00e3o estaria muito pior. Medidas muito dif\u00edceis foram adotadas, que n\u00e3o teriam sido implementadas, a come\u00e7ar pela PEC do teto. Foi um ponto de partida necess\u00e1rio para estabelecer a confian\u00e7a de agentes econ\u00f4micos e de investidores estrangeiros. O problema \u00e9 que a classe pol\u00edtica e a estrutura s\u00e3o as mesmas. N\u00e3o houve nem poderia haver uma efetiva altera\u00e7\u00e3o. Temer teve a coragem de apresentar uma proposta de reforma previdenci\u00e1ria profunda, que vai enfrentar resist\u00eancias. Ao mesmo tempo ele tem uma \u2018entourage\u2019 ligada a um passado viciado, de pessoas envolvidas na corrup\u00e7\u00e3o do mensal\u00e3o, do petrol\u00e3o. Mas temos que pensar que se n\u00e3o houvesse o impeachment, n\u00e3o haveria os quatro processos contra Lula. Se Dilma tivesse permanecido, Lula seria ministro e estaria fazendo manobras, aliado a Renan Calheiros. Renan continuaria com sua aud\u00e1cia.<\/p>\n<p>Valor: Mas Renan continua forte com Temer e descumpriu determina\u00e7\u00e3o de ministro do Supremo\u2026<\/p>\n<p>Reale Junior: Para Renan, fazer maldades e viver nessa linha fronteiri\u00e7a \u00e9 quase um v\u00edcio. O quadro pol\u00edtico n\u00e3o mudou porque a classe pol\u00edtica na sua maioria n\u00e3o mudou. Houve mudan\u00e7as muito superficiais, que ocorreram \u00e0 medida que foram caindo os amigos do presidente.<\/p>\n<p>Valor: O modelo de governo corrupto foi substitu\u00eddo por outro equivalente? Seis ministros e o melhor amigo do presidente j\u00e1 ca\u00edram em sete meses. O que mudou?<\/p>\n<p>Reale Junior: N\u00e3o est\u00e1 havendo corrup\u00e7\u00e3o.<\/p>\n<p>Valor: Pessoas do governo foram delatadas em esquemas de corrup\u00e7\u00e3o\u2026<\/p>\n<p>Reale Junior: \u00c9 no passado. Agora n\u00e3o tem corrup\u00e7\u00e3o. Isso \u00e9 o que importa.<\/p>\n<p>Valor: Qual a garantia de que n\u00e3o est\u00e1 havendo corrup\u00e7\u00e3o? <\/p>\n<p>Reale Junior: Agora est\u00e1 havendo um controle, tanto que imediatamente pessoas meramente denunciadas foram destitu\u00eddas [dos cargos]. H\u00e1 forte controle social. A grande for\u00e7a pol\u00edtica hoje n\u00e3o s\u00e3o os partidos, a classe pol\u00edtica, nem a imprensa. S\u00e3o as redes sociais.<\/p>\n<p>Valor: O senhor diz que n\u00e3o h\u00e1 mais corrup\u00e7\u00e3o, mas o ex-ministro Geddel Vieira Lima caiu por den\u00fancias de irregularidades.<\/p>\n<p>Reale Junior: Mas n\u00e3o \u00e9 corrup\u00e7\u00e3o. Seria prevarica\u00e7\u00e3o [omiss\u00e3o]. Corrup\u00e7\u00e3o \u00e9 dinheiro em troca de vantagens, licita\u00e7\u00e3o fraudulenta. Isso n\u00e3o se tem conhecimento.<\/p>\n<p>Valor: E o caso de Jos\u00e9 Yunes, acusado de receber por caixa dois? O fato de ter sa\u00eddo do governo n\u00e3o refor\u00e7a os ind\u00edcios de irregularidades?<\/p>\n<p>Reale Junior: \u00c9 um fato que aconteceu l\u00e1 atr\u00e1s. O fato de ele ter sa\u00eddo \u00e9 porque se transformou em uma pessoa inc\u00f4moda e as redes sociais cobraram. N\u00e3o existe fato indicativo de qualquer corrup\u00e7\u00e3o hoje.<\/p>\n<p>(\u2026)<\/p>\n","protected":false},"excerpt":{"rendered":"<p>N\u00e3o h\u00e1 corrup\u00e7\u00e3o no governo Temer, diz Reale Jr., autor do pedido de impeachment<\/p>\n","protected":false},"author":1,"featured_media":7087,"comment_status":"closed","ping_status":"open","sticky":false,"template":"","format":"standard","meta":{"_exactmetrics_skip_tracking":false,"_exactmetrics_sitenote_active":false,"_exactmetrics_sitenote_note":"","_exactmetrics_sitenote_category":0,"jetpack_post_was_ever_published":false,"_jetpack_newsletter_access":"","_jetpack_dont_email_post_to_subs":false,"_jetpack_newsletter_tier_id":0,"_jetpack_memberships_contains_paywalled_content":false,"_jetpack_memberships_contains_paid_content":false,"footnotes":"","jetpack_publicize_message":"","jetpack_publicize_feature_enabled":true,"jetpack_social_post_already_shared":true,"jetpack_social_options":{"image_generator_settings":{"template":"highway","enabled":false},"version":2}},"categories":[1],"tags":[235,21,234],"class_list":["post-7086","post","type-post","status-publish","format-standard","has-post-thumbnail","hentry","category-notas","tag-cinismo","tag-corrupcao","tag-reale"],"jetpack_publicize_connections":[],"jetpack_sharing_enabled":true,"jetpack_featured_media_url":"https:\/\/i0.wp.com\/blogdalucianaoliveira.com.br\/blog\/wp-content\/uploads\/2016\/12\/reale.jpg?fit=1700%2C1134","jetpack_shortlink":"https:\/\/wp.me\/p7wKYW-1Qi","jetpack-related-posts":[],"_links":{"self":[{"href":"http:\/\/blogdalucianaoliveira.com.br\/blog\/wp-json\/wp\/v2\/posts\/7086","targetHints":{"allow":["GET"]}}],"collection":[{"href":"http:\/\/blogdalucianaoliveira.com.br\/blog\/wp-json\/wp\/v2\/posts"}],"about":[{"href":"http:\/\/blogdalucianaoliveira.com.br\/blog\/wp-json\/wp\/v2\/types\/post"}],"author":[{"embeddable":true,"href":"http:\/\/blogdalucianaoliveira.com.br\/blog\/wp-json\/wp\/v2\/users\/1"}],"replies":[{"embeddable":true,"href":"http:\/\/blogdalucianaoliveira.com.br\/blog\/wp-json\/wp\/v2\/comments?post=7086"}],"version-history":[{"count":3,"href":"http:\/\/blogdalucianaoliveira.com.br\/blog\/wp-json\/wp\/v2\/posts\/7086\/revisions"}],"predecessor-version":[{"id":7090,"href":"http:\/\/blogdalucianaoliveira.com.br\/blog\/wp-json\/wp\/v2\/posts\/7086\/revisions\/7090"}],"wp:featuredmedia":[{"embeddable":true,"href":"http:\/\/blogdalucianaoliveira.com.br\/blog\/wp-json\/wp\/v2\/media\/7087"}],"wp:attachment":[{"href":"http:\/\/blogdalucianaoliveira.com.br\/blog\/wp-json\/wp\/v2\/media?parent=7086"}],"wp:term":[{"taxonomy":"category","embeddable":true,"href":"http:\/\/blogdalucianaoliveira.com.br\/blog\/wp-json\/wp\/v2\/categories?post=7086"},{"taxonomy":"post_tag","embeddable":true,"href":"http:\/\/blogdalucianaoliveira.com.br\/blog\/wp-json\/wp\/v2\/tags?post=7086"}],"curies":[{"name":"wp","href":"https:\/\/api.w.org\/{rel}","templated":true}]}}