{"id":7091,"date":"2016-12-19T13:42:48","date_gmt":"2016-12-19T17:42:48","guid":{"rendered":"http:\/\/blogdalucianaoliveira.com.br\/blog\/?p=7091"},"modified":"2016-12-19T13:42:48","modified_gmt":"2016-12-19T17:42:48","slug":"golpistas-querem-constituinte-sem-voto","status":"publish","type":"post","link":"http:\/\/blogdalucianaoliveira.com.br\/blog\/2016\/12\/19\/golpistas-querem-constituinte-sem-voto\/","title":{"rendered":"Golpistas querem Constituinte sem voto!"},"content":{"rendered":"<p><img data-recalc-dims=\"1\" loading=\"lazy\" decoding=\"async\" data-attachment-id=\"7092\" data-permalink=\"http:\/\/blogdalucianaoliveira.com.br\/blog\/2016\/12\/19\/golpistas-querem-constituinte-sem-voto\/cf\/\" data-orig-file=\"https:\/\/i0.wp.com\/blogdalucianaoliveira.com.br\/blog\/wp-content\/uploads\/2016\/12\/cf.jpg?fit=500%2C360\" data-orig-size=\"500,360\" data-comments-opened=\"0\" data-image-meta=\"{&quot;aperture&quot;:&quot;0&quot;,&quot;credit&quot;:&quot;&quot;,&quot;camera&quot;:&quot;HP Scanjet 4800&quot;,&quot;caption&quot;:&quot;&quot;,&quot;created_timestamp&quot;:&quot;0&quot;,&quot;copyright&quot;:&quot;&quot;,&quot;focal_length&quot;:&quot;0&quot;,&quot;iso&quot;:&quot;0&quot;,&quot;shutter_speed&quot;:&quot;0&quot;,&quot;title&quot;:&quot;&quot;,&quot;orientation&quot;:&quot;1&quot;}\" data-image-title=\"cf\" data-image-description=\"\" data-image-caption=\"\" data-medium-file=\"https:\/\/i0.wp.com\/blogdalucianaoliveira.com.br\/blog\/wp-content\/uploads\/2016\/12\/cf.jpg?fit=300%2C216\" data-large-file=\"https:\/\/i0.wp.com\/blogdalucianaoliveira.com.br\/blog\/wp-content\/uploads\/2016\/12\/cf.jpg?fit=500%2C360\" src=\"https:\/\/i0.wp.com\/blogdalucianaoliveira.com.br\/blog\/wp-content\/uploads\/2016\/12\/cf.jpg?resize=500%2C360\" alt=\"cf\" width=\"500\" height=\"360\" class=\"alignnone size-full wp-image-7092\" srcset=\"https:\/\/i0.wp.com\/blogdalucianaoliveira.com.br\/blog\/wp-content\/uploads\/2016\/12\/cf.jpg?w=500 500w, https:\/\/i0.wp.com\/blogdalucianaoliveira.com.br\/blog\/wp-content\/uploads\/2016\/12\/cf.jpg?resize=300%2C216 300w, https:\/\/i0.wp.com\/blogdalucianaoliveira.com.br\/blog\/wp-content\/uploads\/2016\/12\/cf.jpg?resize=417%2C300 417w\" sizes=\"auto, (max-width: 500px) 100vw, 500px\" \/><\/p>\n<p>No Tijola\u00e7o<br \/>\nPor Fernando Britto<!--more--><\/p>\n<p>Na quarta-feira, sem muito estardalha\u00e7o, o deputado Rog\u00e9rio Rosso (PSD-DF), um dos l\u00edderes do \u201ccentr\u00e3o\u201de derrotado por Rodrigo Maia, por artes de Michel Temer, na elei\u00e7\u00e3o para a presid\u00eancia da C\u00e2mara apresentou um projeto, no m\u00ednimo, estranho. com outras assinaturas, entre elas a de Miro Teixeira (Rede-RJ).<\/p>\n<p>\u00c9 a Proposta de Emenda Constitucional 298\/2016, que convoca \u2013 sem elei\u00e7\u00e3o \u2013 uma Assembl\u00e9ia Nacional Constituinte com poderes para modificar a Constitui\u00e7\u00e3o em praticamente tudo, embora diga que, em tese, o tema ser\u00e1 reforma pol\u00edtica e eleitoral. Porque, no texto, excluiu-se de sua compet\u00eancia, expressamente, apenas o Estado Democr\u00e1tico de Direito, a separa\u00e7\u00e3o dos Poderes, o voto direto, secreto, universal e peri\u00f3dico, a forma federativa de Estado, os direitos e garantias individuais e o pluralismo pol\u00edtico.<\/p>\n<p>Nada tem a ver com outra emenda proposta por Miro Teixeira que estabelece a elei\u00e7\u00e3o direta de Presidente em caso de vac\u00e2ncia do cargo passados dois anos da elei\u00e7\u00e3o.<\/p>\n<p>A justifica\u00e7\u00e3o da PEC \u00e9 vagu\u00edssima. Diz apenas que \u201ccabe ao Congresso Nacional chamar para si a responsabilidade que lhe confere a Lei Maior e adotar as medidas necess\u00e1rias ao restabelecimento da normalidade e da pacifica\u00e7\u00e3o institucional pela qual anseia a sociedade\u201d.<\/p>\n<p>192 deputados assinaram em apoio \u00e0 PEC. N\u00e3o quer dizer muito, pelo h\u00e1bito parlamentar de assinar apenas para dar n\u00famero para a apresenta\u00e7\u00e3o. Mas chama a aten\u00e7\u00e3o que os parlamentares do PSDB e do DEM sejam muito poucos na lista.<\/p>\n<p>Pode ser que eu esteja enganado, mas h\u00e1 um fedor de uma manobra parlamentarista em curso, provavelmente fadada ao desastre; desastre que ser\u00e1 pior ainda se consumada, porque o povo brasileiro vai saber que eleger\u00e1, em 2018, um Presidente da Rep\u00fablica sem poderes.<\/p>\n<p>Esta PEC tem cara de jabuti no galho e, todos sabem, ele n\u00e3o vai parar ali sozinho.<\/p>\n","protected":false},"excerpt":{"rendered":"<p>No Tijola\u00e7o Por Fernando Britto<\/p>\n","protected":false},"author":1,"featured_media":0,"comment_status":"closed","ping_status":"open","sticky":false,"template":"","format":"standard","meta":{"_exactmetrics_skip_tracking":false,"_exactmetrics_sitenote_active":false,"_exactmetrics_sitenote_note":"","_exactmetrics_sitenote_category":0,"jetpack_post_was_ever_published":false,"_jetpack_newsletter_access":"","_jetpack_dont_email_post_to_subs":false,"_jetpack_newsletter_tier_id":0,"_jetpack_memberships_contains_paywalled_content":false,"_jetpack_memberships_contains_paid_content":false,"footnotes":"","jetpack_publicize_message":"","jetpack_publicize_feature_enabled":true,"jetpack_social_post_already_shared":true,"jetpack_social_options":{"image_generator_settings":{"template":"highway","enabled":false},"version":2}},"categories":[1],"tags":[236,227,39],"class_list":["post-7091","post","type-post","status-publish","format-standard","hentry","category-notas","tag-constituinte","tag-diretas","tag-golpe"],"jetpack_publicize_connections":[],"jetpack_sharing_enabled":true,"jetpack_featured_media_url":"","jetpack_shortlink":"https:\/\/wp.me\/p7wKYW-1Qn","jetpack-related-posts":[],"_links":{"self":[{"href":"http:\/\/blogdalucianaoliveira.com.br\/blog\/wp-json\/wp\/v2\/posts\/7091","targetHints":{"allow":["GET"]}}],"collection":[{"href":"http:\/\/blogdalucianaoliveira.com.br\/blog\/wp-json\/wp\/v2\/posts"}],"about":[{"href":"http:\/\/blogdalucianaoliveira.com.br\/blog\/wp-json\/wp\/v2\/types\/post"}],"author":[{"embeddable":true,"href":"http:\/\/blogdalucianaoliveira.com.br\/blog\/wp-json\/wp\/v2\/users\/1"}],"replies":[{"embeddable":true,"href":"http:\/\/blogdalucianaoliveira.com.br\/blog\/wp-json\/wp\/v2\/comments?post=7091"}],"version-history":[{"count":1,"href":"http:\/\/blogdalucianaoliveira.com.br\/blog\/wp-json\/wp\/v2\/posts\/7091\/revisions"}],"predecessor-version":[{"id":7093,"href":"http:\/\/blogdalucianaoliveira.com.br\/blog\/wp-json\/wp\/v2\/posts\/7091\/revisions\/7093"}],"wp:attachment":[{"href":"http:\/\/blogdalucianaoliveira.com.br\/blog\/wp-json\/wp\/v2\/media?parent=7091"}],"wp:term":[{"taxonomy":"category","embeddable":true,"href":"http:\/\/blogdalucianaoliveira.com.br\/blog\/wp-json\/wp\/v2\/categories?post=7091"},{"taxonomy":"post_tag","embeddable":true,"href":"http:\/\/blogdalucianaoliveira.com.br\/blog\/wp-json\/wp\/v2\/tags?post=7091"}],"curies":[{"name":"wp","href":"https:\/\/api.w.org\/{rel}","templated":true}]}}