{"id":7100,"date":"2016-12-20T13:55:18","date_gmt":"2016-12-20T17:55:18","guid":{"rendered":"http:\/\/blogdalucianaoliveira.com.br\/blog\/?p=7100"},"modified":"2016-12-20T13:55:18","modified_gmt":"2016-12-20T17:55:18","slug":"ex-presidente-do-psb-afirma-que-tucanos-tem-pavor-de-eleicoes-e-que-temer-comecara-a-ser-deposto-somente-a-partir-de-janeiro","status":"publish","type":"post","link":"http:\/\/blogdalucianaoliveira.com.br\/blog\/2016\/12\/20\/ex-presidente-do-psb-afirma-que-tucanos-tem-pavor-de-eleicoes-e-que-temer-comecara-a-ser-deposto-somente-a-partir-de-janeiro\/","title":{"rendered":"Ex-presidente do PSB afirma que tucanos t\u00eam pavor de elei\u00e7\u00f5es e que Temer come\u00e7ar\u00e1 a ser deposto somente a partir de janeiro"},"content":{"rendered":"<p><img data-recalc-dims=\"1\" loading=\"lazy\" decoding=\"async\" data-attachment-id=\"7102\" data-permalink=\"http:\/\/blogdalucianaoliveira.com.br\/blog\/2016\/12\/20\/ex-presidente-do-psb-afirma-que-tucanos-tem-pavor-de-eleicoes-e-que-temer-comecara-a-ser-deposto-somente-a-partir-de-janeiro\/img_9533\/\" data-orig-file=\"https:\/\/i0.wp.com\/blogdalucianaoliveira.com.br\/blog\/wp-content\/uploads\/2016\/12\/IMG_9533.jpg?fit=500%2C294\" data-orig-size=\"500,294\" data-comments-opened=\"0\" data-image-meta=\"{&quot;aperture&quot;:&quot;0&quot;,&quot;credit&quot;:&quot;&quot;,&quot;camera&quot;:&quot;&quot;,&quot;caption&quot;:&quot;&quot;,&quot;created_timestamp&quot;:&quot;0&quot;,&quot;copyright&quot;:&quot;&quot;,&quot;focal_length&quot;:&quot;0&quot;,&quot;iso&quot;:&quot;0&quot;,&quot;shutter_speed&quot;:&quot;0&quot;,&quot;title&quot;:&quot;&quot;,&quot;orientation&quot;:&quot;0&quot;}\" data-image-title=\"img_9533\" data-image-description=\"\" data-image-caption=\"\" data-medium-file=\"https:\/\/i0.wp.com\/blogdalucianaoliveira.com.br\/blog\/wp-content\/uploads\/2016\/12\/IMG_9533.jpg?fit=300%2C176\" data-large-file=\"https:\/\/i0.wp.com\/blogdalucianaoliveira.com.br\/blog\/wp-content\/uploads\/2016\/12\/IMG_9533.jpg?fit=500%2C294\" src=\"https:\/\/i0.wp.com\/blogdalucianaoliveira.com.br\/blog\/wp-content\/uploads\/2016\/12\/IMG_9533.jpg?resize=500%2C294\" alt=\"img_9533\" width=\"500\" height=\"294\" class=\"alignnone size-full wp-image-7102\" srcset=\"https:\/\/i0.wp.com\/blogdalucianaoliveira.com.br\/blog\/wp-content\/uploads\/2016\/12\/IMG_9533.jpg?w=500 500w, https:\/\/i0.wp.com\/blogdalucianaoliveira.com.br\/blog\/wp-content\/uploads\/2016\/12\/IMG_9533.jpg?resize=300%2C176 300w\" sizes=\"auto, (max-width: 500px) 100vw, 500px\" \/><\/p>\n<p>\u201cA partir do dia 1\u00b0 de janeiro, Michel Temer \u00e9 uma carta descart\u00e1vel, que pode ser jogada fora do jogo, porque sua substitui\u00e7\u00e3o j\u00e1 poder\u00e1 ser por via indireta.\u201d <!--more--><\/p>\n<p>A previs\u00e3o \u00e9 do cientista pol\u00edtico, ex-ministro da Ci\u00eancia e Tecnologia e ex-presidente do PSB Roberto Amaral.<\/p>\n<p>Na opini\u00e3o de Amaral, Temer \u201cvai ser descartado\u201d com base em uma de duas justificativas. \u201cA primeira \u00e9 o aumento das den\u00fancias contra ele nas dela\u00e7\u00f5es da Odebrecht, porque ele est\u00e1 sabidamente envolvido; a outra \u00e9 a eventual decis\u00e3o do Tribunal Superior Eleitoral (TSE) de cassar a chapa Dilma-Temer. Pesam sobre ele essas duas espadas de D\u00e2mocles\u201d, diz Amaral. \u201cApesar da maioria que o governo tem no Congresso, e est\u00e1 demonstrando isso nas vota\u00e7\u00f5es, \u00e9 um governo fraco. O que se pode esperar \u00e9 uma crise mais profunda em 2017.\u201d<\/p>\n<p>Na semana passada, o assessor especial do presidente, Jos\u00e9 Yunes, entregou sua carta de demiss\u00e3o. Ele foi citado na dela\u00e7\u00e3o premiada do executivo da Odebrecht Cl\u00e1udio Melo Filho. Segundo a dela\u00e7\u00e3o, a um emiss\u00e1rio teria levado dinheiro vivo diretamente ao escrit\u00f3rio de Yunes para campanhas do PMDB, em 2014. O dinheiro seria parte dos R$ 10 milh\u00f5es que Marcelo Odebrecht teria destinado ao partido, supostamente a pedido de Temer durante um jantar em maio de 2014, no Pal\u00e1cio do Jaburu.<\/p>\n<p>Yunes foi o s\u00e9timo nome forte de Temer a deixar o governo. Antes sa\u00edram os ministros Romero Juc\u00e1 (Planejamento), Fabiano Silveira (Transpar\u00eancia), Henrique Eduardo Alves (Turismo), F\u00e1bio Medina Os\u00f3rio (Advocacia Geral da Uni\u00e3o), Marcelo Calero (Cultura) e Geddel Vieira Lima (Secretaria de Governo).<\/p>\n<p>Para Roberto Amaral, o presidente est\u00e1 vulner\u00e1vel ao julgamento do TSE previsto para o primeiro trimestre de 2017. \u201c\u00c9 o golpe dentro do golpe, com a tentativa da elei\u00e7\u00e3o indireta para seu substituto. O que o PSDB mais tem medo \u00e9 de elei\u00e7\u00e3o direta. Ele foge dela como o diabo da cruz.\u201d<\/p>\n<p>Amaral lembra que os dois nomes correndo para disputar, segundo a imprensa, seriam o ex-presidente Fernando Henrique Cardoso e o ex-ministro da Justi\u00e7a e ex-presidente do Supremo Tribunal Federal Nelson Jobim. \u201cFernando Henrique \u00e9 o puro sangue do PSDB, e Nelson Jobim teria a vantagem de acalmar o PMDB.\u201d Segundo essa vis\u00e3o, ressalta o cientista pol\u00edtico, Jobim mant\u00e9m boas rela\u00e7\u00f5es com o PT, com Lula e com a atual oposi\u00e7\u00e3o ao presidente da Rep\u00fablica.<\/p>\n<p>Conforme previs\u00e3o do artigo 81 da Constitui\u00e7\u00e3o Federal de 1988, vagando os cargos de presidente e vice-presidente da Rep\u00fablica, realiza-se nova elei\u00e7\u00e3o direta 90 dias depois de aberta a \u00faltima vaga. Por\u00e9m, se a vac\u00e2ncia acontecer nos \u00faltimos dois anos do mandato, a elei\u00e7\u00e3o \u00e9 indireta, no Congresso Nacional.<\/p>\n<p>Segundo pesquisa Datafolha divulgada no dia 11 de dezembro, 63% dos brasileiros querem a ren\u00fancia de Temer para possibilitar a realiza\u00e7\u00e3o de elei\u00e7\u00e3o direta. Mas a possibilidade \u00e9 virtualmente irrealiz\u00e1vel, devido ao mandamento constitucional, j\u00e1 que o presidente precisaria renunciar at\u00e9 o fim deste ano.<\/p>\n<p>Via Rede Brasil Atual<\/p>\n","protected":false},"excerpt":{"rendered":"<p>\u201cA partir do dia 1\u00b0 de janeiro, Michel Temer \u00e9 uma carta descart\u00e1vel, que pode ser jogada fora do jogo, porque sua substitui\u00e7\u00e3o j\u00e1 poder\u00e1 ser por via indireta.\u201d<\/p>\n","protected":false},"author":1,"featured_media":0,"comment_status":"closed","ping_status":"open","sticky":false,"template":"","format":"standard","meta":{"_exactmetrics_skip_tracking":false,"_exactmetrics_sitenote_active":false,"_exactmetrics_sitenote_note":"","_exactmetrics_sitenote_category":0,"jetpack_post_was_ever_published":false,"_jetpack_newsletter_access":"","_jetpack_dont_email_post_to_subs":false,"_jetpack_newsletter_tier_id":0,"_jetpack_memberships_contains_paywalled_content":false,"_jetpack_memberships_contains_paid_content":false,"footnotes":"","jetpack_publicize_message":"","jetpack_publicize_feature_enabled":true,"jetpack_social_post_already_shared":true,"jetpack_social_options":{"image_generator_settings":{"template":"highway","enabled":false},"version":2}},"categories":[1],"tags":[],"class_list":["post-7100","post","type-post","status-publish","format-standard","hentry","category-notas"],"jetpack_publicize_connections":[],"jetpack_sharing_enabled":true,"jetpack_featured_media_url":"","jetpack_shortlink":"https:\/\/wp.me\/p7wKYW-1Qw","jetpack-related-posts":[],"_links":{"self":[{"href":"http:\/\/blogdalucianaoliveira.com.br\/blog\/wp-json\/wp\/v2\/posts\/7100","targetHints":{"allow":["GET"]}}],"collection":[{"href":"http:\/\/blogdalucianaoliveira.com.br\/blog\/wp-json\/wp\/v2\/posts"}],"about":[{"href":"http:\/\/blogdalucianaoliveira.com.br\/blog\/wp-json\/wp\/v2\/types\/post"}],"author":[{"embeddable":true,"href":"http:\/\/blogdalucianaoliveira.com.br\/blog\/wp-json\/wp\/v2\/users\/1"}],"replies":[{"embeddable":true,"href":"http:\/\/blogdalucianaoliveira.com.br\/blog\/wp-json\/wp\/v2\/comments?post=7100"}],"version-history":[{"count":1,"href":"http:\/\/blogdalucianaoliveira.com.br\/blog\/wp-json\/wp\/v2\/posts\/7100\/revisions"}],"predecessor-version":[{"id":7103,"href":"http:\/\/blogdalucianaoliveira.com.br\/blog\/wp-json\/wp\/v2\/posts\/7100\/revisions\/7103"}],"wp:attachment":[{"href":"http:\/\/blogdalucianaoliveira.com.br\/blog\/wp-json\/wp\/v2\/media?parent=7100"}],"wp:term":[{"taxonomy":"category","embeddable":true,"href":"http:\/\/blogdalucianaoliveira.com.br\/blog\/wp-json\/wp\/v2\/categories?post=7100"},{"taxonomy":"post_tag","embeddable":true,"href":"http:\/\/blogdalucianaoliveira.com.br\/blog\/wp-json\/wp\/v2\/tags?post=7100"}],"curies":[{"name":"wp","href":"https:\/\/api.w.org\/{rel}","templated":true}]}}