{"id":7110,"date":"2016-12-20T14:14:39","date_gmt":"2016-12-20T18:14:39","guid":{"rendered":"http:\/\/blogdalucianaoliveira.com.br\/blog\/?p=7110"},"modified":"2016-12-20T14:14:39","modified_gmt":"2016-12-20T18:14:39","slug":"cnj-decide-investigar-ivan-sartori","status":"publish","type":"post","link":"http:\/\/blogdalucianaoliveira.com.br\/blog\/2016\/12\/20\/cnj-decide-investigar-ivan-sartori\/","title":{"rendered":"CNJ decide investigar Ivan Sartori"},"content":{"rendered":"<p><img data-recalc-dims=\"1\" loading=\"lazy\" decoding=\"async\" data-attachment-id=\"7111\" data-permalink=\"http:\/\/blogdalucianaoliveira.com.br\/blog\/2016\/12\/20\/cnj-decide-investigar-ivan-sartori\/img_9536\/\" data-orig-file=\"https:\/\/i0.wp.com\/blogdalucianaoliveira.com.br\/blog\/wp-content\/uploads\/2016\/12\/IMG_9536.jpg?fit=667%2C667\" data-orig-size=\"667,667\" data-comments-opened=\"0\" data-image-meta=\"{&quot;aperture&quot;:&quot;0&quot;,&quot;credit&quot;:&quot;&quot;,&quot;camera&quot;:&quot;&quot;,&quot;caption&quot;:&quot;&quot;,&quot;created_timestamp&quot;:&quot;0&quot;,&quot;copyright&quot;:&quot;&quot;,&quot;focal_length&quot;:&quot;0&quot;,&quot;iso&quot;:&quot;0&quot;,&quot;shutter_speed&quot;:&quot;0&quot;,&quot;title&quot;:&quot;&quot;,&quot;orientation&quot;:&quot;1&quot;}\" data-image-title=\"img_9536\" data-image-description=\"\" data-image-caption=\"\" data-medium-file=\"https:\/\/i0.wp.com\/blogdalucianaoliveira.com.br\/blog\/wp-content\/uploads\/2016\/12\/IMG_9536.jpg?fit=300%2C300\" data-large-file=\"https:\/\/i0.wp.com\/blogdalucianaoliveira.com.br\/blog\/wp-content\/uploads\/2016\/12\/IMG_9536.jpg?fit=600%2C600\" src=\"https:\/\/i0.wp.com\/blogdalucianaoliveira.com.br\/blog\/wp-content\/uploads\/2016\/12\/IMG_9536.jpg?resize=600%2C600\" alt=\"img_9536\" width=\"600\" height=\"600\" class=\"alignnone size-full wp-image-7111\" srcset=\"https:\/\/i0.wp.com\/blogdalucianaoliveira.com.br\/blog\/wp-content\/uploads\/2016\/12\/IMG_9536.jpg?w=667 667w, https:\/\/i0.wp.com\/blogdalucianaoliveira.com.br\/blog\/wp-content\/uploads\/2016\/12\/IMG_9536.jpg?resize=150%2C150 150w, https:\/\/i0.wp.com\/blogdalucianaoliveira.com.br\/blog\/wp-content\/uploads\/2016\/12\/IMG_9536.jpg?resize=300%2C300 300w\" sizes=\"auto, (max-width: 600px) 100vw, 600px\" \/><\/p>\n<p>Mais de 60 personalidades e organiza\u00e7\u00f5es apoiaram den\u00fancia contra Sartori no CNJ<br \/>\nPrefeitura de Cubat\u00e3o<!--more--><\/p>\n<p>Do Conectas<\/p>\n<p>O CNJ (Conselho Nacional de Justi\u00e7a) decidiu na sexta-feira (16\/12) abrir uma investiga\u00e7\u00e3o contra o desembargador Ivan Sartori, do Tribunal de Justi\u00e7a de S\u00e3o Paulo, por sua conduta no julgamento de recurso sobre o massacre do Carandiru. Em seu voto, apresentado no \u00faltimo m\u00eas de setembro, o magistrado pediu a anula\u00e7\u00e3o do j\u00fari de primeira inst\u00e2ncia e a absolvi\u00e7\u00e3o dos 74 policiais militares condenados pelo assassinato de 111 presos da Casa de Deten\u00e7\u00e3o em 1992.<\/p>\n<p>Na ocasi\u00e3o, o magistrado afirmou que \u201cn\u00e3o houve massacre, houve leg\u00edtima defesa\u201d. Depois, usou as redes sociais para insinuar que a repercuss\u00e3o negativa de sua decis\u00e3o estaria relacionada ao financiamento da imprensa e de entidades de direitos humanos pelo crime organizado.<\/p>\n<p>Em outubro, mais de 60 juristas, jornalistas e organiza\u00e7\u00f5es n\u00e3o-governamentais \u2013 entre elas a Conectas \u2013 enviaram uma reclama\u00e7\u00e3o disciplinar ao CNJ pedindo o afastamento de Sartori em car\u00e1ter liminar e a apura\u00e7\u00e3o de abusos, quebra de decoro, falta de isonomia e imparcialidade na condu\u00e7\u00e3o do caso.<\/p>\n<p>Na decis\u00e3o assinada na sexta-feira, o ministro Jo\u00e3o Ot\u00e1vio de Noronha, corregedor nacional de Justi\u00e7a, negou o pedido de liminar, mas determinou a abertura de investiga\u00e7\u00f5es \u201ca fim de se aferir eventual viola\u00e7\u00e3o dos deveres funcionais\u201d por parte de Sartori. O desembargador tem 15 dias para se manifestar.<\/p>\n<p>Se concluir que houve de fato irregularidade na conduta, o CNJ pode instaurar um processo administrativo disciplinar contra o magistrado, que seria ent\u00e3o julgado por todos os conselheiros. Se for considerado culpado, Sartori pode ser condenado \u00e0 aposentadoria compuls\u00f3ria.<\/p>\n<p>\u201cA decis\u00e3o do CNJ de investigar o caso \u00e9 um reconhecimento importante de que o Judici\u00e1rio est\u00e1 atento \u00e0s coloca\u00e7\u00f5es irrespons\u00e1veis e fantasiosas de Ivan Sartori\u201d, afirma Rafael Cust\u00f3dio, coordenador do programa de Justi\u00e7a da Conectas. \u201cO desembargador ofendeu os familiares das v\u00edtimas e ofendeu a Hist\u00f3ria brasileira, que certamente reconhece o massacre do Carandiru como um de seus mais nefastos e vergonhosos cap\u00edtulos\u201d, completa.<\/p>\n<p>Al\u00e9m da Conectas, entre as organiza\u00e7\u00f5es que assinaram a reclama\u00e7\u00e3o disciplinar est\u00e3o o F\u00f3rum Brasileiro de Seguran\u00e7a P\u00fablica, a Justi\u00e7a Global, o Centro Gaspar Garcia de Direitos Humanos, a Comiss\u00e3o Justi\u00e7a e Paz e o Instituto Vladimir Herzog. Tamb\u00e9m endossaram o documento personalidades, juristas e acad\u00eamicos como Jos\u00e9 Luiz Del Rojo, Jos\u00e9 Carlos Dias, Maria Stella Gregori, Jos\u00e9 Gregori, Luiz Carlos Bresser Pereira e Paulo S\u00e9rgio Pinheiro<\/p>\n","protected":false},"excerpt":{"rendered":"<p>Mais de 60 personalidades e organiza\u00e7\u00f5es apoiaram den\u00fancia contra Sartori no CNJ Prefeitura de Cubat\u00e3o<\/p>\n","protected":false},"author":1,"featured_media":0,"comment_status":"closed","ping_status":"open","sticky":false,"template":"","format":"standard","meta":{"_exactmetrics_skip_tracking":false,"_exactmetrics_sitenote_active":false,"_exactmetrics_sitenote_note":"","_exactmetrics_sitenote_category":0,"jetpack_post_was_ever_published":false,"_jetpack_newsletter_access":"","_jetpack_dont_email_post_to_subs":false,"_jetpack_newsletter_tier_id":0,"_jetpack_memberships_contains_paywalled_content":false,"_jetpack_memberships_contains_paid_content":false,"footnotes":"","jetpack_publicize_message":"","jetpack_publicize_feature_enabled":true,"jetpack_social_post_already_shared":true,"jetpack_social_options":{"image_generator_settings":{"template":"highway","enabled":false},"version":2}},"categories":[1],"tags":[],"class_list":["post-7110","post","type-post","status-publish","format-standard","hentry","category-notas"],"jetpack_publicize_connections":[],"jetpack_sharing_enabled":true,"jetpack_featured_media_url":"","jetpack_shortlink":"https:\/\/wp.me\/p7wKYW-1QG","jetpack-related-posts":[],"_links":{"self":[{"href":"http:\/\/blogdalucianaoliveira.com.br\/blog\/wp-json\/wp\/v2\/posts\/7110","targetHints":{"allow":["GET"]}}],"collection":[{"href":"http:\/\/blogdalucianaoliveira.com.br\/blog\/wp-json\/wp\/v2\/posts"}],"about":[{"href":"http:\/\/blogdalucianaoliveira.com.br\/blog\/wp-json\/wp\/v2\/types\/post"}],"author":[{"embeddable":true,"href":"http:\/\/blogdalucianaoliveira.com.br\/blog\/wp-json\/wp\/v2\/users\/1"}],"replies":[{"embeddable":true,"href":"http:\/\/blogdalucianaoliveira.com.br\/blog\/wp-json\/wp\/v2\/comments?post=7110"}],"version-history":[{"count":1,"href":"http:\/\/blogdalucianaoliveira.com.br\/blog\/wp-json\/wp\/v2\/posts\/7110\/revisions"}],"predecessor-version":[{"id":7112,"href":"http:\/\/blogdalucianaoliveira.com.br\/blog\/wp-json\/wp\/v2\/posts\/7110\/revisions\/7112"}],"wp:attachment":[{"href":"http:\/\/blogdalucianaoliveira.com.br\/blog\/wp-json\/wp\/v2\/media?parent=7110"}],"wp:term":[{"taxonomy":"category","embeddable":true,"href":"http:\/\/blogdalucianaoliveira.com.br\/blog\/wp-json\/wp\/v2\/categories?post=7110"},{"taxonomy":"post_tag","embeddable":true,"href":"http:\/\/blogdalucianaoliveira.com.br\/blog\/wp-json\/wp\/v2\/tags?post=7110"}],"curies":[{"name":"wp","href":"https:\/\/api.w.org\/{rel}","templated":true}]}}