{"id":7113,"date":"2016-12-20T18:37:45","date_gmt":"2016-12-20T22:37:45","guid":{"rendered":"http:\/\/blogdalucianaoliveira.com.br\/blog\/?p=7113"},"modified":"2016-12-20T18:37:45","modified_gmt":"2016-12-20T22:37:45","slug":"sem-confianca-de-72-do-povo-temer-pensa-em-voltar-a-tv","status":"publish","type":"post","link":"http:\/\/blogdalucianaoliveira.com.br\/blog\/2016\/12\/20\/sem-confianca-de-72-do-povo-temer-pensa-em-voltar-a-tv\/","title":{"rendered":"SEM CONFIAN\u00c7A DE 72% DO POVO, TEMER PENSA EM VOLTAR \u00c0 TV"},"content":{"rendered":"<p><img data-recalc-dims=\"1\" loading=\"lazy\" decoding=\"async\" data-attachment-id=\"7114\" data-permalink=\"http:\/\/blogdalucianaoliveira.com.br\/blog\/2016\/12\/20\/sem-confianca-de-72-do-povo-temer-pensa-em-voltar-a-tv\/kkk1\/\" data-orig-file=\"https:\/\/i0.wp.com\/blogdalucianaoliveira.com.br\/blog\/wp-content\/uploads\/2016\/12\/kkk1.jpg?fit=1000%2C357\" data-orig-size=\"1000,357\" data-comments-opened=\"0\" data-image-meta=\"{&quot;aperture&quot;:&quot;0&quot;,&quot;credit&quot;:&quot;&quot;,&quot;camera&quot;:&quot;&quot;,&quot;caption&quot;:&quot;&quot;,&quot;created_timestamp&quot;:&quot;0&quot;,&quot;copyright&quot;:&quot;&quot;,&quot;focal_length&quot;:&quot;0&quot;,&quot;iso&quot;:&quot;0&quot;,&quot;shutter_speed&quot;:&quot;0&quot;,&quot;title&quot;:&quot;&quot;,&quot;orientation&quot;:&quot;0&quot;}\" data-image-title=\"kkk1\" data-image-description=\"\" data-image-caption=\"\" data-medium-file=\"https:\/\/i0.wp.com\/blogdalucianaoliveira.com.br\/blog\/wp-content\/uploads\/2016\/12\/kkk1.jpg?fit=300%2C107\" data-large-file=\"https:\/\/i0.wp.com\/blogdalucianaoliveira.com.br\/blog\/wp-content\/uploads\/2016\/12\/kkk1.jpg?fit=600%2C214\" src=\"https:\/\/i0.wp.com\/blogdalucianaoliveira.com.br\/blog\/wp-content\/uploads\/2016\/12\/kkk1.jpg?resize=600%2C214\" alt=\"kkk1\" width=\"600\" height=\"214\" class=\"alignnone size-full wp-image-7114\" srcset=\"https:\/\/i0.wp.com\/blogdalucianaoliveira.com.br\/blog\/wp-content\/uploads\/2016\/12\/kkk1.jpg?w=1000 1000w, https:\/\/i0.wp.com\/blogdalucianaoliveira.com.br\/blog\/wp-content\/uploads\/2016\/12\/kkk1.jpg?resize=300%2C107 300w, https:\/\/i0.wp.com\/blogdalucianaoliveira.com.br\/blog\/wp-content\/uploads\/2016\/12\/kkk1.jpg?resize=768%2C274 768w, https:\/\/i0.wp.com\/blogdalucianaoliveira.com.br\/blog\/wp-content\/uploads\/2016\/12\/kkk1.jpg?resize=800%2C286 800w\" sizes=\"auto, (max-width: 600px) 100vw, 600px\" \/><\/p>\n<p>Ag\u00eancia Sputnik Brasil &#8211; Enfrentando um aumento na perda de popularidade, segundo as \u00faltimas pesquisas de opini\u00e3o p\u00fablica realizadas pelo Ibope e pela Datafolha (desaprova\u00e7\u00e3o de 46% na primeira e de 51% na segunda), o presidente Michel Temer discute com assessores a possibilidade de fazer um pronunciamento em cadeia nacional neste fim de ano.<!--more--><\/p>\n<p>A ideia divide assessores e base aliada. Os favor\u00e1veis alegam que seria uma oportunidade de o presidente fazer um balan\u00e7o das medidas que tem adotado desde que assumiu em agosto, ap\u00f3s o afastamento da presidente Dilma Rousseff em decorr\u00eancia do processo de impeachment. Na fala, Temer tentaria mostrar a import\u00e2ncia da aprova\u00e7\u00e3o do teto de gastos p\u00fablicos por 20 anos e a necessidade de aprova\u00e7\u00e3o das reformas previdenci\u00e1ria e trabalhista para fazer o Brasil voltar a crescer novamente a partir de 2017.<\/p>\n<p>Os contr\u00e1rios ao pronunciamento alegam que uma nova fala \u00e0 na\u00e7\u00e3o corre o risco de estimular buzina\u00e7os, panela\u00e7os e cr\u00edticas online nas redes sociais, como aconteceram nas \u00faltimas falas do presidente na TV. Para Ricardo Ismael, cientista pol\u00edtico e professor da Pontif\u00edcia Universidade Cat\u00f3lica no Rio de Janeiro (PUC-RJ), em circunst\u00e2ncias normais, \u00e9 natural que o presidente da Rep\u00fablica possa se dirigir ao pa\u00eds para fazer um balan\u00e7o do ano e tentar injetar algum \u00e2nimo para o ano que vai se iniciar.<\/p>\n<p>&#8220;\u00c9 importante trabalhar no plano das expectativas para que os atores econ\u00f4micos e sociais tenham alguma confian\u00e7a de que a partir de 2017 o Brasil retomaria o crescimento econ\u00f4mico. Sob este aspecto um pronunciamento seria positivo. Ocorre que no Brasil, pelo menos num per\u00edodo mais recente, a partir do governo Dilma 2, a impopularidade do presidente tem dado origem a panela\u00e7os, protestos. De alguma maneira, o pronunciamento tem um efeito bumerange, cria um fato pol\u00edtico de forma reversa&#8221;, diz Ismael.<\/p>\n<p>O cientista pol\u00edtico diz que h\u00e1 sempre o recurso de o presidente prestar contas \u00e0 sociedade durante a agenda di\u00e1ria que tem com a m\u00eddia. Ali seus pronunciamentos s\u00e3o repercutidos nos jornais noturnos e nos sites. Na vis\u00e3o do especialista, Temer est\u00e1 tentando neutralizar um certo des\u00e2nimo que tem tomado conta do pa\u00eds no \u00faltimo m\u00eas, seja porque a economia termina 2016 sem que houvesse a recupera\u00e7\u00e3o esperada quando Temer assumiu, seja pelas investiga\u00e7\u00f5es da Opera\u00e7\u00e3o Lava Jato no curso das dela\u00e7\u00f5es premiadas feitas por executivos do grupo Odebrecht, mostrando pagamentos indevidos e uma lista de favorecimentos a integrantes do governo Temer, ministros, senadores do PMDB e ao pr\u00f3prio presidente.<\/p>\n<p>&#8220;Esse ambiente deixa a opini\u00e3o p\u00fablica com um p\u00e9 atr\u00e1s em rela\u00e7\u00e3o ao governo&#8221;, diz Ismael. Para o professor da PUC-RJ, existe um aspecto do presidencialismo latinoamericano passional, onde h\u00e1 momentos de endeusamento e idolatria, como aconteceu no final de 2010 no governo Lula, e cr\u00edticas, principalmente quando a economia vai mail, e o Executivo passa a ser diretamente responsabilizado pela opini\u00e3o p\u00fablica. &#8220;Um mau desempenho da economia potencializa um desgaste natural que j\u00e1 existe.&#8221;<\/p>\n","protected":false},"excerpt":{"rendered":"<p>Ag\u00eancia Sputnik Brasil &#8211; Enfrentando um aumento na perda de popularidade, segundo as \u00faltimas pesquisas de opini\u00e3o p\u00fablica realizadas pelo Ibope e pela Datafolha (desaprova\u00e7\u00e3o de 46% na primeira e de 51% na segunda), o presidente Michel Temer discute com assessores a possibilidade de fazer um pronunciamento em cadeia nacional neste fim de ano.<\/p>\n","protected":false},"author":1,"featured_media":0,"comment_status":"closed","ping_status":"open","sticky":false,"template":"","format":"standard","meta":{"_exactmetrics_skip_tracking":false,"_exactmetrics_sitenote_active":false,"_exactmetrics_sitenote_note":"","_exactmetrics_sitenote_category":0,"jetpack_post_was_ever_published":false,"_jetpack_newsletter_access":"","_jetpack_dont_email_post_to_subs":false,"_jetpack_newsletter_tier_id":0,"_jetpack_memberships_contains_paywalled_content":false,"_jetpack_memberships_contains_paid_content":false,"footnotes":"","jetpack_publicize_message":"","jetpack_publicize_feature_enabled":true,"jetpack_social_post_already_shared":true,"jetpack_social_options":{"image_generator_settings":{"template":"highway","enabled":false},"version":2}},"categories":[1],"tags":[],"class_list":["post-7113","post","type-post","status-publish","format-standard","hentry","category-notas"],"jetpack_publicize_connections":[],"jetpack_sharing_enabled":true,"jetpack_featured_media_url":"","jetpack_shortlink":"https:\/\/wp.me\/p7wKYW-1QJ","jetpack-related-posts":[],"_links":{"self":[{"href":"http:\/\/blogdalucianaoliveira.com.br\/blog\/wp-json\/wp\/v2\/posts\/7113","targetHints":{"allow":["GET"]}}],"collection":[{"href":"http:\/\/blogdalucianaoliveira.com.br\/blog\/wp-json\/wp\/v2\/posts"}],"about":[{"href":"http:\/\/blogdalucianaoliveira.com.br\/blog\/wp-json\/wp\/v2\/types\/post"}],"author":[{"embeddable":true,"href":"http:\/\/blogdalucianaoliveira.com.br\/blog\/wp-json\/wp\/v2\/users\/1"}],"replies":[{"embeddable":true,"href":"http:\/\/blogdalucianaoliveira.com.br\/blog\/wp-json\/wp\/v2\/comments?post=7113"}],"version-history":[{"count":1,"href":"http:\/\/blogdalucianaoliveira.com.br\/blog\/wp-json\/wp\/v2\/posts\/7113\/revisions"}],"predecessor-version":[{"id":7115,"href":"http:\/\/blogdalucianaoliveira.com.br\/blog\/wp-json\/wp\/v2\/posts\/7113\/revisions\/7115"}],"wp:attachment":[{"href":"http:\/\/blogdalucianaoliveira.com.br\/blog\/wp-json\/wp\/v2\/media?parent=7113"}],"wp:term":[{"taxonomy":"category","embeddable":true,"href":"http:\/\/blogdalucianaoliveira.com.br\/blog\/wp-json\/wp\/v2\/categories?post=7113"},{"taxonomy":"post_tag","embeddable":true,"href":"http:\/\/blogdalucianaoliveira.com.br\/blog\/wp-json\/wp\/v2\/tags?post=7113"}],"curies":[{"name":"wp","href":"https:\/\/api.w.org\/{rel}","templated":true}]}}