{"id":7116,"date":"2016-12-20T18:54:32","date_gmt":"2016-12-20T22:54:32","guid":{"rendered":"http:\/\/blogdalucianaoliveira.com.br\/blog\/?p=7116"},"modified":"2016-12-20T19:10:35","modified_gmt":"2016-12-20T23:10:35","slug":"o-desafio-da-frente-de-esquerda","status":"publish","type":"post","link":"http:\/\/blogdalucianaoliveira.com.br\/blog\/2016\/12\/20\/o-desafio-da-frente-de-esquerda\/","title":{"rendered":"O desafio da frente de esquerda"},"content":{"rendered":"<p><img data-recalc-dims=\"1\" loading=\"lazy\" decoding=\"async\" data-attachment-id=\"7122\" data-permalink=\"http:\/\/blogdalucianaoliveira.com.br\/blog\/2016\/12\/20\/o-desafio-da-frente-de-esquerda\/pod\/\" data-orig-file=\"https:\/\/i0.wp.com\/blogdalucianaoliveira.com.br\/blog\/wp-content\/uploads\/2016\/12\/POD.jpg?fit=490%2C280\" data-orig-size=\"490,280\" data-comments-opened=\"0\" data-image-meta=\"{&quot;aperture&quot;:&quot;0&quot;,&quot;credit&quot;:&quot;&quot;,&quot;camera&quot;:&quot;&quot;,&quot;caption&quot;:&quot;&quot;,&quot;created_timestamp&quot;:&quot;0&quot;,&quot;copyright&quot;:&quot;&quot;,&quot;focal_length&quot;:&quot;0&quot;,&quot;iso&quot;:&quot;0&quot;,&quot;shutter_speed&quot;:&quot;0&quot;,&quot;title&quot;:&quot;&quot;,&quot;orientation&quot;:&quot;0&quot;}\" data-image-title=\"pod\" data-image-description=\"\" data-image-caption=\"\" data-medium-file=\"https:\/\/i0.wp.com\/blogdalucianaoliveira.com.br\/blog\/wp-content\/uploads\/2016\/12\/POD.jpg?fit=300%2C171\" data-large-file=\"https:\/\/i0.wp.com\/blogdalucianaoliveira.com.br\/blog\/wp-content\/uploads\/2016\/12\/POD.jpg?fit=490%2C280\" src=\"https:\/\/i0.wp.com\/blogdalucianaoliveira.com.br\/blog\/wp-content\/uploads\/2016\/12\/POD.jpg?resize=490%2C280\" alt=\"pod\" width=\"490\" height=\"280\" class=\"alignnone size-full wp-image-7122\" srcset=\"https:\/\/i0.wp.com\/blogdalucianaoliveira.com.br\/blog\/wp-content\/uploads\/2016\/12\/POD.jpg?w=490 490w, https:\/\/i0.wp.com\/blogdalucianaoliveira.com.br\/blog\/wp-content\/uploads\/2016\/12\/POD.jpg?resize=300%2C171 300w\" sizes=\"auto, (max-width: 490px) 100vw, 490px\" \/><\/p>\n<p>No 247<br \/>\nPor Tereza Cruvinel<\/p>\n<p>O ano vai se fechando em ambiente desolador. A economia tateia em busca dos invis\u00edveis \u201csinais de recupera\u00e7\u00e3o\u201d mencionados pelo ministro da Fazenda, o Congresso apaga a luz para fugir da crise e Temer hesita em fazer um pronunciamento ao pa\u00eds temendo panela\u00e7os e seu governo torce para que o ministro Teori Zavascki tranque a cadeado as dela\u00e7\u00f5es da Odebrecht.<!--more--><\/p>\n<p>\u00c9 das ruas que pode vir o empurr\u00e3o para remover o governo ileg\u00edtimo e abrir o caminho para as elei\u00e7\u00f5es diretas, mas as esquerdas n\u00e3o conseguiram, at\u00e9 agora, a unidade fundamental em uma frente para a travessia da crise com o povo, e n\u00e3o pelo arranjo das elites. Esta \u00e9 a tarefa que se imp\u00f5e \u00e0s oposi\u00e7\u00f5es para o in\u00edcio de 2017.<\/p>\n<p>Por que a frente ainda n\u00e3o vingou, embora todos saibam de sua import\u00e2ncia para organizar a press\u00e3o das ruas e exigir uma sa\u00edda democr\u00e1tica da situa\u00e7\u00e3o calamitosa criada pelo golpe? At\u00e9 agora foram as duas coaliz\u00f5es de movimentos sociais \u2013 a Frente Brasil Popular e a Frente Povo Sem Medo \u2013 que puxaram as mobiliza\u00e7\u00f5es, tanto no curso do golpe como depois, contra as medidas socialmente regressivas do governo Temer.<\/p>\n<p>Os partidos de esquerda v\u00e3o a reboque, abdicando de ser a vanguarda de um amplo movimento para for\u00e7ar a convoca\u00e7\u00e3o de elei\u00e7\u00f5es diretas, quando at\u00e9 protagonistas do golpe, como o senador Ronaldo Caiado, reconhecem que o prolongamento do governo Temer ser\u00e1 danoso ao pa\u00eds.<\/p>\n<p>O l\u00edder do PT no Senado, Humberto Costa, diz com franqueza pernambucana: a frente de esquerda n\u00e3o prospera sem a participa\u00e7\u00e3o do PT, mas os outros partidos evitam esta as associa\u00e7\u00e3o temendo ser contaminados pelas den\u00fancias e pela forte rejei\u00e7\u00e3o ao PT. \u201c\u00c9 um movimento defensivo compreens\u00edvel mas espero que a necessidade de somar for\u00e7as acabe se impondo\u201d, diz ele.<\/p>\n<p>O PC do B segue ao lado do PT, enquanto Rede e PSOL, e ainda os sem representa\u00e7\u00e3o parlamentar (PSTU, PCO etc) mant\u00eam dist\u00e2ncia, exceto no Congresso, onde t\u00eam votado unidos contra as medidas de Temer.<\/p>\n<p>O PSB, aliado hist\u00f3rico do PT, depois de ter apoiado o golpe e ingressado na base governista, come\u00e7a a desembarcar e poder\u00e1 voltar a seu antigo caminho. Quando um governo tem apenas 10% da popula\u00e7\u00e3o, quando 63% (Datafolha) querem novas elei\u00e7\u00f5es, n\u00famero que sobe para 91% segundo o Paran\u00e1 Pesquisas, estando em curso uma agenda que liquida com direitos e conquistas sociais; quando 65% acham que este governo fez a situa\u00e7\u00e3o econ\u00f4mica piorar, e as investiga\u00e7\u00f5es alcan\u00e7am o presidente e seus mais importantes auxiliares, seu \u00fanico sustent\u00e1culo \u00e9 a maioria parlamentar corrupta e descomprometida com a democracia.<\/p>\n<p>Um pilar podre refor\u00e7ado pela aus\u00eancia de uma forte manifesta\u00e7\u00e3o da vontade popular. Para sacudir a letargia e despertar a energia pol\u00edtica das ruas, a organiza\u00e7\u00e3o de uma ampla frente partid\u00e1ria \u00e9 fundamental.<\/p>\n<p>O outro fator que dificulta a organiza\u00e7\u00e3o da frente vem dos projetos eleitorais distintos, do receio de que uma frente que tenha o PT como for\u00e7a maior resulte no fortalecimento da candidatura de Lula, apesar da ofensiva da Lava Jato para conden\u00e1-lo \u00e0 inelegibilidade o quanto antes. Este \u00e9 outro c\u00e1lculo t\u00e3o mesquinho quanto o temor de contamina\u00e7\u00e3o.<\/p>\n<p>Removido o governo ileg\u00edtimo e garantida as elei\u00e7\u00f5es diretas, cada um poder\u00e1 tomar seu rumo eleitoral, lan\u00e7ar seu candidato, ainda que a unidade possa ser mais recomend\u00e1vel para a supera\u00e7\u00e3o da grande derrota sofrida n\u00e3o apenas pelo PT, mas por toda a esquerda, nas elei\u00e7\u00f5es deste ano.<\/p>\n","protected":false},"excerpt":{"rendered":"<p>No 247 Por Tereza Cruvinel O ano vai se fechando em ambiente desolador. A economia tateia em busca dos invis\u00edveis \u201csinais de recupera\u00e7\u00e3o\u201d mencionados pelo ministro da Fazenda, o Congresso apaga a luz para fugir da crise e Temer hesita em fazer um pronunciamento ao pa\u00eds temendo panela\u00e7os e seu governo torce para que o&#8230;<a class=\"more-link\" href=\"http:\/\/blogdalucianaoliveira.com.br\/blog\/2016\/12\/20\/o-desafio-da-frente-de-esquerda\/\">Continue a leitura <span class=\"meta-nav\">&raquo;<\/span><\/a><\/p>\n","protected":false},"author":1,"featured_media":7122,"comment_status":"closed","ping_status":"open","sticky":false,"template":"","format":"standard","meta":{"_exactmetrics_skip_tracking":false,"_exactmetrics_sitenote_active":false,"_exactmetrics_sitenote_note":"","_exactmetrics_sitenote_category":0,"jetpack_post_was_ever_published":false,"_jetpack_newsletter_access":"","_jetpack_dont_email_post_to_subs":false,"_jetpack_newsletter_tier_id":0,"_jetpack_memberships_contains_paywalled_content":false,"_jetpack_memberships_contains_paid_content":false,"footnotes":"","jetpack_publicize_message":"","jetpack_publicize_feature_enabled":true,"jetpack_social_post_already_shared":true,"jetpack_social_options":{"image_generator_settings":{"template":"highway","enabled":false},"version":2}},"categories":[1],"tags":[],"class_list":["post-7116","post","type-post","status-publish","format-standard","has-post-thumbnail","hentry","category-notas"],"jetpack_publicize_connections":[],"jetpack_sharing_enabled":true,"jetpack_featured_media_url":"https:\/\/i0.wp.com\/blogdalucianaoliveira.com.br\/blog\/wp-content\/uploads\/2016\/12\/POD.jpg?fit=490%2C280","jetpack_shortlink":"https:\/\/wp.me\/p7wKYW-1QM","jetpack-related-posts":[],"_links":{"self":[{"href":"http:\/\/blogdalucianaoliveira.com.br\/blog\/wp-json\/wp\/v2\/posts\/7116","targetHints":{"allow":["GET"]}}],"collection":[{"href":"http:\/\/blogdalucianaoliveira.com.br\/blog\/wp-json\/wp\/v2\/posts"}],"about":[{"href":"http:\/\/blogdalucianaoliveira.com.br\/blog\/wp-json\/wp\/v2\/types\/post"}],"author":[{"embeddable":true,"href":"http:\/\/blogdalucianaoliveira.com.br\/blog\/wp-json\/wp\/v2\/users\/1"}],"replies":[{"embeddable":true,"href":"http:\/\/blogdalucianaoliveira.com.br\/blog\/wp-json\/wp\/v2\/comments?post=7116"}],"version-history":[{"count":2,"href":"http:\/\/blogdalucianaoliveira.com.br\/blog\/wp-json\/wp\/v2\/posts\/7116\/revisions"}],"predecessor-version":[{"id":7123,"href":"http:\/\/blogdalucianaoliveira.com.br\/blog\/wp-json\/wp\/v2\/posts\/7116\/revisions\/7123"}],"wp:featuredmedia":[{"embeddable":true,"href":"http:\/\/blogdalucianaoliveira.com.br\/blog\/wp-json\/wp\/v2\/media\/7122"}],"wp:attachment":[{"href":"http:\/\/blogdalucianaoliveira.com.br\/blog\/wp-json\/wp\/v2\/media?parent=7116"}],"wp:term":[{"taxonomy":"category","embeddable":true,"href":"http:\/\/blogdalucianaoliveira.com.br\/blog\/wp-json\/wp\/v2\/categories?post=7116"},{"taxonomy":"post_tag","embeddable":true,"href":"http:\/\/blogdalucianaoliveira.com.br\/blog\/wp-json\/wp\/v2\/tags?post=7116"}],"curies":[{"name":"wp","href":"https:\/\/api.w.org\/{rel}","templated":true}]}}