{"id":7133,"date":"2016-12-20T21:19:08","date_gmt":"2016-12-21T01:19:08","guid":{"rendered":"http:\/\/blogdalucianaoliveira.com.br\/blog\/?p=7133"},"modified":"2016-12-20T21:19:08","modified_gmt":"2016-12-21T01:19:08","slug":"o-grande-encontro-no-reveillon-do-rio","status":"publish","type":"post","link":"http:\/\/blogdalucianaoliveira.com.br\/blog\/2016\/12\/20\/o-grande-encontro-no-reveillon-do-rio\/","title":{"rendered":"O GRANDE ENCONTRO NO R\u00c9VEILLON DO RIO"},"content":{"rendered":"<p><img data-recalc-dims=\"1\" loading=\"lazy\" decoding=\"async\" data-attachment-id=\"7134\" data-permalink=\"http:\/\/blogdalucianaoliveira.com.br\/blog\/2016\/12\/20\/o-grande-encontro-no-reveillon-do-rio\/img_9542\/\" data-orig-file=\"https:\/\/i0.wp.com\/blogdalucianaoliveira.com.br\/blog\/wp-content\/uploads\/2016\/12\/IMG_9542.jpg?fit=600%2C220\" data-orig-size=\"600,220\" data-comments-opened=\"0\" data-image-meta=\"{&quot;aperture&quot;:&quot;0&quot;,&quot;credit&quot;:&quot;&quot;,&quot;camera&quot;:&quot;&quot;,&quot;caption&quot;:&quot;&quot;,&quot;created_timestamp&quot;:&quot;0&quot;,&quot;copyright&quot;:&quot;&quot;,&quot;focal_length&quot;:&quot;0&quot;,&quot;iso&quot;:&quot;0&quot;,&quot;shutter_speed&quot;:&quot;0&quot;,&quot;title&quot;:&quot;&quot;,&quot;orientation&quot;:&quot;1&quot;}\" data-image-title=\"img_9542\" data-image-description=\"\" data-image-caption=\"\" data-medium-file=\"https:\/\/i0.wp.com\/blogdalucianaoliveira.com.br\/blog\/wp-content\/uploads\/2016\/12\/IMG_9542.jpg?fit=300%2C110\" data-large-file=\"https:\/\/i0.wp.com\/blogdalucianaoliveira.com.br\/blog\/wp-content\/uploads\/2016\/12\/IMG_9542.jpg?fit=600%2C220\" src=\"https:\/\/i0.wp.com\/blogdalucianaoliveira.com.br\/blog\/wp-content\/uploads\/2016\/12\/IMG_9542.jpg?resize=600%2C220\" alt=\"img_9542\" width=\"600\" height=\"220\" class=\"alignnone size-full wp-image-7134\" srcset=\"https:\/\/i0.wp.com\/blogdalucianaoliveira.com.br\/blog\/wp-content\/uploads\/2016\/12\/IMG_9542.jpg?w=600 600w, https:\/\/i0.wp.com\/blogdalucianaoliveira.com.br\/blog\/wp-content\/uploads\/2016\/12\/IMG_9542.jpg?resize=300%2C110 300w\" sizes=\"auto, (max-width: 600px) 100vw, 600px\" \/><\/p>\n<p>Show que re\u00fane Elba, Alceu e Geraldo \u00e9 a principal atra\u00e7\u00e3o na Praia de Copacabana<!--more--><\/p>\n<p>Nomes fundamentais da moderna m\u00fasica brasileira, os cantores ELBA RAMALHO, GERALDO AZEVEDO e ALCEU VALEN\u00c7A unem seus talentos em cena para comemorar os 20 anos do GRANDE ENCONTRO, um dos espet\u00e1culos mais aclamados da MPB. <\/p>\n<p>O trio se apresenta na PRAIA DE COPACABANA, dia 31 de dezembro. \u00c9 promessa de arte, uni\u00e3o e boas vibra\u00e7\u00f5es, transmitidas para todo o planeta, no ano que se inicia.<\/p>\n<p>O GRANDE ENCONTRO apresenta novidades na atual edi\u00e7\u00e3o (o DVD ao vivo acaba de ser lan\u00e7ado pela Sony Music). Se o show original possu\u00eda formato ac\u00fastico, com vers\u00f5es que recriavam a m\u00edstica do cancioneiro com intimismo e delicadeza, agora incorpora sonoridade el\u00e9trica e percussiva. Esbanja energia sem perder a ternura.<\/p>\n<p>No repert\u00f3rio, al\u00e9m dos cl\u00e1ssicos que todo mundo quer ouvir, h\u00e1 novidades e tesouros escondidos. Em trio, Geraldo, Elba e Alceu harmonizam suas vozes para emanar as good vibes de \u201cAnuncia\u00e7\u00e3o\u201d, \u201cCaravana\u201d, \u201cSabi\u00e1\u201d, \u201cMe D\u00e1 Um Beijo\u201d &#8211; esta, do primeiro disco gravado em dupla por Alceu e Geraldo, nos anos 70. <\/p>\n<p>Dentre as surpresas, uma m\u00fasica especialmente preparada para o R\u00e9veillon do Rio: \u201cChega de Saudade\u201d, marco zero da Bossa-Nova, de Antonio Carlos Jobim e Vinicius de Moraes.<\/p>\n<p>E se, como filosofa Alceu, \u201co tempo \u00e9 tr\u00edplice e vivemos presente, futuro e passado simultaneamente\u201d, a seminal \u201cPapagaio do Futuro\u201d aparece reciclada pelo dueto de Alceu e Geraldo. Na sequ\u00eancia, o duo interpreta \u201cMo\u00e7a Bonita\u201d, do repert\u00f3rio de Geraldo, recriada por Alceu para a trilha da novela \u201cVelho Chico\u201d.<\/p>\n<p>Em seu momento solo, Geraldo emenda as obras que constru\u00edram sua trajet\u00f3ria: \u201cDia Branco\u201d, \u201cDona da Minha Cabe\u00e7a\u201d, \u201cS\u00e9timo C\u00e9u\u201d, a nova \u201cS\u00f3 Depois de Muito Amor\u201d. Recebe Elba para espantar o baixo astral em \u201cBicho de 7 Cabe\u00e7as\u201d e \u201cChorando e cantando\u201d.  <\/p>\n<p>O set de Elba come\u00e7a com a dolente \u201cAi, que saudade d\u00b4oc\u00ea\u201d, de Vital Farias. Passa por um m\u00f3dulo de forr\u00f3s (incluindo \u201cQui Nem Gil\u00f3\u201d, de Luiz Gonzaga, e \u201cS\u00f3 Quero Um Xod\u00f3\u201d, de Dominguinhos), espalha novos ventos sobre o \u201cCh\u00e3o de Giz\u201d (de Z\u00e9 Ramalho), transborda sentimentos intensos em \u201cSangrando\u201d, de Gonzaguinha.  <\/p>\n<p>\u00c9 a vez de Elba convidar Alceu para a cena, no congra\u00e7amento de \u201cCiranda da Rosa Vermelha\u201d, na delicadeza da \u201cFlor de Tangerina\u201d, na capacidade de supera\u00e7\u00e3o de \u201cTesoura do Desejo\u201d. <\/p>\n<p>Alceu assume o comando com uma prociss\u00e3o de hits: \u201cLa Belle de Jour\u201d, \u201cGirassol\u201d, \u201cCora\u00e7\u00e3o Bobo\u201d, \u201cCabelo no Pente\u201d, \u201cTropicana\u201d. O amor, entre peles macias e carnes de caju, imp\u00f5e-se como refer\u00eancia para inspirar melhores dias no ano novo.<\/p>\n<p>O Gran Finale torna a unir os tr\u00eas artistas em cena, em \u201cT\u00e1xi Lunar\u201d (da safra setentista de Alceu, Geraldo e Z\u00e9 Ramalho), na in\u00e9dita \u201cCiranda da Trai\u00e7\u00e3o\u201d (de Alceu), nos cl\u00e1ssicos \u201cPelas Ruas Que Andei\u201d, \u201cBanho de Cheiro\u201d, \u201cFrevo Mulher\u201d. Momento de \u00eaxtase.<\/p>\n<p>ALCEU, ELBA E GERALDO cantam no R\u00c9VEILLON DE COPACABANA, ao lado de Marcos Arcanjo, Paulo Rafael (viol\u00f5es e guitarras), Ney Concei\u00e7\u00e3o (baixo), Menin\u00e3o (sanfona), C\u00e9sar Michiles (flauta), Anjo Caldas (percuss\u00e3o) e C\u00e1ssio Cunha (bateria), com dire\u00e7\u00e3o de cena de Andr\u00e9 Brasileiro. Os cen\u00e1rios s\u00e3o de Gringo Cardia, elaborados a partir de pain\u00e9is do artista pl\u00e1stico baiano J. Cunha.<\/p>\n","protected":false},"excerpt":{"rendered":"<p>Show que re\u00fane Elba, Alceu e Geraldo \u00e9 a principal atra\u00e7\u00e3o na Praia de Copacabana<\/p>\n","protected":false},"author":1,"featured_media":0,"comment_status":"closed","ping_status":"open","sticky":false,"template":"","format":"standard","meta":{"_exactmetrics_skip_tracking":false,"_exactmetrics_sitenote_active":false,"_exactmetrics_sitenote_note":"","_exactmetrics_sitenote_category":0,"jetpack_post_was_ever_published":false,"_jetpack_newsletter_access":"","_jetpack_dont_email_post_to_subs":false,"_jetpack_newsletter_tier_id":0,"_jetpack_memberships_contains_paywalled_content":false,"_jetpack_memberships_contains_paid_content":false,"footnotes":"","jetpack_publicize_message":"","jetpack_publicize_feature_enabled":true,"jetpack_social_post_already_shared":true,"jetpack_social_options":{"image_generator_settings":{"template":"highway","enabled":false},"version":2}},"categories":[1],"tags":[],"class_list":["post-7133","post","type-post","status-publish","format-standard","hentry","category-notas"],"jetpack_publicize_connections":[],"jetpack_sharing_enabled":true,"jetpack_featured_media_url":"","jetpack_shortlink":"https:\/\/wp.me\/p7wKYW-1R3","jetpack-related-posts":[],"_links":{"self":[{"href":"http:\/\/blogdalucianaoliveira.com.br\/blog\/wp-json\/wp\/v2\/posts\/7133","targetHints":{"allow":["GET"]}}],"collection":[{"href":"http:\/\/blogdalucianaoliveira.com.br\/blog\/wp-json\/wp\/v2\/posts"}],"about":[{"href":"http:\/\/blogdalucianaoliveira.com.br\/blog\/wp-json\/wp\/v2\/types\/post"}],"author":[{"embeddable":true,"href":"http:\/\/blogdalucianaoliveira.com.br\/blog\/wp-json\/wp\/v2\/users\/1"}],"replies":[{"embeddable":true,"href":"http:\/\/blogdalucianaoliveira.com.br\/blog\/wp-json\/wp\/v2\/comments?post=7133"}],"version-history":[{"count":1,"href":"http:\/\/blogdalucianaoliveira.com.br\/blog\/wp-json\/wp\/v2\/posts\/7133\/revisions"}],"predecessor-version":[{"id":7135,"href":"http:\/\/blogdalucianaoliveira.com.br\/blog\/wp-json\/wp\/v2\/posts\/7133\/revisions\/7135"}],"wp:attachment":[{"href":"http:\/\/blogdalucianaoliveira.com.br\/blog\/wp-json\/wp\/v2\/media?parent=7133"}],"wp:term":[{"taxonomy":"category","embeddable":true,"href":"http:\/\/blogdalucianaoliveira.com.br\/blog\/wp-json\/wp\/v2\/categories?post=7133"},{"taxonomy":"post_tag","embeddable":true,"href":"http:\/\/blogdalucianaoliveira.com.br\/blog\/wp-json\/wp\/v2\/tags?post=7133"}],"curies":[{"name":"wp","href":"https:\/\/api.w.org\/{rel}","templated":true}]}}