{"id":7138,"date":"2016-12-21T10:48:06","date_gmt":"2016-12-21T14:48:06","guid":{"rendered":"http:\/\/blogdalucianaoliveira.com.br\/blog\/?p=7138"},"modified":"2016-12-21T10:50:28","modified_gmt":"2016-12-21T14:50:28","slug":"a-ironia-e-a-intimidacao-de-sergio-moro","status":"publish","type":"post","link":"http:\/\/blogdalucianaoliveira.com.br\/blog\/2016\/12\/21\/a-ironia-e-a-intimidacao-de-sergio-moro\/","title":{"rendered":"A ironia e a intimida\u00e7\u00e3o de S\u00e9rgio Moro"},"content":{"rendered":"<p><img data-recalc-dims=\"1\" loading=\"lazy\" decoding=\"async\" data-attachment-id=\"7139\" data-permalink=\"http:\/\/blogdalucianaoliveira.com.br\/blog\/2016\/12\/21\/a-ironia-e-a-intimidacao-de-sergio-moro\/img_9556-3\/\" data-orig-file=\"https:\/\/i0.wp.com\/blogdalucianaoliveira.com.br\/blog\/wp-content\/uploads\/2016\/12\/IMG_9556-2.jpg?fit=552%2C312\" data-orig-size=\"552,312\" data-comments-opened=\"0\" data-image-meta=\"{&quot;aperture&quot;:&quot;0&quot;,&quot;credit&quot;:&quot;&quot;,&quot;camera&quot;:&quot;&quot;,&quot;caption&quot;:&quot;&quot;,&quot;created_timestamp&quot;:&quot;0&quot;,&quot;copyright&quot;:&quot;&quot;,&quot;focal_length&quot;:&quot;0&quot;,&quot;iso&quot;:&quot;0&quot;,&quot;shutter_speed&quot;:&quot;0&quot;,&quot;title&quot;:&quot;&quot;,&quot;orientation&quot;:&quot;0&quot;}\" data-image-title=\"img_9556\" data-image-description=\"\" data-image-caption=\"\" data-medium-file=\"https:\/\/i0.wp.com\/blogdalucianaoliveira.com.br\/blog\/wp-content\/uploads\/2016\/12\/IMG_9556-2.jpg?fit=300%2C170\" data-large-file=\"https:\/\/i0.wp.com\/blogdalucianaoliveira.com.br\/blog\/wp-content\/uploads\/2016\/12\/IMG_9556-2.jpg?fit=552%2C312\" src=\"https:\/\/i0.wp.com\/blogdalucianaoliveira.com.br\/blog\/wp-content\/uploads\/2016\/12\/IMG_9556-2.jpg?resize=552%2C312\" alt=\"img_9556\" width=\"552\" height=\"312\" class=\"alignnone size-full wp-image-7139\" srcset=\"https:\/\/i0.wp.com\/blogdalucianaoliveira.com.br\/blog\/wp-content\/uploads\/2016\/12\/IMG_9556-2.jpg?w=552 552w, https:\/\/i0.wp.com\/blogdalucianaoliveira.com.br\/blog\/wp-content\/uploads\/2016\/12\/IMG_9556-2.jpg?resize=300%2C170 300w, https:\/\/i0.wp.com\/blogdalucianaoliveira.com.br\/blog\/wp-content\/uploads\/2016\/12\/IMG_9556-2.jpg?resize=531%2C300 531w\" sizes=\"auto, (max-width: 552px) 100vw, 552px\" \/><\/p>\n<p>Moro intimida advogado de Lula e reclama da defesa durante audi\u00eancia de processo movido pelo MPF-PR contra o ex-presidente.<!--more--><\/p>\n<p>No Cafezinho<br \/>\nDo site do Lula<\/p>\n<p>Sem saber que era gravado, Moro intimida advogado de Lula e reclama da defesa<\/p>\n<p>Epis\u00f3dio ocorreu ap\u00f3s oitiva de ex-zelador de edif\u00edcio do Guaruj\u00e1, durante audi\u00eancia de processo movido pelo MPF-PR contra o ex-presidente<\/p>\n<p>Na \u00faltima sexta-feira (16), logo ap\u00f3s o depoimento do ex-zelador do condom\u00ednio Solaris, o juiz de primeira inst\u00e2ncia de Curitiba questionou os advogados de Lula, com ironia, se os defensores iriam \u201cprocessar esta testemunha tamb\u00e9m\u201d.<\/p>\n<p>\u201cV\u00ea se n\u00e3o vai sofrer queixa-crime, pedido de indeniza\u00e7\u00e3o\u201d, disse Moro, dirigindo-se ao advogado Cristiano Zanin, da defesa de Lula. O defensor, ent\u00e3o, reagiu surpreso, dizendo que apenas exerce seu direito de buscar repara\u00e7\u00f5es quando h\u00e1 ilegalidades contra o seu cliente.<\/p>\n<p>Moro respondeu com uma pergunta: \u201cVai entrar com alguma a\u00e7\u00e3o contra a testemunha, doutor?\u201d. Zanin respondeu perguntando se Moro est\u00e1 advogando pela testemunha. Moro, ent\u00e3o, respondeu ironicamente, afirmando que era \u201cuma bela linha de advocacia da defesa\u201d. Felizmente, os advogados de Lula gravam todas as audi\u00eancias e registraram mais um comportamento inadequado do juiz Moro.<\/p>\n<div class=\"fb-video\" data-allowfullscreen=\"true\" data-href=\"https:\/\/www.facebook.com\/EsquerdaVermelha13\/videos\/359895921047422\/\"><\/div>\n","protected":false},"excerpt":{"rendered":"<p>Moro intimida advogado de Lula e reclama da defesa durante audi\u00eancia de processo movido pelo MPF-PR contra o ex-presidente.<\/p>\n","protected":false},"author":1,"featured_media":0,"comment_status":"closed","ping_status":"open","sticky":false,"template":"","format":"standard","meta":{"_exactmetrics_skip_tracking":false,"_exactmetrics_sitenote_active":false,"_exactmetrics_sitenote_note":"","_exactmetrics_sitenote_category":0,"jetpack_post_was_ever_published":false,"_jetpack_newsletter_access":"","_jetpack_dont_email_post_to_subs":false,"_jetpack_newsletter_tier_id":0,"_jetpack_memberships_contains_paywalled_content":false,"_jetpack_memberships_contains_paid_content":false,"footnotes":"","jetpack_publicize_message":"","jetpack_publicize_feature_enabled":true,"jetpack_social_post_already_shared":true,"jetpack_social_options":{"image_generator_settings":{"template":"highway","enabled":false},"version":2}},"categories":[1],"tags":[],"class_list":["post-7138","post","type-post","status-publish","format-standard","hentry","category-notas"],"jetpack_publicize_connections":[],"jetpack_sharing_enabled":true,"jetpack_featured_media_url":"","jetpack_shortlink":"https:\/\/wp.me\/p7wKYW-1R8","jetpack-related-posts":[],"_links":{"self":[{"href":"http:\/\/blogdalucianaoliveira.com.br\/blog\/wp-json\/wp\/v2\/posts\/7138","targetHints":{"allow":["GET"]}}],"collection":[{"href":"http:\/\/blogdalucianaoliveira.com.br\/blog\/wp-json\/wp\/v2\/posts"}],"about":[{"href":"http:\/\/blogdalucianaoliveira.com.br\/blog\/wp-json\/wp\/v2\/types\/post"}],"author":[{"embeddable":true,"href":"http:\/\/blogdalucianaoliveira.com.br\/blog\/wp-json\/wp\/v2\/users\/1"}],"replies":[{"embeddable":true,"href":"http:\/\/blogdalucianaoliveira.com.br\/blog\/wp-json\/wp\/v2\/comments?post=7138"}],"version-history":[{"count":2,"href":"http:\/\/blogdalucianaoliveira.com.br\/blog\/wp-json\/wp\/v2\/posts\/7138\/revisions"}],"predecessor-version":[{"id":7141,"href":"http:\/\/blogdalucianaoliveira.com.br\/blog\/wp-json\/wp\/v2\/posts\/7138\/revisions\/7141"}],"wp:attachment":[{"href":"http:\/\/blogdalucianaoliveira.com.br\/blog\/wp-json\/wp\/v2\/media?parent=7138"}],"wp:term":[{"taxonomy":"category","embeddable":true,"href":"http:\/\/blogdalucianaoliveira.com.br\/blog\/wp-json\/wp\/v2\/categories?post=7138"},{"taxonomy":"post_tag","embeddable":true,"href":"http:\/\/blogdalucianaoliveira.com.br\/blog\/wp-json\/wp\/v2\/tags?post=7138"}],"curies":[{"name":"wp","href":"https:\/\/api.w.org\/{rel}","templated":true}]}}