{"id":7145,"date":"2016-12-21T16:18:58","date_gmt":"2016-12-21T20:18:58","guid":{"rendered":"http:\/\/blogdalucianaoliveira.com.br\/blog\/?p=7145"},"modified":"2016-12-21T16:31:59","modified_gmt":"2016-12-21T20:31:59","slug":"ato-religioso-e-homenagens-marcam-sepultamento-de-lideranca-do-mab","status":"publish","type":"post","link":"http:\/\/blogdalucianaoliveira.com.br\/blog\/2016\/12\/21\/ato-religioso-e-homenagens-marcam-sepultamento-de-lideranca-do-mab\/","title":{"rendered":"ATO RELIGIOSO E HOMENAGENS MARCAM SEPULTAMENTO DE LIDERAN\u00c7A DO MAB"},"content":{"rendered":"<p><img data-recalc-dims=\"1\" loading=\"lazy\" decoding=\"async\" data-attachment-id=\"7147\" data-permalink=\"http:\/\/blogdalucianaoliveira.com.br\/blog\/2016\/12\/21\/ato-religioso-e-homenagens-marcam-sepultamento-de-lideranca-do-mab\/img_9600\/\" data-orig-file=\"https:\/\/i0.wp.com\/blogdalucianaoliveira.com.br\/blog\/wp-content\/uploads\/2016\/12\/IMG_9600.jpg?fit=2802%2C2340\" data-orig-size=\"2802,2340\" data-comments-opened=\"0\" data-image-meta=\"{&quot;aperture&quot;:&quot;2.2&quot;,&quot;credit&quot;:&quot;&quot;,&quot;camera&quot;:&quot;iPhone 6&quot;,&quot;caption&quot;:&quot;&quot;,&quot;created_timestamp&quot;:&quot;1482321442&quot;,&quot;copyright&quot;:&quot;&quot;,&quot;focal_length&quot;:&quot;4.15&quot;,&quot;iso&quot;:&quot;64&quot;,&quot;shutter_speed&quot;:&quot;0.0333333333333&quot;,&quot;title&quot;:&quot;&quot;,&quot;orientation&quot;:&quot;0&quot;}\" data-image-title=\"img_9600\" data-image-description=\"\" data-image-caption=\"\" data-medium-file=\"https:\/\/i0.wp.com\/blogdalucianaoliveira.com.br\/blog\/wp-content\/uploads\/2016\/12\/IMG_9600.jpg?fit=300%2C251\" data-large-file=\"https:\/\/i0.wp.com\/blogdalucianaoliveira.com.br\/blog\/wp-content\/uploads\/2016\/12\/IMG_9600.jpg?fit=600%2C501\" src=\"https:\/\/i0.wp.com\/blogdalucianaoliveira.com.br\/blog\/wp-content\/uploads\/2016\/12\/IMG_9600.jpg?resize=600%2C501\" alt=\"img_9600\" width=\"600\" height=\"501\" class=\"alignnone size-full wp-image-7147\" srcset=\"https:\/\/i0.wp.com\/blogdalucianaoliveira.com.br\/blog\/wp-content\/uploads\/2016\/12\/IMG_9600.jpg?w=2802 2802w, https:\/\/i0.wp.com\/blogdalucianaoliveira.com.br\/blog\/wp-content\/uploads\/2016\/12\/IMG_9600.jpg?resize=300%2C251 300w, https:\/\/i0.wp.com\/blogdalucianaoliveira.com.br\/blog\/wp-content\/uploads\/2016\/12\/IMG_9600.jpg?resize=768%2C641 768w, https:\/\/i0.wp.com\/blogdalucianaoliveira.com.br\/blog\/wp-content\/uploads\/2016\/12\/IMG_9600.jpg?resize=1024%2C855 1024w, https:\/\/i0.wp.com\/blogdalucianaoliveira.com.br\/blog\/wp-content\/uploads\/2016\/12\/IMG_9600.jpg?resize=359%2C300 359w, https:\/\/i0.wp.com\/blogdalucianaoliveira.com.br\/blog\/wp-content\/uploads\/2016\/12\/IMG_9600.jpg?w=1200 1200w, https:\/\/i0.wp.com\/blogdalucianaoliveira.com.br\/blog\/wp-content\/uploads\/2016\/12\/IMG_9600.jpg?w=1800 1800w\" sizes=\"auto, (max-width: 600px) 100vw, 600px\" \/><br \/>\nUma pequena caixa abrigava os restos mortais de Nilce de Sousa Magalh\u00e3es, a militante do Movimento dos Atingidos Por Barragens, o MAB, que foi assassinada h\u00e1 quase um ano.<!--more--><\/p>\n<p><img data-recalc-dims=\"1\" loading=\"lazy\" decoding=\"async\" data-attachment-id=\"7149\" data-permalink=\"http:\/\/blogdalucianaoliveira.com.br\/blog\/2016\/12\/21\/ato-religioso-e-homenagens-marcam-sepultamento-de-lideranca-do-mab\/img_9588\/\" data-orig-file=\"https:\/\/i0.wp.com\/blogdalucianaoliveira.com.br\/blog\/wp-content\/uploads\/2016\/12\/IMG_9588.jpg?fit=3264%2C2448\" data-orig-size=\"3264,2448\" data-comments-opened=\"0\" data-image-meta=\"{&quot;aperture&quot;:&quot;2.2&quot;,&quot;credit&quot;:&quot;&quot;,&quot;camera&quot;:&quot;iPhone 6&quot;,&quot;caption&quot;:&quot;&quot;,&quot;created_timestamp&quot;:&quot;1482320494&quot;,&quot;copyright&quot;:&quot;&quot;,&quot;focal_length&quot;:&quot;4.15&quot;,&quot;iso&quot;:&quot;50&quot;,&quot;shutter_speed&quot;:&quot;0.0333333333333&quot;,&quot;title&quot;:&quot;&quot;,&quot;orientation&quot;:&quot;1&quot;}\" data-image-title=\"img_9588\" data-image-description=\"\" data-image-caption=\"\" data-medium-file=\"https:\/\/i0.wp.com\/blogdalucianaoliveira.com.br\/blog\/wp-content\/uploads\/2016\/12\/IMG_9588.jpg?fit=300%2C225\" data-large-file=\"https:\/\/i0.wp.com\/blogdalucianaoliveira.com.br\/blog\/wp-content\/uploads\/2016\/12\/IMG_9588.jpg?fit=600%2C450\" src=\"https:\/\/i0.wp.com\/blogdalucianaoliveira.com.br\/blog\/wp-content\/uploads\/2016\/12\/IMG_9588.jpg?resize=600%2C450\" alt=\"img_9588\" width=\"600\" height=\"450\" class=\"alignnone size-full wp-image-7149\" srcset=\"https:\/\/i0.wp.com\/blogdalucianaoliveira.com.br\/blog\/wp-content\/uploads\/2016\/12\/IMG_9588.jpg?w=3264 3264w, https:\/\/i0.wp.com\/blogdalucianaoliveira.com.br\/blog\/wp-content\/uploads\/2016\/12\/IMG_9588.jpg?resize=300%2C225 300w, https:\/\/i0.wp.com\/blogdalucianaoliveira.com.br\/blog\/wp-content\/uploads\/2016\/12\/IMG_9588.jpg?resize=768%2C576 768w, https:\/\/i0.wp.com\/blogdalucianaoliveira.com.br\/blog\/wp-content\/uploads\/2016\/12\/IMG_9588.jpg?resize=1024%2C768 1024w, https:\/\/i0.wp.com\/blogdalucianaoliveira.com.br\/blog\/wp-content\/uploads\/2016\/12\/IMG_9588.jpg?resize=400%2C300 400w, https:\/\/i0.wp.com\/blogdalucianaoliveira.com.br\/blog\/wp-content\/uploads\/2016\/12\/IMG_9588.jpg?w=1200 1200w, https:\/\/i0.wp.com\/blogdalucianaoliveira.com.br\/blog\/wp-content\/uploads\/2016\/12\/IMG_9588.jpg?w=1800 1800w\" sizes=\"auto, (max-width: 600px) 100vw, 600px\" \/><\/p>\n<p>S\u00f3 agora os familiares tiveram a confirma\u00e7\u00e3o do exame de DNA realizado na ossada encontrada h\u00e1 poucos mais de 5 meses.<\/p>\n<p>A igrejinha de Santo Ant\u00f4nio lotou com familiares, amigos e todos que fizeram quest\u00e3o de prestigiar as homenagens \u00e0 pescadora que morreu por defender as popula\u00e7\u00f5es afetadas com as obras da usinas hidrel\u00e9tricas no Madeira.<\/p>\n<p>A missa foi celebrada pelo arcebispo de Porto Velho, Dom Roque e muitos movimentos sociais enviaram representantes.<\/p>\n<p><img data-recalc-dims=\"1\" loading=\"lazy\" decoding=\"async\" data-attachment-id=\"7150\" data-permalink=\"http:\/\/blogdalucianaoliveira.com.br\/blog\/2016\/12\/21\/ato-religioso-e-homenagens-marcam-sepultamento-de-lideranca-do-mab\/img_9591\/\" data-orig-file=\"https:\/\/i0.wp.com\/blogdalucianaoliveira.com.br\/blog\/wp-content\/uploads\/2016\/12\/IMG_9591.jpg?fit=3264%2C2448\" data-orig-size=\"3264,2448\" data-comments-opened=\"0\" data-image-meta=\"{&quot;aperture&quot;:&quot;2.2&quot;,&quot;credit&quot;:&quot;&quot;,&quot;camera&quot;:&quot;iPhone 6&quot;,&quot;caption&quot;:&quot;&quot;,&quot;created_timestamp&quot;:&quot;1482320531&quot;,&quot;copyright&quot;:&quot;&quot;,&quot;focal_length&quot;:&quot;4.15&quot;,&quot;iso&quot;:&quot;32&quot;,&quot;shutter_speed&quot;:&quot;0.0166666666667&quot;,&quot;title&quot;:&quot;&quot;,&quot;orientation&quot;:&quot;1&quot;}\" data-image-title=\"img_9591\" data-image-description=\"\" data-image-caption=\"\" data-medium-file=\"https:\/\/i0.wp.com\/blogdalucianaoliveira.com.br\/blog\/wp-content\/uploads\/2016\/12\/IMG_9591.jpg?fit=300%2C225\" data-large-file=\"https:\/\/i0.wp.com\/blogdalucianaoliveira.com.br\/blog\/wp-content\/uploads\/2016\/12\/IMG_9591.jpg?fit=600%2C450\" src=\"https:\/\/i0.wp.com\/blogdalucianaoliveira.com.br\/blog\/wp-content\/uploads\/2016\/12\/IMG_9591.jpg?resize=600%2C450\" alt=\"img_9591\" width=\"600\" height=\"450\" class=\"alignnone size-full wp-image-7150\" srcset=\"https:\/\/i0.wp.com\/blogdalucianaoliveira.com.br\/blog\/wp-content\/uploads\/2016\/12\/IMG_9591.jpg?w=3264 3264w, https:\/\/i0.wp.com\/blogdalucianaoliveira.com.br\/blog\/wp-content\/uploads\/2016\/12\/IMG_9591.jpg?resize=300%2C225 300w, https:\/\/i0.wp.com\/blogdalucianaoliveira.com.br\/blog\/wp-content\/uploads\/2016\/12\/IMG_9591.jpg?resize=768%2C576 768w, https:\/\/i0.wp.com\/blogdalucianaoliveira.com.br\/blog\/wp-content\/uploads\/2016\/12\/IMG_9591.jpg?resize=1024%2C768 1024w, https:\/\/i0.wp.com\/blogdalucianaoliveira.com.br\/blog\/wp-content\/uploads\/2016\/12\/IMG_9591.jpg?resize=400%2C300 400w, https:\/\/i0.wp.com\/blogdalucianaoliveira.com.br\/blog\/wp-content\/uploads\/2016\/12\/IMG_9591.jpg?w=1200 1200w, https:\/\/i0.wp.com\/blogdalucianaoliveira.com.br\/blog\/wp-content\/uploads\/2016\/12\/IMG_9591.jpg?w=1800 1800w\" sizes=\"auto, (max-width: 600px) 100vw, 600px\" \/><\/p>\n<p>Os C\u00e2nticos, as leituras do evangelho, os instrumentos de trabalho no campo levados no ofert\u00f3rio, tudo simbolizava a luta por justi\u00e7a.<\/p>\n<p>\u201cFelizes os que t\u00eam fome e sede de justi\u00e7a\u201d (Mt 5,6).<\/p>\n<p>Essa bem-aventuran\u00e7a tamb\u00e9m aparece em Lucas (Lc 6,21); por\u00e9m, Mateus acrescenta \u201csede de justi\u00e7a\u201d.<\/p>\n<p><img data-recalc-dims=\"1\" loading=\"lazy\" decoding=\"async\" data-attachment-id=\"7151\" data-permalink=\"http:\/\/blogdalucianaoliveira.com.br\/blog\/2016\/12\/21\/ato-religioso-e-homenagens-marcam-sepultamento-de-lideranca-do-mab\/img_9562\/\" data-orig-file=\"https:\/\/i0.wp.com\/blogdalucianaoliveira.com.br\/blog\/wp-content\/uploads\/2016\/12\/IMG_9562.jpg?fit=3264%2C2448\" data-orig-size=\"3264,2448\" data-comments-opened=\"0\" data-image-meta=\"{&quot;aperture&quot;:&quot;2.2&quot;,&quot;credit&quot;:&quot;&quot;,&quot;camera&quot;:&quot;iPhone 6&quot;,&quot;caption&quot;:&quot;&quot;,&quot;created_timestamp&quot;:&quot;1482317869&quot;,&quot;copyright&quot;:&quot;&quot;,&quot;focal_length&quot;:&quot;4.15&quot;,&quot;iso&quot;:&quot;32&quot;,&quot;shutter_speed&quot;:&quot;0.00833333333333&quot;,&quot;title&quot;:&quot;&quot;,&quot;orientation&quot;:&quot;1&quot;}\" data-image-title=\"img_9562\" data-image-description=\"\" data-image-caption=\"\" data-medium-file=\"https:\/\/i0.wp.com\/blogdalucianaoliveira.com.br\/blog\/wp-content\/uploads\/2016\/12\/IMG_9562.jpg?fit=300%2C225\" data-large-file=\"https:\/\/i0.wp.com\/blogdalucianaoliveira.com.br\/blog\/wp-content\/uploads\/2016\/12\/IMG_9562.jpg?fit=600%2C450\" src=\"https:\/\/i0.wp.com\/blogdalucianaoliveira.com.br\/blog\/wp-content\/uploads\/2016\/12\/IMG_9562.jpg?resize=600%2C450\" alt=\"img_9562\" width=\"600\" height=\"450\" class=\"alignnone size-full wp-image-7151\" srcset=\"https:\/\/i0.wp.com\/blogdalucianaoliveira.com.br\/blog\/wp-content\/uploads\/2016\/12\/IMG_9562.jpg?w=3264 3264w, https:\/\/i0.wp.com\/blogdalucianaoliveira.com.br\/blog\/wp-content\/uploads\/2016\/12\/IMG_9562.jpg?resize=300%2C225 300w, https:\/\/i0.wp.com\/blogdalucianaoliveira.com.br\/blog\/wp-content\/uploads\/2016\/12\/IMG_9562.jpg?resize=768%2C576 768w, https:\/\/i0.wp.com\/blogdalucianaoliveira.com.br\/blog\/wp-content\/uploads\/2016\/12\/IMG_9562.jpg?resize=1024%2C768 1024w, https:\/\/i0.wp.com\/blogdalucianaoliveira.com.br\/blog\/wp-content\/uploads\/2016\/12\/IMG_9562.jpg?resize=400%2C300 400w, https:\/\/i0.wp.com\/blogdalucianaoliveira.com.br\/blog\/wp-content\/uploads\/2016\/12\/IMG_9562.jpg?w=1200 1200w, https:\/\/i0.wp.com\/blogdalucianaoliveira.com.br\/blog\/wp-content\/uploads\/2016\/12\/IMG_9562.jpg?w=1800 1800w\" sizes=\"auto, (max-width: 600px) 100vw, 600px\" \/><\/p>\n<p>A crueldade contra Nicinha fortalece a luta de pessoas que anseiam pela pr\u00e1tica da nova justi\u00e7a, na qual todos possam ter direito \u00e0 terra e ao p\u00e3o, bens necess\u00e1rios para a sobreviv\u00eancia.<\/p>\n<p>Ningu\u00e9m que viu ou acompanhou a luta de Nicinha acredita que ela foi v\u00edtima de um crime banal.<\/p>\n<p>Em reportagem no Brasil de Fato, est\u00e1 claro que a luta em defesa do meio e das pessoas que nele vivem est\u00e1 ainda mais fortalecida. O vel\u00f3rio e sepultamento de Nicinha foram tamb\u00e9m um ato pol\u00edtico contra as graves viola\u00e7\u00f5es de direitos humanos em conflitos por terra em Rond\u00f4nia. <\/p>\n<p>Por Nadine Nascimento:<\/p>\n<p>Al\u00e9m de Nicinha, outras 17 pessoas foram assassinadas s\u00f3 em 2016 no estado, n\u00famero que representa 34% de todos os assassinatos envolvendo esse tipo de conflito no pa\u00eds neste ano.<\/p>\n<p>A regi\u00e3o conta ainda com 30 das 59 tentativas de assassinato; 93 das 144 pessoas que receberam amea\u00e7as de morte; 66 dos 80 camponeses presos; e 20 milh\u00f5es dos 21 milh\u00f5es de hectares em conflito. Rond\u00f4nia \u00e9, portanto, o estado mais violento com militantes da reforma agr\u00e1ria e, entre as principais causas, est\u00e3o as obras de infraestrutura.<\/p>\n<p>\u201cUm dos grandes motivos para ter essa quantidade de mortes \u00e9 a valoriza\u00e7\u00e3o do pre\u00e7o da terra. Rond\u00f4nia est\u00e1 em uma posi\u00e7\u00e3o estrat\u00e9gica para o capital internacional, porque estamos localizados no eixo da iniciativa de integra\u00e7\u00e3o regional sul-americana, um tratado entre v\u00e1rios pa\u00edses que prev\u00ea v\u00e1rios grandes projetos de infraestrutura. Aqui no rio Madeira teremos mais duas hidrel\u00e9tricas, al\u00e9m das que j\u00e1 foram constru\u00eddas\u201d, explica Jo\u00e3o Marcos Dutra, da coordena\u00e7\u00e3o do MAB em Rond\u00f4nia.<\/p>\n<p>Outro fator, segundo Dutra, \u00e9 que o estado faz a interliga\u00e7\u00e3o do centro do pa\u00eds, da produ\u00e7\u00e3o de soja, com a sa\u00edda para o Pac\u00edfico, diretamente para a China. Tudo isso eleva o pre\u00e7o da terra e tem acirrado as disputas.<\/p>\n<p>Hist\u00f3rico<\/p>\n<p>Dutra lembra que em 2011, a comunidade ribeirinha de Mutum Paran\u00e1, distrito de Porto Velho, foi removida para que o local fosse submerso pelo reservat\u00f3rio da Usina Hidrel\u00e9trica de Jirau, e realocada em Nova Mutum Paran\u00e1.<\/p>\n<p>A vila foi constru\u00edda para reassentamento das fam\u00edlias e tem capacidade para at\u00e9 seis mil habitantes. At\u00e9 a finaliza\u00e7\u00e3o das obras abrigou funcion\u00e1rios e deveria ser revertida, em 2012, para habita\u00e7\u00e3o de outras fam\u00edlias impactadas pela barragens. No entanto, as casas permaneceram desocupadas e algumas foram at\u00e9 comercializadas por uma empresa subcontratada pelo cons\u00f3rcio respons\u00e1vel pela Jirau.<\/p>\n<p>Diante da precariedade em que se encontravam, um grupo de fam\u00edlias atingidas se organizou e promoveu a ocupa\u00e7\u00e3o das casas vazias em Nova Mutum Paran\u00e1, em 2014. O local, que j\u00e1 sofria com encharcamento do solo e contamina\u00e7\u00e3o da \u00e1gua para consumo humano, foi devastado por uma grave enchente que aconteceu em toda extens\u00e3o do Rio Madeira, em 2014.<\/p>\n<p>Nesse contexto de injusti\u00e7as e adversidades, Nicinha e mais duas companheiras, Lurdilane Gomes da Silva, mais conhecida como Ludma, e Iza Cristina Bello, apelidada de \u00cdndia, compuseram a Comiss\u00e3o de Defesa da Ocupa\u00e7\u00e3o. Em parceria com o Minist\u00e9rio P\u00fablico do Estado de Rond\u00f4nia, pol\u00edticos locais e o MAB, elas travaram enfrentamento contra os cons\u00f3rcios controladores das usinas, em defesa dos direitos das fam\u00edlias atingidas e passaram a ser amea\u00e7adas e perseguidas.<\/p>\n<p>Ap\u00f3s o desaparecimento de Nicinha, em janeiro deste ano, as amea\u00e7as a Ludma e \u00cdndia, se intensificaram, o que levou ao pedido de inclus\u00e3o no Programa de Prote\u00e7\u00e3o de Defensores de Direitos Humanos (PPDDH).<\/p>\n<p>\u201cAt\u00e9 agora n\u00e3o tivemos a inclus\u00e3o definitiva delas no programa, mesmo ap\u00f3s o assassinato da Nicinha e com as provas palp\u00e1veis das amea\u00e7as, como v\u00eddeos, \u00e1udios etc. O que a gente pode fazer \u00e9 se organizar cada vez mais para expor menos os nossos militantes\u201d, afirma Dutra. Segundo ele, os conflitos na regi\u00e3o diminuiriam se houvesse vontade pol\u00edtica e jur\u00eddica a favor da popula\u00e7\u00e3o local.<\/p>\n","protected":false},"excerpt":{"rendered":"<p>Uma pequena caixa abrigava os restos mortais de Nilce de Sousa Magalh\u00e3es, a militante do Movimento dos Atingidos Por Barragens, o MAB, que foi assassinada h\u00e1 quase um ano.<\/p>\n","protected":false},"author":1,"featured_media":7149,"comment_status":"closed","ping_status":"open","sticky":false,"template":"","format":"standard","meta":{"_exactmetrics_skip_tracking":false,"_exactmetrics_sitenote_active":false,"_exactmetrics_sitenote_note":"","_exactmetrics_sitenote_category":0,"jetpack_post_was_ever_published":false,"_jetpack_newsletter_access":"","_jetpack_dont_email_post_to_subs":false,"_jetpack_newsletter_tier_id":0,"_jetpack_memberships_contains_paywalled_content":false,"_jetpack_memberships_contains_paid_content":false,"footnotes":"","jetpack_publicize_message":"","jetpack_publicize_feature_enabled":true,"jetpack_social_post_already_shared":true,"jetpack_social_options":{"image_generator_settings":{"template":"highway","enabled":false},"version":2}},"categories":[1],"tags":[184,231,239],"class_list":["post-7145","post","type-post","status-publish","format-standard","has-post-thumbnail","hentry","category-notas","tag-mab","tag-nicinha","tag-sepultamento"],"jetpack_publicize_connections":[],"jetpack_sharing_enabled":true,"jetpack_featured_media_url":"https:\/\/i0.wp.com\/blogdalucianaoliveira.com.br\/blog\/wp-content\/uploads\/2016\/12\/IMG_9588.jpg?fit=3264%2C2448","jetpack_shortlink":"https:\/\/wp.me\/p7wKYW-1Rf","jetpack-related-posts":[],"_links":{"self":[{"href":"http:\/\/blogdalucianaoliveira.com.br\/blog\/wp-json\/wp\/v2\/posts\/7145","targetHints":{"allow":["GET"]}}],"collection":[{"href":"http:\/\/blogdalucianaoliveira.com.br\/blog\/wp-json\/wp\/v2\/posts"}],"about":[{"href":"http:\/\/blogdalucianaoliveira.com.br\/blog\/wp-json\/wp\/v2\/types\/post"}],"author":[{"embeddable":true,"href":"http:\/\/blogdalucianaoliveira.com.br\/blog\/wp-json\/wp\/v2\/users\/1"}],"replies":[{"embeddable":true,"href":"http:\/\/blogdalucianaoliveira.com.br\/blog\/wp-json\/wp\/v2\/comments?post=7145"}],"version-history":[{"count":4,"href":"http:\/\/blogdalucianaoliveira.com.br\/blog\/wp-json\/wp\/v2\/posts\/7145\/revisions"}],"predecessor-version":[{"id":7153,"href":"http:\/\/blogdalucianaoliveira.com.br\/blog\/wp-json\/wp\/v2\/posts\/7145\/revisions\/7153"}],"wp:featuredmedia":[{"embeddable":true,"href":"http:\/\/blogdalucianaoliveira.com.br\/blog\/wp-json\/wp\/v2\/media\/7149"}],"wp:attachment":[{"href":"http:\/\/blogdalucianaoliveira.com.br\/blog\/wp-json\/wp\/v2\/media?parent=7145"}],"wp:term":[{"taxonomy":"category","embeddable":true,"href":"http:\/\/blogdalucianaoliveira.com.br\/blog\/wp-json\/wp\/v2\/categories?post=7145"},{"taxonomy":"post_tag","embeddable":true,"href":"http:\/\/blogdalucianaoliveira.com.br\/blog\/wp-json\/wp\/v2\/tags?post=7145"}],"curies":[{"name":"wp","href":"https:\/\/api.w.org\/{rel}","templated":true}]}}