{"id":7167,"date":"2016-12-21T19:54:32","date_gmt":"2016-12-21T23:54:32","guid":{"rendered":"http:\/\/blogdalucianaoliveira.com.br\/blog\/?p=7167"},"modified":"2016-12-21T19:54:32","modified_gmt":"2016-12-21T23:54:32","slug":"cutvox-aprovacao-a-temer-cai-a-8-e-o-coloca-como-o-pior-da-historia","status":"publish","type":"post","link":"http:\/\/blogdalucianaoliveira.com.br\/blog\/2016\/12\/21\/cutvox-aprovacao-a-temer-cai-a-8-e-o-coloca-como-o-pior-da-historia\/","title":{"rendered":"CUT\/VOX: APROVA\u00c7\u00c3O A TEMER CAI A 8% E O COLOCA COMO O PIOR DA HIST\u00d3RIA"},"content":{"rendered":"<p><img data-recalc-dims=\"1\" loading=\"lazy\" decoding=\"async\" data-attachment-id=\"7168\" data-permalink=\"http:\/\/blogdalucianaoliveira.com.br\/blog\/2016\/12\/21\/cutvox-aprovacao-a-temer-cai-a-8-e-o-coloca-como-o-pior-da-historia\/img_9611\/\" data-orig-file=\"https:\/\/i0.wp.com\/blogdalucianaoliveira.com.br\/blog\/wp-content\/uploads\/2016\/12\/IMG_9611.jpg?fit=480%2C240\" data-orig-size=\"480,240\" data-comments-opened=\"0\" data-image-meta=\"{&quot;aperture&quot;:&quot;0&quot;,&quot;credit&quot;:&quot;&quot;,&quot;camera&quot;:&quot;&quot;,&quot;caption&quot;:&quot;&quot;,&quot;created_timestamp&quot;:&quot;0&quot;,&quot;copyright&quot;:&quot;&quot;,&quot;focal_length&quot;:&quot;0&quot;,&quot;iso&quot;:&quot;0&quot;,&quot;shutter_speed&quot;:&quot;0&quot;,&quot;title&quot;:&quot;&quot;,&quot;orientation&quot;:&quot;0&quot;}\" data-image-title=\"img_9611\" data-image-description=\"\" data-image-caption=\"\" data-medium-file=\"https:\/\/i0.wp.com\/blogdalucianaoliveira.com.br\/blog\/wp-content\/uploads\/2016\/12\/IMG_9611.jpg?fit=300%2C150\" data-large-file=\"https:\/\/i0.wp.com\/blogdalucianaoliveira.com.br\/blog\/wp-content\/uploads\/2016\/12\/IMG_9611.jpg?fit=480%2C240\" src=\"https:\/\/i0.wp.com\/blogdalucianaoliveira.com.br\/blog\/wp-content\/uploads\/2016\/12\/IMG_9611.jpg?resize=480%2C240\" alt=\"img_9611\" width=\"480\" height=\"240\" class=\"alignnone size-full wp-image-7168\" srcset=\"https:\/\/i0.wp.com\/blogdalucianaoliveira.com.br\/blog\/wp-content\/uploads\/2016\/12\/IMG_9611.jpg?w=480 480w, https:\/\/i0.wp.com\/blogdalucianaoliveira.com.br\/blog\/wp-content\/uploads\/2016\/12\/IMG_9611.jpg?resize=300%2C150 300w\" sizes=\"auto, (max-width: 480px) 100vw, 480px\" \/><\/p>\n<p>247 &#8211; A aprova\u00e7\u00e3o dos brasileiros a Michel Temer caiu a m\u00edseros 8%, colocando-o na posi\u00e7\u00e3o de pior presidente da hist\u00f3ria do Pa\u00eds. \u00c9 o que revela pesquisa CUT\/Vox Populi, realizada entre os dias 10 e 14 de dezembro.<!--more--><\/p>\n<p>De acordo com o levantamento, a avalia\u00e7\u00e3o negativa de Temer subiu de 34% para 55% entre outubro e dezembro. No Nordeste, 67% rejeitam Temer, enquanto a aprova\u00e7\u00e3o ao peemedebista atingiu m\u00edseros 4%.<\/p>\n<p>Al\u00e9m disso, mais de 80% dos brasileiros rejeitam as medidas econ\u00f4micas apresentadas pelo atual governo, como a reforma da Previd\u00eancia (rejeitada por 87% da popula\u00e7\u00e3o) e a PEC 55, que congela os gastos p\u00fablicos por 20 anos (78%).<\/p>\n<p>Para 70%, com Temer o desemprego vai aumentar. Para 49%, o combate \u00e0 corrup\u00e7\u00e3o vai piorar com o atual governo. O Brasil em geral vai piorar para 55% dos brasileiros \u2013 no Nordeste, o \u00edndice dos que n\u00e3o t\u00eam esperan\u00e7a de melhora de vida pula para 71%.<\/p>\n<p>Para o presidente da CUT, Vagner Freitas, a agenda de Temer est\u00e1 destruindo o Brasil. &#8220;\u00c9 pior do que o confisco da poupan\u00e7a feito por Collor&#8221;, define. &#8220;N\u00e3o \u00e9 com arrocho, desemprego e o fim das aposentadorias que o Brasil vai sair da crise. Isso s\u00f3 contribui para aumentar a pobreza, a viol\u00eancia e fazer o pa\u00eds andar para tr\u00e1s&#8221;, critica.<\/p>\n<p>Para ele, &#8220;a pesquisa mostra que a classe trabalhadora vai aos poucos se conscientizando dos preju\u00edzos causados por esse governo e, com certeza, se organizar e mobilizar cada vez mais para reverter essa situa\u00e7\u00e3o&#8221;.<\/p>\n<p>A Pesquisa CUT\/Vox Populi ouviu 2.500 pessoas com mais de 16 anos, em 168 munic\u00edpios brasileiros. A margem de erro \u00e9 de 2%, estimada em um intervalo de confian\u00e7a de 95%. Confira aqui os n\u00fameros da pesquisa.<\/p>\n","protected":false},"excerpt":{"rendered":"<p>247 &#8211; A aprova\u00e7\u00e3o dos brasileiros a Michel Temer caiu a m\u00edseros 8%, colocando-o na posi\u00e7\u00e3o de pior presidente da hist\u00f3ria do Pa\u00eds. \u00c9 o que revela pesquisa CUT\/Vox Populi, realizada entre os dias 10 e 14 de dezembro.<\/p>\n","protected":false},"author":1,"featured_media":0,"comment_status":"closed","ping_status":"open","sticky":false,"template":"","format":"standard","meta":{"_exactmetrics_skip_tracking":false,"_exactmetrics_sitenote_active":false,"_exactmetrics_sitenote_note":"","_exactmetrics_sitenote_category":0,"jetpack_post_was_ever_published":false,"_jetpack_newsletter_access":"","_jetpack_dont_email_post_to_subs":false,"_jetpack_newsletter_tier_id":0,"_jetpack_memberships_contains_paywalled_content":false,"_jetpack_memberships_contains_paid_content":false,"footnotes":"","jetpack_publicize_message":"","jetpack_publicize_feature_enabled":true,"jetpack_social_post_already_shared":true,"jetpack_social_options":{"image_generator_settings":{"template":"highway","enabled":false},"version":2}},"categories":[1],"tags":[],"class_list":["post-7167","post","type-post","status-publish","format-standard","hentry","category-notas"],"jetpack_publicize_connections":[],"jetpack_sharing_enabled":true,"jetpack_featured_media_url":"","jetpack_shortlink":"https:\/\/wp.me\/p7wKYW-1RB","jetpack-related-posts":[],"_links":{"self":[{"href":"http:\/\/blogdalucianaoliveira.com.br\/blog\/wp-json\/wp\/v2\/posts\/7167","targetHints":{"allow":["GET"]}}],"collection":[{"href":"http:\/\/blogdalucianaoliveira.com.br\/blog\/wp-json\/wp\/v2\/posts"}],"about":[{"href":"http:\/\/blogdalucianaoliveira.com.br\/blog\/wp-json\/wp\/v2\/types\/post"}],"author":[{"embeddable":true,"href":"http:\/\/blogdalucianaoliveira.com.br\/blog\/wp-json\/wp\/v2\/users\/1"}],"replies":[{"embeddable":true,"href":"http:\/\/blogdalucianaoliveira.com.br\/blog\/wp-json\/wp\/v2\/comments?post=7167"}],"version-history":[{"count":1,"href":"http:\/\/blogdalucianaoliveira.com.br\/blog\/wp-json\/wp\/v2\/posts\/7167\/revisions"}],"predecessor-version":[{"id":7169,"href":"http:\/\/blogdalucianaoliveira.com.br\/blog\/wp-json\/wp\/v2\/posts\/7167\/revisions\/7169"}],"wp:attachment":[{"href":"http:\/\/blogdalucianaoliveira.com.br\/blog\/wp-json\/wp\/v2\/media?parent=7167"}],"wp:term":[{"taxonomy":"category","embeddable":true,"href":"http:\/\/blogdalucianaoliveira.com.br\/blog\/wp-json\/wp\/v2\/categories?post=7167"},{"taxonomy":"post_tag","embeddable":true,"href":"http:\/\/blogdalucianaoliveira.com.br\/blog\/wp-json\/wp\/v2\/tags?post=7167"}],"curies":[{"name":"wp","href":"https:\/\/api.w.org\/{rel}","templated":true}]}}