{"id":7170,"date":"2016-12-21T20:03:17","date_gmt":"2016-12-22T00:03:17","guid":{"rendered":"http:\/\/blogdalucianaoliveira.com.br\/blog\/?p=7170"},"modified":"2016-12-21T20:07:42","modified_gmt":"2016-12-22T00:07:42","slug":"projeto-aumenta-desconto-previdenciario-de-11-para-14","status":"publish","type":"post","link":"http:\/\/blogdalucianaoliveira.com.br\/blog\/2016\/12\/21\/projeto-aumenta-desconto-previdenciario-de-11-para-14\/","title":{"rendered":"Deputados aumentam desconto previdenci\u00e1rio de 11% para 14%"},"content":{"rendered":"<p><img data-recalc-dims=\"1\" loading=\"lazy\" decoding=\"async\" data-attachment-id=\"7174\" data-permalink=\"http:\/\/blogdalucianaoliveira.com.br\/blog\/2016\/12\/21\/projeto-aumenta-desconto-previdenciario-de-11-para-14\/img_9613\/\" data-orig-file=\"https:\/\/i0.wp.com\/blogdalucianaoliveira.com.br\/blog\/wp-content\/uploads\/2016\/12\/IMG_9613.jpg?fit=1280%2C502\" data-orig-size=\"1280,502\" data-comments-opened=\"0\" data-image-meta=\"{&quot;aperture&quot;:&quot;0&quot;,&quot;credit&quot;:&quot;&quot;,&quot;camera&quot;:&quot;&quot;,&quot;caption&quot;:&quot;&quot;,&quot;created_timestamp&quot;:&quot;0&quot;,&quot;copyright&quot;:&quot;&quot;,&quot;focal_length&quot;:&quot;0&quot;,&quot;iso&quot;:&quot;0&quot;,&quot;shutter_speed&quot;:&quot;0&quot;,&quot;title&quot;:&quot;&quot;,&quot;orientation&quot;:&quot;1&quot;}\" data-image-title=\"img_9613\" data-image-description=\"\" data-image-caption=\"\" data-medium-file=\"https:\/\/i0.wp.com\/blogdalucianaoliveira.com.br\/blog\/wp-content\/uploads\/2016\/12\/IMG_9613.jpg?fit=300%2C118\" data-large-file=\"https:\/\/i0.wp.com\/blogdalucianaoliveira.com.br\/blog\/wp-content\/uploads\/2016\/12\/IMG_9613.jpg?fit=600%2C236\" src=\"https:\/\/i0.wp.com\/blogdalucianaoliveira.com.br\/blog\/wp-content\/uploads\/2016\/12\/IMG_9613.jpg?resize=600%2C235\" alt=\"img_9613\" width=\"600\" height=\"235\" class=\"alignnone size-full wp-image-7174\" srcset=\"https:\/\/i0.wp.com\/blogdalucianaoliveira.com.br\/blog\/wp-content\/uploads\/2016\/12\/IMG_9613.jpg?w=1280 1280w, https:\/\/i0.wp.com\/blogdalucianaoliveira.com.br\/blog\/wp-content\/uploads\/2016\/12\/IMG_9613.jpg?resize=300%2C118 300w, https:\/\/i0.wp.com\/blogdalucianaoliveira.com.br\/blog\/wp-content\/uploads\/2016\/12\/IMG_9613.jpg?resize=768%2C301 768w, https:\/\/i0.wp.com\/blogdalucianaoliveira.com.br\/blog\/wp-content\/uploads\/2016\/12\/IMG_9613.jpg?resize=1024%2C402 1024w, https:\/\/i0.wp.com\/blogdalucianaoliveira.com.br\/blog\/wp-content\/uploads\/2016\/12\/IMG_9613.jpg?resize=765%2C300 765w, https:\/\/i0.wp.com\/blogdalucianaoliveira.com.br\/blog\/wp-content\/uploads\/2016\/12\/IMG_9613.jpg?w=1200 1200w\" sizes=\"auto, (max-width: 600px) 100vw, 600px\" \/><\/p>\n<p>NOTA DE REP\u00daDIO AOS DEPUTADOS ESTADUAIS<br \/>\nQUE TRA\u00cdRAM OS SERVIDORES P\u00daBLICOS<!--more--><\/p>\n<p>Os trabalhadores em educa\u00e7\u00e3o e os servidores estaduais das demais categorias v\u00eam a p\u00fablico manifestar rep\u00fadio \u00e0 atua\u00e7\u00e3o dos deputados estaduais Alex Redano, (PRB), Cleiton Roque (PSB), Edson Martins (PMDB), Ezequiel J\u00fanior (PSDC), Jean Oliveira (PMDB), Laerte Gomes (PSDB), Lebr\u00e3o (PMDB), L\u00e9o Moraes (PTB), L\u00facia Tereza (PP), Marcelino Ten\u00f3rio (PR), Ros\u00e2ngela Donadon (PMDB), Saulo Moreira (PDT) e S\u00f3 Na Ben\u00e7a (PMDB), que na tarde desta quarta-feira, dia 21\/12\/2016, tra\u00edram a confian\u00e7a do povo de Rond\u00f4nia e aprovaram mat\u00e9ria que na pr\u00e1tica causa redu\u00e7\u00e3o dos sal\u00e1rios, j\u00e1 que aumenta o desconto previdenci\u00e1rio de 11% para 14%.<\/p>\n<p>A trai\u00e7\u00e3o desses parlamentares foi maior porque os trabalhos j\u00e1 haviam sido encerrados e o projeto de lei da contribui\u00e7\u00e3o previdenci\u00e1ria havia sido retirado de pauta para ser objeto de uma ampla discuss\u00e3o e nova avalia\u00e7\u00e3o em fevereiro, ap\u00f3s o recesso do Legislativo, mas o deputado estadual Cleiton Roque (PSB) pediu que a mat\u00e9ria fosse votada, o que foi aceito pelos demais deputados que aprovaram o projeto altamente prejudicial aos servidores.<\/p>\n<p>Vale destacar que desde segunda-feira os dirigentes sindicais v\u00eam lutando contra a aprova\u00e7\u00e3o do referido projeto, tendo explicado a cada parlamentar,seja pessoalmente ou atrav\u00e9s de of\u00edcio, que se aprovassem tal medida estariam prejudicando ainda mais os servidores estaduais, que j\u00e1 est\u00e3o com os sal\u00e1rios defasados.<\/p>\n<p>Diante da postura desses deputados, que legislam contra os servidores p\u00fablicos, resta a todos os trabalhadores e \u00e0 popula\u00e7\u00e3o de Rond\u00f4nia, de uma forma geral, al\u00e9m de repudiar tal ato, refletir sobre a necessidade de uma renova\u00e7\u00e3o da composi\u00e7\u00e3o da Assembleia Legislativa nas pr\u00f3ximas elei\u00e7\u00f5es, n\u00e3o mais elegendo parlamentares que n\u00e3o os representam.<\/p>\n<p>Da mesma forma, manifestam o reconhecimento e o agradecimento aos deputados estaduais Adelino Folador (DEM), Aelcio da TV (PP), Dr. Neidson (PMN), Herm\u00ednio Coelho (PDT), Jesu\u00edno Boabaid (PMN), Lazinho da fetagro (PT), Luizinho Goebel (PV) e Ribamar Ara\u00fajo (PR), que honraram o voto do povo e votaram contra a medida prejudicial aos servidores.<\/p>\n","protected":false},"excerpt":{"rendered":"<p>NOTA DE REP\u00daDIO AOS DEPUTADOS ESTADUAIS QUE TRA\u00cdRAM OS SERVIDORES P\u00daBLICOS<\/p>\n","protected":false},"author":1,"featured_media":0,"comment_status":"closed","ping_status":"open","sticky":false,"template":"","format":"standard","meta":{"_exactmetrics_skip_tracking":false,"_exactmetrics_sitenote_active":false,"_exactmetrics_sitenote_note":"","_exactmetrics_sitenote_category":0,"jetpack_post_was_ever_published":false,"_jetpack_newsletter_access":"","_jetpack_dont_email_post_to_subs":false,"_jetpack_newsletter_tier_id":0,"_jetpack_memberships_contains_paywalled_content":false,"_jetpack_memberships_contains_paid_content":false,"footnotes":"","jetpack_publicize_message":"","jetpack_publicize_feature_enabled":true,"jetpack_social_post_already_shared":true,"jetpack_social_options":{"image_generator_settings":{"template":"highway","enabled":false},"version":2}},"categories":[1],"tags":[],"class_list":["post-7170","post","type-post","status-publish","format-standard","hentry","category-notas"],"jetpack_publicize_connections":[],"jetpack_sharing_enabled":true,"jetpack_featured_media_url":"","jetpack_shortlink":"https:\/\/wp.me\/p7wKYW-1RE","jetpack-related-posts":[],"_links":{"self":[{"href":"http:\/\/blogdalucianaoliveira.com.br\/blog\/wp-json\/wp\/v2\/posts\/7170","targetHints":{"allow":["GET"]}}],"collection":[{"href":"http:\/\/blogdalucianaoliveira.com.br\/blog\/wp-json\/wp\/v2\/posts"}],"about":[{"href":"http:\/\/blogdalucianaoliveira.com.br\/blog\/wp-json\/wp\/v2\/types\/post"}],"author":[{"embeddable":true,"href":"http:\/\/blogdalucianaoliveira.com.br\/blog\/wp-json\/wp\/v2\/users\/1"}],"replies":[{"embeddable":true,"href":"http:\/\/blogdalucianaoliveira.com.br\/blog\/wp-json\/wp\/v2\/comments?post=7170"}],"version-history":[{"count":3,"href":"http:\/\/blogdalucianaoliveira.com.br\/blog\/wp-json\/wp\/v2\/posts\/7170\/revisions"}],"predecessor-version":[{"id":7175,"href":"http:\/\/blogdalucianaoliveira.com.br\/blog\/wp-json\/wp\/v2\/posts\/7170\/revisions\/7175"}],"wp:attachment":[{"href":"http:\/\/blogdalucianaoliveira.com.br\/blog\/wp-json\/wp\/v2\/media?parent=7170"}],"wp:term":[{"taxonomy":"category","embeddable":true,"href":"http:\/\/blogdalucianaoliveira.com.br\/blog\/wp-json\/wp\/v2\/categories?post=7170"},{"taxonomy":"post_tag","embeddable":true,"href":"http:\/\/blogdalucianaoliveira.com.br\/blog\/wp-json\/wp\/v2\/tags?post=7170"}],"curies":[{"name":"wp","href":"https:\/\/api.w.org\/{rel}","templated":true}]}}