{"id":7184,"date":"2016-12-22T13:50:47","date_gmt":"2016-12-22T17:50:47","guid":{"rendered":"http:\/\/blogdalucianaoliveira.com.br\/blog\/?p=7184"},"modified":"2016-12-22T13:50:47","modified_gmt":"2016-12-22T17:50:47","slug":"so-nao-perdoo-clarice-por-nao-ter-escrito-fora-temer-nas-genitalias-e-bundas","status":"publish","type":"post","link":"http:\/\/blogdalucianaoliveira.com.br\/blog\/2016\/12\/22\/so-nao-perdoo-clarice-por-nao-ter-escrito-fora-temer-nas-genitalias-e-bundas\/","title":{"rendered":"S\u00f3 n\u00e3o perdoo Clarice por n\u00e3o ter escrito Fora Temer nas genit\u00e1lias e bundas"},"content":{"rendered":"<p><img data-recalc-dims=\"1\" loading=\"lazy\" decoding=\"async\" data-attachment-id=\"7187\" data-permalink=\"http:\/\/blogdalucianaoliveira.com.br\/blog\/2016\/12\/22\/so-nao-perdoo-clarice-por-nao-ter-escrito-fora-temer-nas-genitalias-e-bundas\/img_9632\/\" data-orig-file=\"https:\/\/i0.wp.com\/blogdalucianaoliveira.com.br\/blog\/wp-content\/uploads\/2016\/12\/IMG_9632.jpg?fit=810%2C455\" data-orig-size=\"810,455\" data-comments-opened=\"0\" data-image-meta=\"{&quot;aperture&quot;:&quot;0&quot;,&quot;credit&quot;:&quot;&quot;,&quot;camera&quot;:&quot;&quot;,&quot;caption&quot;:&quot;&quot;,&quot;created_timestamp&quot;:&quot;0&quot;,&quot;copyright&quot;:&quot;&quot;,&quot;focal_length&quot;:&quot;0&quot;,&quot;iso&quot;:&quot;0&quot;,&quot;shutter_speed&quot;:&quot;0&quot;,&quot;title&quot;:&quot;&quot;,&quot;orientation&quot;:&quot;0&quot;}\" data-image-title=\"img_9632\" data-image-description=\"\" data-image-caption=\"\" data-medium-file=\"https:\/\/i0.wp.com\/blogdalucianaoliveira.com.br\/blog\/wp-content\/uploads\/2016\/12\/IMG_9632.jpg?fit=300%2C169\" data-large-file=\"https:\/\/i0.wp.com\/blogdalucianaoliveira.com.br\/blog\/wp-content\/uploads\/2016\/12\/IMG_9632.jpg?fit=600%2C337\" src=\"https:\/\/i0.wp.com\/blogdalucianaoliveira.com.br\/blog\/wp-content\/uploads\/2016\/12\/IMG_9632.jpg?resize=600%2C337\" alt=\"img_9632\" width=\"600\" height=\"337\" class=\"alignnone size-full wp-image-7187\" srcset=\"https:\/\/i0.wp.com\/blogdalucianaoliveira.com.br\/blog\/wp-content\/uploads\/2016\/12\/IMG_9632.jpg?w=810 810w, https:\/\/i0.wp.com\/blogdalucianaoliveira.com.br\/blog\/wp-content\/uploads\/2016\/12\/IMG_9632.jpg?resize=300%2C169 300w, https:\/\/i0.wp.com\/blogdalucianaoliveira.com.br\/blog\/wp-content\/uploads\/2016\/12\/IMG_9632.jpg?resize=768%2C431 768w, https:\/\/i0.wp.com\/blogdalucianaoliveira.com.br\/blog\/wp-content\/uploads\/2016\/12\/IMG_9632.jpg?resize=534%2C300 534w\" sizes=\"auto, (max-width: 600px) 100vw, 600px\" \/><\/p>\n<p>Clipe da m\u00fasica \u2018Eu Escolhi Voc\u00ea\u2019 de Clarice Falc\u00e3o, que foi censurado pelo Youtube; assista<!--more--><\/p>\n<p>Correio Brasiliense \u2013 A cantora e compositora recifense Clarice Falc\u00e3o lan\u00e7ou um clipe com cenas de nudez feminina e masculina para a can\u00e7\u00e3o Eu escolhi voc\u00ea, uma das faixas do disco Problema meu, lan\u00e7ado neste ano. O v\u00eddeo, dirigido por Pablo Monaqueze, edi\u00e7\u00e3o de C\u00e9lio Porto e com edi\u00e7\u00e3o de Phillipe Cardelli, \u00e9 definido por ela como \u201cuma celebra\u00e7\u00e3o ao corpo humano\u201d.<\/p>\n<p>Nas imagens, focadas nos quadris de homens e mulheres, destaca os \u00f3rg\u00e3os genitais. Alguns personagens tiram as roupas, outros j\u00e1 est\u00e3o nus e usam fantasias, maquiagens, glitter e adere\u00e7os. Chica Caldas, Tomie Savaget, Cl\u00e1udinho e a pr\u00f3pria Clarice Falc\u00e3o assinam as artes do projeto.<\/p>\n<p>\u201cSe n\u00e3o for pra causar melhor nem lan\u00e7ar nada\u201d, disse ela, no Twitter. Para assistir ao v\u00eddeo, \u00e9 preciso ter mais de 18 anos e fazer log in no YouTube. Ciente da pol\u00edtica do site de v\u00eddeos para cenas de nudez, Clarice at\u00e9 prop\u00f4s um \u201cbol\u00e3o da hora em que o YouTube vai derrubar o v\u00eddeo\u201d na rede social.<\/p>\n<p>\u201cPuta merda @euclarice, voc\u00ea s\u00f3 pode ter algum problema mental. Al\u00e9m das m\u00fasicas serem um lixo e voc\u00ea s\u00f3 falar merda, agora esse clipe\u201d, reclamou um usu\u00e1rio, cujo coment\u00e1rio foi retuitado por ela. A outro, que disse \u201cEsse clipe da @euclarice me lembra muito aquelas exposi\u00e7\u00f5es de \u201carte\u201d onde as pessoas apreciam uma parede branca  e fingem q \u00e9 algo profundo\u201d, ela respondeu \u201cJ\u00e1 que precisa avisar: n\u00e3o \u00e9 nada profundo gente \u00e9 s\u00f3 piru e ppk\u201d.<\/p>\n<p>Assista ao v\u00eddeo (se tiver mais de 18 anos): <\/p>\n<p>https:\/\/vimeo.com\/196530591<\/p>\n","protected":false},"excerpt":{"rendered":"<p>Clipe da m\u00fasica \u2018Eu Escolhi Voc\u00ea\u2019 de Clarice Falc\u00e3o, que foi censurado pelo Youtube; assista<\/p>\n","protected":false},"author":1,"featured_media":0,"comment_status":"closed","ping_status":"open","sticky":false,"template":"","format":"standard","meta":{"_exactmetrics_skip_tracking":false,"_exactmetrics_sitenote_active":false,"_exactmetrics_sitenote_note":"","_exactmetrics_sitenote_category":0,"jetpack_post_was_ever_published":false,"_jetpack_newsletter_access":"","_jetpack_dont_email_post_to_subs":false,"_jetpack_newsletter_tier_id":0,"_jetpack_memberships_contains_paywalled_content":false,"_jetpack_memberships_contains_paid_content":false,"footnotes":"","jetpack_publicize_message":"","jetpack_publicize_feature_enabled":true,"jetpack_social_post_already_shared":true,"jetpack_social_options":{"image_generator_settings":{"template":"highway","enabled":false},"version":2}},"categories":[1],"tags":[],"class_list":["post-7184","post","type-post","status-publish","format-standard","hentry","category-notas"],"jetpack_publicize_connections":[],"jetpack_sharing_enabled":true,"jetpack_featured_media_url":"","jetpack_shortlink":"https:\/\/wp.me\/p7wKYW-1RS","jetpack-related-posts":[],"_links":{"self":[{"href":"http:\/\/blogdalucianaoliveira.com.br\/blog\/wp-json\/wp\/v2\/posts\/7184","targetHints":{"allow":["GET"]}}],"collection":[{"href":"http:\/\/blogdalucianaoliveira.com.br\/blog\/wp-json\/wp\/v2\/posts"}],"about":[{"href":"http:\/\/blogdalucianaoliveira.com.br\/blog\/wp-json\/wp\/v2\/types\/post"}],"author":[{"embeddable":true,"href":"http:\/\/blogdalucianaoliveira.com.br\/blog\/wp-json\/wp\/v2\/users\/1"}],"replies":[{"embeddable":true,"href":"http:\/\/blogdalucianaoliveira.com.br\/blog\/wp-json\/wp\/v2\/comments?post=7184"}],"version-history":[{"count":3,"href":"http:\/\/blogdalucianaoliveira.com.br\/blog\/wp-json\/wp\/v2\/posts\/7184\/revisions"}],"predecessor-version":[{"id":7188,"href":"http:\/\/blogdalucianaoliveira.com.br\/blog\/wp-json\/wp\/v2\/posts\/7184\/revisions\/7188"}],"wp:attachment":[{"href":"http:\/\/blogdalucianaoliveira.com.br\/blog\/wp-json\/wp\/v2\/media?parent=7184"}],"wp:term":[{"taxonomy":"category","embeddable":true,"href":"http:\/\/blogdalucianaoliveira.com.br\/blog\/wp-json\/wp\/v2\/categories?post=7184"},{"taxonomy":"post_tag","embeddable":true,"href":"http:\/\/blogdalucianaoliveira.com.br\/blog\/wp-json\/wp\/v2\/tags?post=7184"}],"curies":[{"name":"wp","href":"https:\/\/api.w.org\/{rel}","templated":true}]}}