{"id":7198,"date":"2016-12-23T09:09:51","date_gmt":"2016-12-23T13:09:51","guid":{"rendered":"http:\/\/blogdalucianaoliveira.com.br\/blog\/?p=7198"},"modified":"2016-12-23T09:09:51","modified_gmt":"2016-12-23T13:09:51","slug":"ipsos-rejeicao-a-temer-dispara-e-vai-a-77","status":"publish","type":"post","link":"http:\/\/blogdalucianaoliveira.com.br\/blog\/2016\/12\/23\/ipsos-rejeicao-a-temer-dispara-e-vai-a-77\/","title":{"rendered":"IPSOS: REJEI\u00c7\u00c3O A TEMER DISPARA E VAI A 77%"},"content":{"rendered":"<p><img data-recalc-dims=\"1\" loading=\"lazy\" decoding=\"async\" data-attachment-id=\"7199\" data-permalink=\"http:\/\/blogdalucianaoliveira.com.br\/blog\/2016\/12\/23\/ipsos-rejeicao-a-temer-dispara-e-vai-a-77\/img_9645\/\" data-orig-file=\"https:\/\/i0.wp.com\/blogdalucianaoliveira.com.br\/blog\/wp-content\/uploads\/2016\/12\/IMG_9645.jpg?fit=480%2C240\" data-orig-size=\"480,240\" data-comments-opened=\"0\" data-image-meta=\"{&quot;aperture&quot;:&quot;0&quot;,&quot;credit&quot;:&quot;&quot;,&quot;camera&quot;:&quot;&quot;,&quot;caption&quot;:&quot;&quot;,&quot;created_timestamp&quot;:&quot;0&quot;,&quot;copyright&quot;:&quot;&quot;,&quot;focal_length&quot;:&quot;0&quot;,&quot;iso&quot;:&quot;0&quot;,&quot;shutter_speed&quot;:&quot;0&quot;,&quot;title&quot;:&quot;&quot;,&quot;orientation&quot;:&quot;0&quot;}\" data-image-title=\"img_9645\" data-image-description=\"\" data-image-caption=\"\" data-medium-file=\"https:\/\/i0.wp.com\/blogdalucianaoliveira.com.br\/blog\/wp-content\/uploads\/2016\/12\/IMG_9645.jpg?fit=300%2C150\" data-large-file=\"https:\/\/i0.wp.com\/blogdalucianaoliveira.com.br\/blog\/wp-content\/uploads\/2016\/12\/IMG_9645.jpg?fit=480%2C240\" src=\"https:\/\/i0.wp.com\/blogdalucianaoliveira.com.br\/blog\/wp-content\/uploads\/2016\/12\/IMG_9645.jpg?resize=480%2C240\" alt=\"img_9645\" width=\"480\" height=\"240\" class=\"alignnone size-full wp-image-7199\" srcset=\"https:\/\/i0.wp.com\/blogdalucianaoliveira.com.br\/blog\/wp-content\/uploads\/2016\/12\/IMG_9645.jpg?w=480 480w, https:\/\/i0.wp.com\/blogdalucianaoliveira.com.br\/blog\/wp-content\/uploads\/2016\/12\/IMG_9645.jpg?resize=300%2C150 300w\" sizes=\"auto, (max-width: 480px) 100vw, 480px\" \/><\/p>\n<p>247 &#8211; A rejei\u00e7\u00e3o dos brasileiros a Michel Temer disparou em dezembro, crescendo pelo segundo m\u00eas consecutivo e atingindo 77%. De outubro para c\u00e1 essa taxa cresceu 18 pontos percentuais. <!--more--><\/p>\n<p>O aumento da rejei\u00e7\u00e3o ao pemedebista coincide com o cita\u00e7\u00e3o de seu nome e de alguns aliados na dela\u00e7\u00e3o premiada de ex-executivos da Odebrecht no \u00e2mbito da Opera\u00e7\u00e3o Lava-Jato. Os dados s\u00e3o da pesquisa Pulso Brasil, feita pelo Instituto Ipsos. Temer j\u00e1 declarou que n\u00e3o se incomoda com esses \u00edndices e que aproveitaria esse cen\u00e1rio para tomar medidas impopulares, como se a rejei\u00e7\u00e3o dos brasileiros lhe conferisse um salvo-conduto para retirar direitos trabalhistas e previdenci\u00e1rios.<\/p>\n<p>As informa\u00e7\u00f5es s\u00e3o do Valor.<\/p>\n<p>&#8220;O levantamento tamb\u00e9m captou uma piora na avalia\u00e7\u00e3o da gest\u00e3o do governo federal. O \u00edndice dos entrevistados que consideram a administra\u00e7\u00e3o de Temer ruim ou p\u00e9ssima saltou em um m\u00eas de 52% para 62%. Ao mesmo tempo, a aprova\u00e7\u00e3o ao presidente oscilou um ponto percentual para baixo ao registrar 15% neste m\u00eas, enquanto os que avaliam seu governo como \u00f3timo ou bom passaram de 7% para 8% na varia\u00e7\u00e3o mensal.<\/p>\n<p>Diretor do Ipsos e respons\u00e1vel pela pesquisa, Danilo Cersosimo afirma que o aumento da desaprova\u00e7\u00e3o a Temer \u00e9 fruto de uma combina\u00e7\u00e3o de tr\u00eas fatores. O primeiro, segundo ele, diz respeito a insatisfa\u00e7\u00e3o da popula\u00e7\u00e3o com as respostas do governo para a crise econ\u00f4mica. &#8220;Os brasileiros esperavam que a troca de comando resultasse num choque de gest\u00e3o e isso n\u00e3o ocorreu na pr\u00e1tica&#8221;, diz Cersosimo ao comentar o impeachment de Dilma Rousseff.<\/p>\n<p>O segundo aspecto tem a ver com a agenda de reformas do pemedebista, vista como impopular pela maioria dos entrevistados. De acordo com o levantamento, 87% acreditam que o pa\u00eds est\u00e1 no rumo errado. &#8220;O \u00faltimo fator e o mais relevante est\u00e1 relacionado com as dela\u00e7\u00f5es da Lava-Jato que comprometem Temer e seus aliados&#8221;, ressalta Cersosimo, acrescentando que a desaprova\u00e7\u00e3o de 77% \u00e9 muito alta para um pol\u00edtico at\u00e9 pouco tempo atr\u00e1s desconhecido por uma parcela significativa da popula\u00e7\u00e3o.<\/p>\n<p>O Ipsos ainda mediu a aprova\u00e7\u00e3o do presidente do Senado, Renan Calheiros (PMDB-AL). A desaprova\u00e7\u00e3o ao senador pemedebista cresceu de 62% para 79%. Nesse caso, a exemplo de Temer, o \u00edndice foi impulsionado pelas dela\u00e7\u00f5es que citam Renan, mas tamb\u00e9m pelos desdobramentos do confronto recente entre o parlamentar e o Poder Judici\u00e1rio.&#8221;<\/p>\n","protected":false},"excerpt":{"rendered":"<p>247 &#8211; A rejei\u00e7\u00e3o dos brasileiros a Michel Temer disparou em dezembro, crescendo pelo segundo m\u00eas consecutivo e atingindo 77%. De outubro para c\u00e1 essa taxa cresceu 18 pontos percentuais.<\/p>\n","protected":false},"author":1,"featured_media":0,"comment_status":"closed","ping_status":"open","sticky":false,"template":"","format":"standard","meta":{"_exactmetrics_skip_tracking":false,"_exactmetrics_sitenote_active":false,"_exactmetrics_sitenote_note":"","_exactmetrics_sitenote_category":0,"jetpack_post_was_ever_published":false,"_jetpack_newsletter_access":"","_jetpack_dont_email_post_to_subs":false,"_jetpack_newsletter_tier_id":0,"_jetpack_memberships_contains_paywalled_content":false,"_jetpack_memberships_contains_paid_content":false,"footnotes":"","jetpack_publicize_message":"","jetpack_publicize_feature_enabled":true,"jetpack_social_post_already_shared":true,"jetpack_social_options":{"image_generator_settings":{"template":"highway","enabled":false},"version":2}},"categories":[1],"tags":[],"class_list":["post-7198","post","type-post","status-publish","format-standard","hentry","category-notas"],"jetpack_publicize_connections":[],"jetpack_sharing_enabled":true,"jetpack_featured_media_url":"","jetpack_shortlink":"https:\/\/wp.me\/p7wKYW-1S6","jetpack-related-posts":[],"_links":{"self":[{"href":"http:\/\/blogdalucianaoliveira.com.br\/blog\/wp-json\/wp\/v2\/posts\/7198","targetHints":{"allow":["GET"]}}],"collection":[{"href":"http:\/\/blogdalucianaoliveira.com.br\/blog\/wp-json\/wp\/v2\/posts"}],"about":[{"href":"http:\/\/blogdalucianaoliveira.com.br\/blog\/wp-json\/wp\/v2\/types\/post"}],"author":[{"embeddable":true,"href":"http:\/\/blogdalucianaoliveira.com.br\/blog\/wp-json\/wp\/v2\/users\/1"}],"replies":[{"embeddable":true,"href":"http:\/\/blogdalucianaoliveira.com.br\/blog\/wp-json\/wp\/v2\/comments?post=7198"}],"version-history":[{"count":1,"href":"http:\/\/blogdalucianaoliveira.com.br\/blog\/wp-json\/wp\/v2\/posts\/7198\/revisions"}],"predecessor-version":[{"id":7200,"href":"http:\/\/blogdalucianaoliveira.com.br\/blog\/wp-json\/wp\/v2\/posts\/7198\/revisions\/7200"}],"wp:attachment":[{"href":"http:\/\/blogdalucianaoliveira.com.br\/blog\/wp-json\/wp\/v2\/media?parent=7198"}],"wp:term":[{"taxonomy":"category","embeddable":true,"href":"http:\/\/blogdalucianaoliveira.com.br\/blog\/wp-json\/wp\/v2\/categories?post=7198"},{"taxonomy":"post_tag","embeddable":true,"href":"http:\/\/blogdalucianaoliveira.com.br\/blog\/wp-json\/wp\/v2\/tags?post=7198"}],"curies":[{"name":"wp","href":"https:\/\/api.w.org\/{rel}","templated":true}]}}