{"id":7201,"date":"2016-12-23T09:18:03","date_gmt":"2016-12-23T13:18:03","guid":{"rendered":"http:\/\/blogdalucianaoliveira.com.br\/blog\/?p=7201"},"modified":"2016-12-23T09:20:36","modified_gmt":"2016-12-23T13:20:36","slug":"natal-e-dia-de-maldade","status":"publish","type":"post","link":"http:\/\/blogdalucianaoliveira.com.br\/blog\/2016\/12\/23\/natal-e-dia-de-maldade\/","title":{"rendered":"Natal \u00e9 dia de maldade"},"content":{"rendered":"<p><img data-recalc-dims=\"1\" loading=\"lazy\" decoding=\"async\" data-attachment-id=\"7202\" data-permalink=\"http:\/\/blogdalucianaoliveira.com.br\/blog\/2016\/12\/23\/natal-e-dia-de-maldade\/img_9646\/\" data-orig-file=\"https:\/\/i0.wp.com\/blogdalucianaoliveira.com.br\/blog\/wp-content\/uploads\/2016\/12\/IMG_9646.jpg?fit=306%2C164\" data-orig-size=\"306,164\" data-comments-opened=\"0\" data-image-meta=\"{&quot;aperture&quot;:&quot;0&quot;,&quot;credit&quot;:&quot;&quot;,&quot;camera&quot;:&quot;&quot;,&quot;caption&quot;:&quot;&quot;,&quot;created_timestamp&quot;:&quot;0&quot;,&quot;copyright&quot;:&quot;&quot;,&quot;focal_length&quot;:&quot;0&quot;,&quot;iso&quot;:&quot;0&quot;,&quot;shutter_speed&quot;:&quot;0&quot;,&quot;title&quot;:&quot;&quot;,&quot;orientation&quot;:&quot;0&quot;}\" data-image-title=\"img_9646\" data-image-description=\"\" data-image-caption=\"\" data-medium-file=\"https:\/\/i0.wp.com\/blogdalucianaoliveira.com.br\/blog\/wp-content\/uploads\/2016\/12\/IMG_9646.jpg?fit=300%2C161\" data-large-file=\"https:\/\/i0.wp.com\/blogdalucianaoliveira.com.br\/blog\/wp-content\/uploads\/2016\/12\/IMG_9646.jpg?fit=306%2C164\" src=\"https:\/\/i0.wp.com\/blogdalucianaoliveira.com.br\/blog\/wp-content\/uploads\/2016\/12\/IMG_9646.jpg?resize=306%2C164\" alt=\"img_9646\" width=\"306\" height=\"164\" class=\"alignnone size-full wp-image-7202\" srcset=\"https:\/\/i0.wp.com\/blogdalucianaoliveira.com.br\/blog\/wp-content\/uploads\/2016\/12\/IMG_9646.jpg?w=306 306w, https:\/\/i0.wp.com\/blogdalucianaoliveira.com.br\/blog\/wp-content\/uploads\/2016\/12\/IMG_9646.jpg?resize=300%2C161 300w\" sizes=\"auto, (max-width: 306px) 100vw, 306px\" \/><\/p>\n<p>Por Tati Bernardi<br \/>\nNo Almanaqueiras<\/p>\n<p>Farei algo maravilhoso neste Natal: sumir. N\u00e3o falarei com ningu\u00e9m. Mentira, falarei com amada mam\u00e3e, mas ser\u00e1 r\u00e1pido e por liga\u00e7\u00e3o de longa dist\u00e2ncia. <!--more--><\/p>\n<p>Se nessa vidinha voc\u00ea s\u00f3 tem quatro amigos suport\u00e1veis e dois parentes inevit\u00e1veis, por que, exatamente, cisma de amar metade da popula\u00e7\u00e3o nessa \u00e9poca do ano? A roupa quente do Papai Noel num calor de 40 graus \u00e9 a met\u00e1fora perfeita da nossa sinceridade nesses dias.<\/p>\n<p>Onde est\u00e1 escrito que, em meio ao tr\u00e2nsito insuport\u00e1vel pra ver enfeites, lojas abarrotadas de gente cansada e irritada, reuni\u00f5es com olhos semicerrados que imploram &#8220;pelo amor de Deus acaba esse ano&#8221; e putaria louca na pol\u00edtica nacional, voc\u00ea ser\u00e1 capaz de amar (sendo que nunca nem gostou), incondicional e desenfreadamente, toda uma manada de humanos facilmente desprezados no resto dos meses?<\/p>\n<p>Se voc\u00ea n\u00e3o suporta aquela tia invejosa da Brasil\u00e2ndia e aquela amiga de inf\u00e2ncia, engra\u00e7ad\u00edssima, que virou contadora, 364 dias por ano, por que acredita que ser\u00e1 capaz de verdadeiramente se enternecer por esses desgra\u00e7ados no Natal? Se a cunhada arrogante da Vila Nova e o primo que tatuou um palha\u00e7o metaleiro na batata da perna n\u00e3o t\u00eam nada a ver com voc\u00ea por toda uma exist\u00eancia, por que essa situa\u00e7\u00e3o mudaria apenas porque \u00e9 o per\u00edodo em que as fam\u00edlias se juntam nas novelas?<\/p>\n<p>Ah, mas deve ser o \u00faltimo Natal de bisa Zuleide. Ent\u00e3o cancela a viagem, cancela a festa com os amigos, cancela a felicidade, cancela o sexo, a masturba\u00e7\u00e3o, o seriado sozinho e tranquilo em casa. Cancela sua vida toda e qualquer prazer poss\u00edvel para uma noite t\u00e3o encantada. Voc\u00ea nunca tolerou mais de sete minutos ouvindo bisa Zuleide falar asneiras entrecortadas por muxoxos, voc\u00ea unha a palma da m\u00e3o quando ela come\u00e7a com seu discurso rea\u00e7a, racista e muquirana, mas apenas porque bisa Zuleide est\u00e1 morrendo (mentira! Ela est\u00e1 morrendo h\u00e1 12 anos! Essa \u00e9 a desculpa que sua m\u00e3e d\u00e1 pra unir aquelas 67 pessoas que voc\u00ea n\u00e3o suporta \u2013e nem sua m\u00e3e suporta\u2013 numa sala sem ar condicionado e assentos suficientes) voc\u00ea vai se arrumar e encarar esse tormento chamado &#8220;for\u00e7ar afei\u00e7\u00e3o por pessoas que cheiram empada e nem tem empada na festa&#8221;.<\/p>\n<p>Mas se voc\u00ea nunca se importou com a vida de bisa Zuleide, que preocupa\u00e7\u00e3o \u00e9 essa com a morte da velha? E da\u00ed que \u00e9 o \u00faltimo Natal dessa mala que maltrata a empregada e o porteiro e negou amor ao seu av\u00f4 que negou amor ao seu pai que at\u00e9 hoje \u00e9 um cara meio esquisit\u00e3o, o que deixa sua m\u00e3e um tanto infeliz e faz com que ela azucrine a sua vida? \u00c9 tudo culpa dessa moribunda da bisa Zuleide. As crian\u00e7as preferindo dengue a ter que beijar a face molenga e suada da bisa que tem bu\u00e7o e h\u00e1lito azedo. E nem heran\u00e7a ela vai deixar. Fa\u00e7a um favor a voc\u00ea nesse Natal: mande a Zuleide, a sua enorme culpa cat\u00f3lica, os 78 parentes que voc\u00ea gosta infinitamente menos do que da sua cachorra e aqueles 72% do Facebook que voc\u00ea deu &#8220;hide&#8221; \u00e0 merda. PARE DE SE CULPAR, pare de procurar dentro de voc\u00ea a bondade, a generosidade, o esp\u00edrito natalino. N\u00e3o, voc\u00ea n\u00e3o \u00e9 obrigado a gostar das pessoas apenas porque elas fazem arroz com passas e t\u00eam o seu tipo sangu\u00edneo. Perseguir a bondade \u00e9 a \u00fanica crueldade real que podemos fazer com n\u00f3s mesmos.<\/p>\n<p>Voc\u00ea n\u00e3o \u00e9 bonzinho e tudo bem. Sim! Tudo bem! Olha que libertador! Neste Natal eu te desejo menos culpa e muita maldade.<\/p>\n","protected":false},"excerpt":{"rendered":"<p>Por Tati Bernardi No Almanaqueiras Farei algo maravilhoso neste Natal: sumir. N\u00e3o falarei com ningu\u00e9m. Mentira, falarei com amada mam\u00e3e, mas ser\u00e1 r\u00e1pido e por liga\u00e7\u00e3o de longa dist\u00e2ncia.<\/p>\n","protected":false},"author":1,"featured_media":7202,"comment_status":"closed","ping_status":"open","sticky":false,"template":"","format":"standard","meta":{"_exactmetrics_skip_tracking":false,"_exactmetrics_sitenote_active":false,"_exactmetrics_sitenote_note":"","_exactmetrics_sitenote_category":0,"jetpack_post_was_ever_published":false,"_jetpack_newsletter_access":"","_jetpack_dont_email_post_to_subs":false,"_jetpack_newsletter_tier_id":0,"_jetpack_memberships_contains_paywalled_content":false,"_jetpack_memberships_contains_paid_content":false,"footnotes":"","jetpack_publicize_message":"","jetpack_publicize_feature_enabled":true,"jetpack_social_post_already_shared":true,"jetpack_social_options":{"image_generator_settings":{"template":"highway","enabled":false},"version":2}},"categories":[1],"tags":[],"class_list":["post-7201","post","type-post","status-publish","format-standard","has-post-thumbnail","hentry","category-notas"],"jetpack_publicize_connections":[],"jetpack_sharing_enabled":true,"jetpack_featured_media_url":"https:\/\/i0.wp.com\/blogdalucianaoliveira.com.br\/blog\/wp-content\/uploads\/2016\/12\/IMG_9646.jpg?fit=306%2C164","jetpack_shortlink":"https:\/\/wp.me\/p7wKYW-1S9","jetpack-related-posts":[],"_links":{"self":[{"href":"http:\/\/blogdalucianaoliveira.com.br\/blog\/wp-json\/wp\/v2\/posts\/7201","targetHints":{"allow":["GET"]}}],"collection":[{"href":"http:\/\/blogdalucianaoliveira.com.br\/blog\/wp-json\/wp\/v2\/posts"}],"about":[{"href":"http:\/\/blogdalucianaoliveira.com.br\/blog\/wp-json\/wp\/v2\/types\/post"}],"author":[{"embeddable":true,"href":"http:\/\/blogdalucianaoliveira.com.br\/blog\/wp-json\/wp\/v2\/users\/1"}],"replies":[{"embeddable":true,"href":"http:\/\/blogdalucianaoliveira.com.br\/blog\/wp-json\/wp\/v2\/comments?post=7201"}],"version-history":[{"count":1,"href":"http:\/\/blogdalucianaoliveira.com.br\/blog\/wp-json\/wp\/v2\/posts\/7201\/revisions"}],"predecessor-version":[{"id":7203,"href":"http:\/\/blogdalucianaoliveira.com.br\/blog\/wp-json\/wp\/v2\/posts\/7201\/revisions\/7203"}],"wp:featuredmedia":[{"embeddable":true,"href":"http:\/\/blogdalucianaoliveira.com.br\/blog\/wp-json\/wp\/v2\/media\/7202"}],"wp:attachment":[{"href":"http:\/\/blogdalucianaoliveira.com.br\/blog\/wp-json\/wp\/v2\/media?parent=7201"}],"wp:term":[{"taxonomy":"category","embeddable":true,"href":"http:\/\/blogdalucianaoliveira.com.br\/blog\/wp-json\/wp\/v2\/categories?post=7201"},{"taxonomy":"post_tag","embeddable":true,"href":"http:\/\/blogdalucianaoliveira.com.br\/blog\/wp-json\/wp\/v2\/tags?post=7201"}],"curies":[{"name":"wp","href":"https:\/\/api.w.org\/{rel}","templated":true}]}}