{"id":7207,"date":"2016-12-23T11:52:51","date_gmt":"2016-12-23T15:52:51","guid":{"rendered":"http:\/\/blogdalucianaoliveira.com.br\/blog\/?p=7207"},"modified":"2016-12-23T12:03:01","modified_gmt":"2016-12-23T16:03:01","slug":"a-quem-temer-pensa-que-engana","status":"publish","type":"post","link":"http:\/\/blogdalucianaoliveira.com.br\/blog\/2016\/12\/23\/a-quem-temer-pensa-que-engana\/","title":{"rendered":"A QUEM TEMER PENSA QUE ENGANA?"},"content":{"rendered":"<p> <img data-recalc-dims=\"1\" loading=\"lazy\" decoding=\"async\" data-attachment-id=\"7208\" data-permalink=\"http:\/\/blogdalucianaoliveira.com.br\/blog\/2016\/12\/23\/a-quem-temer-pensa-que-engana\/credo\/\" data-orig-file=\"https:\/\/i0.wp.com\/blogdalucianaoliveira.com.br\/blog\/wp-content\/uploads\/2016\/12\/credo.jpeg?fit=640%2C360\" data-orig-size=\"640,360\" data-comments-opened=\"0\" data-image-meta=\"{&quot;aperture&quot;:&quot;0&quot;,&quot;credit&quot;:&quot;&quot;,&quot;camera&quot;:&quot;&quot;,&quot;caption&quot;:&quot;&quot;,&quot;created_timestamp&quot;:&quot;0&quot;,&quot;copyright&quot;:&quot;&quot;,&quot;focal_length&quot;:&quot;0&quot;,&quot;iso&quot;:&quot;0&quot;,&quot;shutter_speed&quot;:&quot;0&quot;,&quot;title&quot;:&quot;&quot;,&quot;orientation&quot;:&quot;0&quot;}\" data-image-title=\"credo\" data-image-description=\"\" data-image-caption=\"\" data-medium-file=\"https:\/\/i0.wp.com\/blogdalucianaoliveira.com.br\/blog\/wp-content\/uploads\/2016\/12\/credo.jpeg?fit=300%2C169\" data-large-file=\"https:\/\/i0.wp.com\/blogdalucianaoliveira.com.br\/blog\/wp-content\/uploads\/2016\/12\/credo.jpeg?fit=600%2C338\" src=\"https:\/\/i0.wp.com\/blogdalucianaoliveira.com.br\/blog\/wp-content\/uploads\/2016\/12\/credo.jpeg?resize=600%2C338\" alt=\"credo\" width=\"600\" height=\"338\" class=\"alignnone size-full wp-image-7208\" srcset=\"https:\/\/i0.wp.com\/blogdalucianaoliveira.com.br\/blog\/wp-content\/uploads\/2016\/12\/credo.jpeg?w=640 640w, https:\/\/i0.wp.com\/blogdalucianaoliveira.com.br\/blog\/wp-content\/uploads\/2016\/12\/credo.jpeg?resize=300%2C169 300w, https:\/\/i0.wp.com\/blogdalucianaoliveira.com.br\/blog\/wp-content\/uploads\/2016\/12\/credo.jpeg?resize=533%2C300 533w\" sizes=\"auto, (max-width: 600px) 100vw, 600px\" \/><\/p>\n<p>Com cara de quem aprontou e termina o ano sem o merecido corretivo, cinicamente, Michel Temer fez o balan\u00e7o do seus sete meses de governo. <\/p>\n<p>Pela primeira vez pareceu de fato \u00e0 vontade com suas mentiras, mais eram flagrantes os sinais de psicopatia no discurso e nos trejeitos.<!--more--><\/p>\n<p>Temer usou um tom calmo e fresco pra forjar condescend\u00eancia e pr\u00e1tica paternalista, mentiu e inventou desculpas pra justificar a disson\u00e2ncia entre o que diz e pratica, bancou a v\u00edtima para abusando se passar por abusado e fez da hipocrisia escudo pra suportar os questionamentos da imprensa.<\/p>\n<p>A tranquilidade for\u00e7ada lembrou Hannibal Lecter, no Sil\u00eancio dos Inocentes, quando recebeu a visita da agente do FBI, Clarice Starling. \u201cEnviaram-me uma estagi\u00e1ria?\u201d, foi o que perguntou o psicopata para fingir pouca import\u00e2ncia ao que lhe amea\u00e7ava.<\/p>\n<p>As semelhan\u00e7as entre Lecter e Temer se restringem a detalhes sutis com o personagem genial do cl\u00e1ssico do cinema, afinal, Lecter \u00e9 um psicopata carism\u00e1tico.<\/p>\n<p>Temer precisa se esfor\u00e7ar muito pra fingir controle emocional diante dos 77% que desaprovam seu governo. <\/p>\n<p>\u201cDizem que h\u00e1 impopularidade. Isso me incomoda? Digamos assim, \u00e9 desagrad\u00e1vel, mas n\u00e3o me incomoda para governar.\u201d<\/p>\n<p>Foi insuport\u00e1vel v\u00ea-lo tentar n\u00e3o parecer mais aquele vice decorativo que mandou uma carta reclamando perda de protagonismo e confian\u00e7a \u00e0 presidenta eleita, ali\u00e1s, a variedade de personalidade \u00e9 tamb\u00e9m caracter\u00edstica de psicopatia. <\/p>\n<p>\u201cFinalmente, sei que a senhora n\u00e3o tem confian\u00e7a em mim e no PMDB, hoje, e n\u00e3o ter\u00e1 amanh\u00e3. Lamento, mas esta \u00e9 a minha convic\u00e7\u00e3o\u201d, escreveu \u00e0 \u00e9poca.<\/p>\n<p>Quem ousa dizer que Dilma estava errada?<\/p>\n<p>N\u00e3o demorou para que Temer assumisse publicamente que o impeachment ocorreu porque Dilma recusou a tal &#8220;Ponte para o Futuro&#8221;, que o ex-presidente Fernando Henrique Cardoso disse que para o povo guiado por um l\u00edder med\u00edocre pode n\u00e3o passar de uma pinguela.<\/p>\n<p>No \u00faltimo pronunciamento do ano, o ileg\u00edtimo at\u00e9 ironizou o parceiro do golpe, afirmando que pra vencer a crise tanto faz atravessar uma ponte ou uma pinguela.<\/p>\n<p>Mas, o que realmente deu medo no balan\u00e7o semestral do Temer foi quando disse que est\u00e1 satisfeito com a produtividade dos ministros e que n\u00e3o pretende fazer mudan\u00e7as.<\/p>\n<p>Desde que o governo golpista se instalou, houve seis baixas, todas motivadas por esc\u00e2ndalos de corrup\u00e7\u00e3o.<\/p>\n<p>Seis em cada dez (60%) dos brasileiros s\u00e3o contr\u00e1rios \u00e0 aprova\u00e7\u00e3o da PEC 55, segundo a \u00faltima pesquisa Datafolha. Ficou claro na consulta que os mais ricos apoiam o teto de gastos e os mais instru\u00eddos, o rejeitam.<\/p>\n<p>A Reforma do Ensino M\u00e9dio jamais poder\u00e1 ser vista como uma conquista da sociedade, por falta de planejamento e debate. <\/p>\n<p>A da Previd\u00eancia, s\u00f3 \u00e9 bem vista pelo empresariado e incomoda menos s\u00f3 quem os que j\u00e1 se aposentaram, como Temer. \u00c9 motivo de chacota nas redes sociais e vai gerar muitos protestos em 2017.<\/p>\n<p>E a \u2018Reforma Trabalhista\u2019, pasme, que o ileg\u00edtimo descreveu como &#8216;um bel\u00edssimo presente de Natal&#8217;, fortalecer\u00e1 a rela\u00e7\u00e3o de explora\u00e7\u00e3o de quem pode mais sobre quem pode menos.<\/p>\n<p>Desde quando a rela\u00e7\u00e3o patr\u00e3o x empregado no Brasil se deu de forma justa? E a prova \u00e9 a imensa demanda na justi\u00e7a do trabalho.<br \/>\nO costume aqui \u00e9 o empregador sacanear o empregado.<\/p>\n<p>Quem Temer pensa que engana que seu governo vai bem?<\/p>\n<p>A prova est\u00e1 na resposta evasiva \u00e0 pauta negativa que enfrenta desde que tomou posse.<\/p>\n<p>\u201cAgora voc\u00ea me pergunta: \u2018voc\u00ea vai renunciar?\u2019. Eu confesso que eu n\u00e3o tenho pensado nisso\u201d, disse.<\/p>\n<p>A nenhum presidente que governa bem se pergunta isso. <\/p>\n<p>O \u2018presente\u2019 de Temer neste Natal s\u00e3o c\u00f3cegas for\u00e7adas, que ao contr\u00e1rio do riso, provocam \u00e9 muita raiva.<\/p>\n","protected":false},"excerpt":{"rendered":"<p>Com cara de quem aprontou e termina o ano sem o merecido corretivo, cinicamente, Michel Temer fez o balan\u00e7o do seus sete meses de governo. Pela primeira vez pareceu de fato \u00e0 vontade com suas mentiras, mais eram flagrantes os sinais de psicopatia no discurso e nos trejeitos.<\/p>\n","protected":false},"author":1,"featured_media":7208,"comment_status":"closed","ping_status":"open","sticky":false,"template":"","format":"standard","meta":{"_exactmetrics_skip_tracking":false,"_exactmetrics_sitenote_active":false,"_exactmetrics_sitenote_note":"","_exactmetrics_sitenote_category":0,"jetpack_post_was_ever_published":false,"_jetpack_newsletter_access":"","_jetpack_dont_email_post_to_subs":false,"_jetpack_newsletter_tier_id":0,"_jetpack_memberships_contains_paywalled_content":false,"_jetpack_memberships_contains_paid_content":false,"footnotes":"","jetpack_publicize_message":"","jetpack_publicize_feature_enabled":true,"jetpack_social_post_already_shared":true,"jetpack_social_options":{"image_generator_settings":{"template":"highway","enabled":false},"version":2}},"categories":[1],"tags":[240,232,147,45],"class_list":["post-7207","post","type-post","status-publish","format-standard","has-post-thumbnail","hentry","category-notas","tag-balanco","tag-natal","tag-reforma-trabalhista","tag-temer"],"jetpack_publicize_connections":[],"jetpack_sharing_enabled":true,"jetpack_featured_media_url":"https:\/\/i0.wp.com\/blogdalucianaoliveira.com.br\/blog\/wp-content\/uploads\/2016\/12\/credo.jpeg?fit=640%2C360","jetpack_shortlink":"https:\/\/wp.me\/p7wKYW-1Sf","jetpack-related-posts":[],"_links":{"self":[{"href":"http:\/\/blogdalucianaoliveira.com.br\/blog\/wp-json\/wp\/v2\/posts\/7207","targetHints":{"allow":["GET"]}}],"collection":[{"href":"http:\/\/blogdalucianaoliveira.com.br\/blog\/wp-json\/wp\/v2\/posts"}],"about":[{"href":"http:\/\/blogdalucianaoliveira.com.br\/blog\/wp-json\/wp\/v2\/types\/post"}],"author":[{"embeddable":true,"href":"http:\/\/blogdalucianaoliveira.com.br\/blog\/wp-json\/wp\/v2\/users\/1"}],"replies":[{"embeddable":true,"href":"http:\/\/blogdalucianaoliveira.com.br\/blog\/wp-json\/wp\/v2\/comments?post=7207"}],"version-history":[{"count":5,"href":"http:\/\/blogdalucianaoliveira.com.br\/blog\/wp-json\/wp\/v2\/posts\/7207\/revisions"}],"predecessor-version":[{"id":7213,"href":"http:\/\/blogdalucianaoliveira.com.br\/blog\/wp-json\/wp\/v2\/posts\/7207\/revisions\/7213"}],"wp:featuredmedia":[{"embeddable":true,"href":"http:\/\/blogdalucianaoliveira.com.br\/blog\/wp-json\/wp\/v2\/media\/7208"}],"wp:attachment":[{"href":"http:\/\/blogdalucianaoliveira.com.br\/blog\/wp-json\/wp\/v2\/media?parent=7207"}],"wp:term":[{"taxonomy":"category","embeddable":true,"href":"http:\/\/blogdalucianaoliveira.com.br\/blog\/wp-json\/wp\/v2\/categories?post=7207"},{"taxonomy":"post_tag","embeddable":true,"href":"http:\/\/blogdalucianaoliveira.com.br\/blog\/wp-json\/wp\/v2\/tags?post=7207"}],"curies":[{"name":"wp","href":"https:\/\/api.w.org\/{rel}","templated":true}]}}