{"id":723,"date":"2016-05-12T22:48:40","date_gmt":"2016-05-13T02:48:40","guid":{"rendered":"http:\/\/blogdalucianaoliveira.com.br\/blog\/?p=723"},"modified":"2016-05-12T23:07:25","modified_gmt":"2016-05-13T03:07:25","slug":"eles-nos-odeiam-por-nao-ser-como-nos","status":"publish","type":"post","link":"http:\/\/blogdalucianaoliveira.com.br\/blog\/2016\/05\/12\/eles-nos-odeiam-por-nao-ser-como-nos\/","title":{"rendered":"Eles nos odeiam por n\u00e3o serem como n\u00f3s"},"content":{"rendered":"<p><code><img data-recalc-dims=\"1\" loading=\"lazy\" decoding=\"async\" data-attachment-id=\"724\" data-permalink=\"http:\/\/blogdalucianaoliveira.com.br\/blog\/2016\/05\/12\/eles-nos-odeiam-por-nao-ser-como-nos\/image-150\/\" data-orig-file=\"https:\/\/i0.wp.com\/blogdalucianaoliveira.com.br\/blog\/wp-content\/uploads\/2016\/05\/image-130.jpeg?fit=2448%2C2448\" data-orig-size=\"2448,2448\" data-comments-opened=\"0\" data-image-meta=\"{&quot;aperture&quot;:&quot;2.2&quot;,&quot;credit&quot;:&quot;&quot;,&quot;camera&quot;:&quot;iPhone 6&quot;,&quot;caption&quot;:&quot;&quot;,&quot;created_timestamp&quot;:&quot;1447001024&quot;,&quot;copyright&quot;:&quot;&quot;,&quot;focal_length&quot;:&quot;4.15&quot;,&quot;iso&quot;:&quot;32&quot;,&quot;shutter_speed&quot;:&quot;0.00617283950617&quot;,&quot;title&quot;:&quot;&quot;,&quot;orientation&quot;:&quot;1&quot;}\" data-image-title=\"image\" data-image-description=\"\" data-image-caption=\"\" data-medium-file=\"https:\/\/i0.wp.com\/blogdalucianaoliveira.com.br\/blog\/wp-content\/uploads\/2016\/05\/image-130.jpeg?fit=300%2C300\" data-large-file=\"https:\/\/i0.wp.com\/blogdalucianaoliveira.com.br\/blog\/wp-content\/uploads\/2016\/05\/image-130.jpeg?fit=600%2C600\" src=\"https:\/\/i0.wp.com\/blogdalucianaoliveira.com.br\/blog\/wp-content\/uploads\/2016\/05\/image-130.jpeg?resize=600%2C600\" alt=\"image\" width=\"600\" height=\"600\" class=\"alignnone size-full wp-image-724\" srcset=\"https:\/\/i0.wp.com\/blogdalucianaoliveira.com.br\/blog\/wp-content\/uploads\/2016\/05\/image-130.jpeg?w=2448 2448w, https:\/\/i0.wp.com\/blogdalucianaoliveira.com.br\/blog\/wp-content\/uploads\/2016\/05\/image-130.jpeg?resize=150%2C150 150w, https:\/\/i0.wp.com\/blogdalucianaoliveira.com.br\/blog\/wp-content\/uploads\/2016\/05\/image-130.jpeg?resize=300%2C300 300w, https:\/\/i0.wp.com\/blogdalucianaoliveira.com.br\/blog\/wp-content\/uploads\/2016\/05\/image-130.jpeg?resize=768%2C768 768w, https:\/\/i0.wp.com\/blogdalucianaoliveira.com.br\/blog\/wp-content\/uploads\/2016\/05\/image-130.jpeg?resize=1024%2C1024 1024w, https:\/\/i0.wp.com\/blogdalucianaoliveira.com.br\/blog\/wp-content\/uploads\/2016\/05\/image-130.jpeg?w=1200 1200w, https:\/\/i0.wp.com\/blogdalucianaoliveira.com.br\/blog\/wp-content\/uploads\/2016\/05\/image-130.jpeg?w=1800 1800w\" sizes=\"auto, (max-width: 600px) 100vw, 600px\" \/><\/p>\n<p>Temer falou que vai manter o Bolsa Fam\u00edlia, o Pronatec, o Prouni, Minha Casa Minha Vida, enfim, tudo que o governo do PT construiu e pelo que garantiu a vit\u00f3ria em quatro elei\u00e7\u00f5es. <\/p>\n<p>Quero saber como fica a torcida da direita, do Fora Dilma e Fora PT, que passaram todos esses anos ridicularizando esses programas sociais?<!--more--><\/p>\n<p>E os deputados que fundamentaram seus votos responsabilizando a pol\u00edtica social do PT, da esquerda, pela crise econ\u00f4mica? <\/p>\n<p>Devem estar com um oco na cabe\u00e7a uma hora dessas.<\/p>\n<p>N\u00e3o era a pol\u00edtica social 'assistencialista' do governo do PT a causa, no sentido pejorativo, de o pr\u00f3prio PT ter vencido 4 elei\u00e7\u00f5es seguidas? <\/p>\n<p>Com Temer cola? <\/p>\n<p>S\u00f3 digo uma coisa: esse Mateus, todos sabem quem pariu. <\/p>\n<p>O que o 'novo' governo mantiver, ser\u00e1 meramente por interesse eleitoreiro.<br \/>\nN\u00e3o foi constru\u00eddo por uma vis\u00e3o de socialismo democr\u00e1tico, um projeto de governo inclusivo. <\/p>\n<p>Du-vi-de-o-d\u00f3 que Temer arraste uma multid\u00e3o que lhe agrade\u00e7a e atribua a paternidade pelos programas que mudaram o pa\u00eds.<\/p>\n<p>H\u00e1 um divisor de \u00e1guas e todos sabem quem \u00e9. <\/p>\n<p>Temer nunca agarrou algu\u00e9m suado! N\u00e3o sabe e, por isso, n\u00e3o respeita a pluralidade da linguagem que praticamos. N\u00e3o tem conex\u00e3o com a juventude desassistida, com o vigor da car\u00eancia que d\u00e1 exemplos de sofistica\u00e7\u00e3o. <\/p>\n<p>Nunca esbo\u00e7ou interesse em criar intimidade com o povo, com as ruas, mesmo estando h\u00e1 um mandato e meio no governo.  <\/p>\n<p>O Brasil n\u00e3o \u00e9 o mesmo, se humanizou por discurso, pol\u00edtica social e exemplo de pluralidade nas a\u00e7\u00f5es do governo.<\/p>\n<p>A direita olig\u00e1rquica e os que sup\u00f5em que pertencem ao baronato que se esforcem, quem sabe um dia a gente deixa voc\u00eas entrarem na nossa festa popular. <\/p>\n<p>Aqui tem samba at\u00e9 de manh\u00e3. <\/p>\n","protected":false},"excerpt":{"rendered":"<p>Temer falou que vai manter o Bolsa Fam\u00edlia, o Pronatec, o Prouni, Minha Casa Minha Vida, enfim, tudo que o governo do PT construiu e pelo que garantiu a vit\u00f3ria em quatro elei\u00e7\u00f5es. Quero saber como fica a torcida da direita, do Fora Dilma e Fora PT, que passaram todos esses anos ridicularizando esses programas&#8230;<a class=\"more-link\" href=\"http:\/\/blogdalucianaoliveira.com.br\/blog\/2016\/05\/12\/eles-nos-odeiam-por-nao-ser-como-nos\/\">Continue a leitura <span class=\"meta-nav\">&raquo;<\/span><\/a><\/p>\n","protected":false},"author":1,"featured_media":0,"comment_status":"closed","ping_status":"open","sticky":false,"template":"","format":"standard","meta":{"_exactmetrics_skip_tracking":false,"_exactmetrics_sitenote_active":false,"_exactmetrics_sitenote_note":"","_exactmetrics_sitenote_category":0,"jetpack_post_was_ever_published":false,"_jetpack_newsletter_access":"","_jetpack_dont_email_post_to_subs":false,"_jetpack_newsletter_tier_id":0,"_jetpack_memberships_contains_paywalled_content":false,"_jetpack_memberships_contains_paid_content":false,"footnotes":"","jetpack_publicize_message":"","jetpack_publicize_feature_enabled":true,"jetpack_social_post_already_shared":true,"jetpack_social_options":{"image_generator_settings":{"template":"highway","enabled":false},"version":2}},"categories":[1],"tags":[],"class_list":["post-723","post","type-post","status-publish","format-standard","hentry","category-notas"],"jetpack_publicize_connections":[],"jetpack_sharing_enabled":true,"jetpack_featured_media_url":"","jetpack_shortlink":"https:\/\/wp.me\/p7wKYW-bF","jetpack-related-posts":[],"_links":{"self":[{"href":"http:\/\/blogdalucianaoliveira.com.br\/blog\/wp-json\/wp\/v2\/posts\/723","targetHints":{"allow":["GET"]}}],"collection":[{"href":"http:\/\/blogdalucianaoliveira.com.br\/blog\/wp-json\/wp\/v2\/posts"}],"about":[{"href":"http:\/\/blogdalucianaoliveira.com.br\/blog\/wp-json\/wp\/v2\/types\/post"}],"author":[{"embeddable":true,"href":"http:\/\/blogdalucianaoliveira.com.br\/blog\/wp-json\/wp\/v2\/users\/1"}],"replies":[{"embeddable":true,"href":"http:\/\/blogdalucianaoliveira.com.br\/blog\/wp-json\/wp\/v2\/comments?post=723"}],"version-history":[{"count":6,"href":"http:\/\/blogdalucianaoliveira.com.br\/blog\/wp-json\/wp\/v2\/posts\/723\/revisions"}],"predecessor-version":[{"id":730,"href":"http:\/\/blogdalucianaoliveira.com.br\/blog\/wp-json\/wp\/v2\/posts\/723\/revisions\/730"}],"wp:attachment":[{"href":"http:\/\/blogdalucianaoliveira.com.br\/blog\/wp-json\/wp\/v2\/media?parent=723"}],"wp:term":[{"taxonomy":"category","embeddable":true,"href":"http:\/\/blogdalucianaoliveira.com.br\/blog\/wp-json\/wp\/v2\/categories?post=723"},{"taxonomy":"post_tag","embeddable":true,"href":"http:\/\/blogdalucianaoliveira.com.br\/blog\/wp-json\/wp\/v2\/tags?post=723"}],"curies":[{"name":"wp","href":"https:\/\/api.w.org\/{rel}","templated":true}]}}