{"id":7256,"date":"2016-12-26T10:23:59","date_gmt":"2016-12-26T14:23:59","guid":{"rendered":"http:\/\/blogdalucianaoliveira.com.br\/blog\/?p=7256"},"modified":"2016-12-26T10:23:59","modified_gmt":"2016-12-26T14:23:59","slug":"tem-hora-pra-tudo-nessa-vida","status":"publish","type":"post","link":"http:\/\/blogdalucianaoliveira.com.br\/blog\/2016\/12\/26\/tem-hora-pra-tudo-nessa-vida\/","title":{"rendered":"Tem hora pra tudo nessa vida"},"content":{"rendered":"<p><img data-recalc-dims=\"1\" loading=\"lazy\" decoding=\"async\" data-attachment-id=\"7257\" data-permalink=\"http:\/\/blogdalucianaoliveira.com.br\/blog\/2016\/12\/26\/tem-hora-pra-tudo-nessa-vida\/img_9730\/\" data-orig-file=\"https:\/\/i0.wp.com\/blogdalucianaoliveira.com.br\/blog\/wp-content\/uploads\/2016\/12\/IMG_9730.jpg?fit=600%2C338\" data-orig-size=\"600,338\" data-comments-opened=\"0\" data-image-meta=\"{&quot;aperture&quot;:&quot;4.5&quot;,&quot;credit&quot;:&quot;&quot;,&quot;camera&quot;:&quot;DSC-HX5V&quot;,&quot;caption&quot;:&quot;&quot;,&quot;created_timestamp&quot;:&quot;1304773355&quot;,&quot;copyright&quot;:&quot;&quot;,&quot;focal_length&quot;:&quot;8.45&quot;,&quot;iso&quot;:&quot;125&quot;,&quot;shutter_speed&quot;:&quot;0.008&quot;,&quot;title&quot;:&quot;&quot;,&quot;orientation&quot;:&quot;1&quot;}\" data-image-title=\"img_9730\" data-image-description=\"\" data-image-caption=\"\" data-medium-file=\"https:\/\/i0.wp.com\/blogdalucianaoliveira.com.br\/blog\/wp-content\/uploads\/2016\/12\/IMG_9730.jpg?fit=300%2C169\" data-large-file=\"https:\/\/i0.wp.com\/blogdalucianaoliveira.com.br\/blog\/wp-content\/uploads\/2016\/12\/IMG_9730.jpg?fit=600%2C338\" src=\"https:\/\/i0.wp.com\/blogdalucianaoliveira.com.br\/blog\/wp-content\/uploads\/2016\/12\/IMG_9730.jpg?resize=600%2C338\" alt=\"img_9730\" width=\"600\" height=\"338\" class=\"alignnone size-full wp-image-7257\" srcset=\"https:\/\/i0.wp.com\/blogdalucianaoliveira.com.br\/blog\/wp-content\/uploads\/2016\/12\/IMG_9730.jpg?w=600 600w, https:\/\/i0.wp.com\/blogdalucianaoliveira.com.br\/blog\/wp-content\/uploads\/2016\/12\/IMG_9730.jpg?resize=300%2C169 300w, https:\/\/i0.wp.com\/blogdalucianaoliveira.com.br\/blog\/wp-content\/uploads\/2016\/12\/IMG_9730.jpg?resize=533%2C300 533w\" sizes=\"auto, (max-width: 600px) 100vw, 600px\" \/><\/p>\n<p>Luiz Antonio Simas<\/p>\n<p>Me perguntam por aqui o que acho de festejar r\u00e9veillon no meio de um momento dif\u00edcil. Eu n\u00e3o acho nada. <!--more--><\/p>\n<p>N\u00e3o vou cagar regra; apenas festejar o Ano Bom como sempre fa\u00e7o (e gosto). Meus av\u00f3s tiveram a sabedoria de me ensinar o seguinte: a gente n\u00e3o faz festa porque a vida \u00e9 f\u00e1cil. A gente faz festa exatamente pela raz\u00e3o contr\u00e1ria.<\/p>\n<p>A cultura do samba veio desse aparente paradoxo. N\u00e3o se samba porque a vida \u00e9 mole. Se samba porque a vida \u00e9 dura. O sentido das celebra\u00e7\u00f5es, ao menos para mim, \u00e9 esse. Festa e fresta s\u00e3o quase a mesma coisa e n\u00e3o concebo uma sem a outra. Noves fora, n\u00e3o tenho mais idade para ser fiscal da celebra\u00e7\u00e3o alheia e nem dou trela para quem se arrogue de fiscal da minha. No mais, o que espanta mis\u00e9ria \u00e9 festa, como dizia Beto Sem Bra\u00e7o. Depois do terceiro tra\u00e7ado, na hora do sufoco, sonrisal vira champanhe e t\u00e1 tudo certo.<\/p>\n","protected":false},"excerpt":{"rendered":"<p>Luiz Antonio Simas Me perguntam por aqui o que acho de festejar r\u00e9veillon no meio de um momento dif\u00edcil. Eu n\u00e3o acho nada.<\/p>\n","protected":false},"author":1,"featured_media":0,"comment_status":"closed","ping_status":"open","sticky":false,"template":"","format":"standard","meta":{"_exactmetrics_skip_tracking":false,"_exactmetrics_sitenote_active":false,"_exactmetrics_sitenote_note":"","_exactmetrics_sitenote_category":0,"jetpack_post_was_ever_published":false,"_jetpack_newsletter_access":"","_jetpack_dont_email_post_to_subs":false,"_jetpack_newsletter_tier_id":0,"_jetpack_memberships_contains_paywalled_content":false,"_jetpack_memberships_contains_paid_content":false,"footnotes":"","jetpack_publicize_message":"","jetpack_publicize_feature_enabled":true,"jetpack_social_post_already_shared":true,"jetpack_social_options":{"image_generator_settings":{"template":"highway","enabled":false},"version":2}},"categories":[1],"tags":[],"class_list":["post-7256","post","type-post","status-publish","format-standard","hentry","category-notas"],"jetpack_publicize_connections":[],"jetpack_sharing_enabled":true,"jetpack_featured_media_url":"","jetpack_shortlink":"https:\/\/wp.me\/p7wKYW-1T2","jetpack-related-posts":[],"_links":{"self":[{"href":"http:\/\/blogdalucianaoliveira.com.br\/blog\/wp-json\/wp\/v2\/posts\/7256","targetHints":{"allow":["GET"]}}],"collection":[{"href":"http:\/\/blogdalucianaoliveira.com.br\/blog\/wp-json\/wp\/v2\/posts"}],"about":[{"href":"http:\/\/blogdalucianaoliveira.com.br\/blog\/wp-json\/wp\/v2\/types\/post"}],"author":[{"embeddable":true,"href":"http:\/\/blogdalucianaoliveira.com.br\/blog\/wp-json\/wp\/v2\/users\/1"}],"replies":[{"embeddable":true,"href":"http:\/\/blogdalucianaoliveira.com.br\/blog\/wp-json\/wp\/v2\/comments?post=7256"}],"version-history":[{"count":1,"href":"http:\/\/blogdalucianaoliveira.com.br\/blog\/wp-json\/wp\/v2\/posts\/7256\/revisions"}],"predecessor-version":[{"id":7258,"href":"http:\/\/blogdalucianaoliveira.com.br\/blog\/wp-json\/wp\/v2\/posts\/7256\/revisions\/7258"}],"wp:attachment":[{"href":"http:\/\/blogdalucianaoliveira.com.br\/blog\/wp-json\/wp\/v2\/media?parent=7256"}],"wp:term":[{"taxonomy":"category","embeddable":true,"href":"http:\/\/blogdalucianaoliveira.com.br\/blog\/wp-json\/wp\/v2\/categories?post=7256"},{"taxonomy":"post_tag","embeddable":true,"href":"http:\/\/blogdalucianaoliveira.com.br\/blog\/wp-json\/wp\/v2\/tags?post=7256"}],"curies":[{"name":"wp","href":"https:\/\/api.w.org\/{rel}","templated":true}]}}