{"id":7268,"date":"2016-12-27T09:04:15","date_gmt":"2016-12-27T13:04:15","guid":{"rendered":"http:\/\/blogdalucianaoliveira.com.br\/blog\/?p=7268"},"modified":"2016-12-27T09:04:15","modified_gmt":"2016-12-27T13:04:15","slug":"2016-o-ano-em-que-se-tentou-matar-a-esperanca-do-povo-brasileiro","status":"publish","type":"post","link":"http:\/\/blogdalucianaoliveira.com.br\/blog\/2016\/12\/27\/2016-o-ano-em-que-se-tentou-matar-a-esperanca-do-povo-brasileiro\/","title":{"rendered":"2016: O ANO EM QUE SE TENTOU MATAR A ESPERAN\u00c7A DO POVO BRASILEIRO"},"content":{"rendered":"<p><img data-recalc-dims=\"1\" loading=\"lazy\" decoding=\"async\" data-attachment-id=\"7269\" data-permalink=\"http:\/\/blogdalucianaoliveira.com.br\/blog\/2016\/12\/27\/2016-o-ano-em-que-se-tentou-matar-a-esperanca-do-povo-brasileiro\/img_9748\/\" data-orig-file=\"https:\/\/i0.wp.com\/blogdalucianaoliveira.com.br\/blog\/wp-content\/uploads\/2016\/12\/IMG_9748.jpg?fit=490%2C280\" data-orig-size=\"490,280\" data-comments-opened=\"0\" data-image-meta=\"{&quot;aperture&quot;:&quot;0&quot;,&quot;credit&quot;:&quot;&quot;,&quot;camera&quot;:&quot;&quot;,&quot;caption&quot;:&quot;&quot;,&quot;created_timestamp&quot;:&quot;0&quot;,&quot;copyright&quot;:&quot;&quot;,&quot;focal_length&quot;:&quot;0&quot;,&quot;iso&quot;:&quot;0&quot;,&quot;shutter_speed&quot;:&quot;0&quot;,&quot;title&quot;:&quot;&quot;,&quot;orientation&quot;:&quot;0&quot;}\" data-image-title=\"img_9748\" data-image-description=\"\" data-image-caption=\"\" data-medium-file=\"https:\/\/i0.wp.com\/blogdalucianaoliveira.com.br\/blog\/wp-content\/uploads\/2016\/12\/IMG_9748.jpg?fit=300%2C171\" data-large-file=\"https:\/\/i0.wp.com\/blogdalucianaoliveira.com.br\/blog\/wp-content\/uploads\/2016\/12\/IMG_9748.jpg?fit=490%2C280\" src=\"https:\/\/i0.wp.com\/blogdalucianaoliveira.com.br\/blog\/wp-content\/uploads\/2016\/12\/IMG_9748.jpg?resize=490%2C280\" alt=\"img_9748\" width=\"490\" height=\"280\" class=\"alignnone size-full wp-image-7269\" srcset=\"https:\/\/i0.wp.com\/blogdalucianaoliveira.com.br\/blog\/wp-content\/uploads\/2016\/12\/IMG_9748.jpg?w=490 490w, https:\/\/i0.wp.com\/blogdalucianaoliveira.com.br\/blog\/wp-content\/uploads\/2016\/12\/IMG_9748.jpg?resize=300%2C171 300w\" sizes=\"auto, (max-width: 490px) 100vw, 490px\" \/><\/p>\n<p>Por Leonardo Boff<br \/>\nNo 247<!--more--><\/p>\n<p>A situa\u00e7\u00e3o social, pol\u00edtica e econ\u00f4mica do Brasil mereceria uma reflex\u00e3o severa sobre a tentativa perversa de matar a esperan\u00e7a do povo brasileiro, promovida por uma corja (esse \u00e9 o nome) de pol\u00edticos, em sua grande maioria corruptos ou acusados de tal, que, de forma desavergonhada, se p\u00f4s a servi\u00e7o dos verdadeiros forjadores do golpe perpetrado contra a Presidenta Dilma Rousseff: a velha oligarquia do dinheiro e do privil\u00e9gio que jamais aceitou que algu\u00e9m do  andar de baixo chegasse a ser Presidente do Brasil e fizesse a inclus\u00e3o social de milh\u00f5es dos filhos e filhas da pobreza.<\/p>\n<p>Obviamente h\u00e1 pol\u00edticos valorosos e \u00e9ticos, bem como  empres\u00e1rios da nova gera\u00e7\u00e3o, progressistas que pensam no Brasil e em seu povo. Mas estes n\u00e3o conseguiram ainda acumular for\u00e7a suficiente para dar outro rumo \u00e0 pol\u00edtica e um sentido social ao Estado vigente, de cariz neoliberal e patrimonialista.<\/p>\n<p>         Ao se referir \u00e0 corrup\u00e7\u00e3o todos pensam logo no Lava Jato e na Petrobr\u00e1s. Mas esquecem ou lhes \u00e9 negada, intencionalmente pela m\u00eddia conservadora e legitimadora do establishment, a outra corrup\u00e7\u00e3o, muito pior, revelada exatamente no dia de Natal que junto com o nascimento de Cristo se narra a matan\u00e7a de meninos inocentes pelo rei Herodes, hoje atualizado pelos corruptos que delapidam o pa\u00eds.<\/p>\n<p>         Wagner Ros\u00e1rio, secret\u00e1rio do Minist\u00e9rio da Transpar\u00eancia, nos revela que nos \u00faltimos treze anos esquemas de corrup\u00e7\u00e3o, de fraudes e desvios de recursos da Uni\u00e3o, repassados aos Estados, munic\u00edpios e ONGs e direcionados a pequenos munic\u00edpios com baixo \u00cdndice de Desenvolvimento Humano podem superar um milh\u00e3o de vezes o rombo na Petrobras descoberto na Lava Jato. S\u00e3o 4 bilh\u00f5es mas camuflados que podem se transformar, num estudo econom\u00e9trico, em um trilh\u00e3o de reais. As \u00e1reas mais afetadas s\u00e3o a sa\u00fade (merenda) e a educa\u00e7\u00e3o (abandono das escolas).<\/p>\n<p>       Diz o Secret\u00e1rio: \u201cA gente chama isso de assassinato da esperan\u00e7a. Quando voc\u00ea retira merenda de uma crian\u00e7a, voc\u00ea tira a possibilidade de crescimento daquele munic\u00edpio a m\u00e9dio e a longo prazo. \u00c9 uma gera\u00e7\u00e3o inteira que voc\u00ea est\u00e1 matando\u201d.<\/p>\n<p>   A na\u00e7\u00e3o precisa saber desta matan\u00e7a e n\u00e3o se deixar mentir por aqueles que ocultam, controlam e distorcem as informa\u00e7\u00f5es  porque s\u00e3o anti-sist\u00eamicas.<\/p>\n<p>         Mas n\u00e3o se pode viver s\u00f3 de desgra\u00e7as que macularam grande parte do ano de 2016. Voltemo-nos para aquilo que nos permite viver e sonhar: a esperan\u00e7a.<\/p>\n<p>        Para entender a esperan\u00e7a precisamos  ultrapassar o modo comum de vermos a realidade. Pensamos que a realidade \u00e9 o que est\u00e1 a\u00ed, dado e feito. Esquecemos que o dado \u00e9 sempre feito e n\u00e3o \u00e9 todo o real. O real \u00e9 maior. Pertence ao real tamb\u00e9m o potencial, o que ainda n\u00e3o \u00e9 e que pode vir a ser. Esse lado potencial se expressa pela utopia, pelos sonhos, pelas proje\u00e7\u00f5es de um mundo melhor. \u00c9 o campo onde floresce a esperan\u00e7a. Ter esperan\u00e7a \u00e9 crer que esse potencial pode se transformar em real, n\u00e3o automaticamente, mas pela pr\u00e1tica humana. Portanto, a utopia que alimenta a esperan\u00e7a n\u00e3o se antagoniza com a realidade. Ela revela seu lado potencial, o absc\u00f4ndito que quer vir para fora e fazer hist\u00f3ria.<\/p>\n<p>         Fa\u00e7o meu o lema do grande cientista e f\u00edsico qu\u00e2ntico Carl Friedrich von Weizs\u00e4cker, cuja sociedade fundada por ele me honrou em final de novembro em Berlim com um pr\u00eamio pelo intento de unir o grito da Terra com o grito do pobre:\u201dn\u00e3o anuncio otimismo, mas esperan\u00e7a\u201d.<\/p>\n<p>         Esperan\u00e7a \u00e9 um bem escasso hoje no mundo inteiro e especialmente no Brasil. Os que mudaram ilegitimamente os rumos do pa\u00eds, impondo um ultraliberalismo, est\u00e3o assassinando a esperan\u00e7a do povo brasileiro. As medidas tomadas penalizam principalmente as grandes maiorias que veem as conquistas sociais hist\u00f3ricas sendo literalmente desmontadas.<\/p>\n<p>Aqui nos socorre o fil\u00f3sofo alem\u00e3o (Ernst Bloch) que introduziu  o \u201cprinc\u00edpio esperan\u00e7a\u201d. Esta, a esperan\u00e7a, \u00e9 mais que uma virtude entre outras. \u00c9 um motor que temos dentro de n\u00f3s que alimenta todas as demais virtudes e que nos lan\u00e7a para frente, suscitando novos sonhos de uma sociedade melhor.<\/p>\n<p>        Esta esperan\u00e7a vai fornecer as energias para a popula\u00e7\u00e3o afetada poder resisitir, sair \u00e0s ruas, protestar e exigir mudan\u00e7as que fa\u00e7am bem ao pa\u00eds, a come\u00e7ar pelos que mais precisam.<\/p>\n<p>         Como a maioria \u00e9 crist\u00e3 valem as palavras do s\u00e1bio Riobaldo de Guimar\u00e3es Rosa:\u201dCom Deus existindo, tudo d\u00e1 esperan\u00e7a, o mundo se resolve\u2026Tendo Deus \u00e9 menos grave se descuidar um pouquinho, pois no fim, d\u00e1 certo. Mas se n\u00e3o tem Deus, ent\u00e3o, a gente n\u00e3o tem licen\u00e7a para coisa nenhuma\u201d.<\/p>\n<p> Ter f\u00e9  \u00e9 ter saudades de Deus. Ter esperan\u00e7a \u00e9 saber que Ele est\u00e1 ao nosso lado, ainda que invis\u00edvel, fazendo-nos esperar contra toda a esperan\u00e7a.<\/p>\n<p>Leonardo Boff \u00e9 articulista do JB online e escreveu Teologia da liberta\u00e7\u00e3o e do cativeiro, Vozes  2014.<\/p>\n","protected":false},"excerpt":{"rendered":"<p>Por Leonardo Boff No 247<\/p>\n","protected":false},"author":1,"featured_media":0,"comment_status":"closed","ping_status":"open","sticky":false,"template":"","format":"standard","meta":{"_exactmetrics_skip_tracking":false,"_exactmetrics_sitenote_active":false,"_exactmetrics_sitenote_note":"","_exactmetrics_sitenote_category":0,"jetpack_post_was_ever_published":false,"_jetpack_newsletter_access":"","_jetpack_dont_email_post_to_subs":false,"_jetpack_newsletter_tier_id":0,"_jetpack_memberships_contains_paywalled_content":false,"_jetpack_memberships_contains_paid_content":false,"footnotes":"","jetpack_publicize_message":"","jetpack_publicize_feature_enabled":true,"jetpack_social_post_already_shared":true,"jetpack_social_options":{"image_generator_settings":{"template":"highway","enabled":false},"version":2}},"categories":[1],"tags":[],"class_list":["post-7268","post","type-post","status-publish","format-standard","hentry","category-notas"],"jetpack_publicize_connections":[],"jetpack_sharing_enabled":true,"jetpack_featured_media_url":"","jetpack_shortlink":"https:\/\/wp.me\/p7wKYW-1Te","jetpack-related-posts":[],"_links":{"self":[{"href":"http:\/\/blogdalucianaoliveira.com.br\/blog\/wp-json\/wp\/v2\/posts\/7268","targetHints":{"allow":["GET"]}}],"collection":[{"href":"http:\/\/blogdalucianaoliveira.com.br\/blog\/wp-json\/wp\/v2\/posts"}],"about":[{"href":"http:\/\/blogdalucianaoliveira.com.br\/blog\/wp-json\/wp\/v2\/types\/post"}],"author":[{"embeddable":true,"href":"http:\/\/blogdalucianaoliveira.com.br\/blog\/wp-json\/wp\/v2\/users\/1"}],"replies":[{"embeddable":true,"href":"http:\/\/blogdalucianaoliveira.com.br\/blog\/wp-json\/wp\/v2\/comments?post=7268"}],"version-history":[{"count":1,"href":"http:\/\/blogdalucianaoliveira.com.br\/blog\/wp-json\/wp\/v2\/posts\/7268\/revisions"}],"predecessor-version":[{"id":7270,"href":"http:\/\/blogdalucianaoliveira.com.br\/blog\/wp-json\/wp\/v2\/posts\/7268\/revisions\/7270"}],"wp:attachment":[{"href":"http:\/\/blogdalucianaoliveira.com.br\/blog\/wp-json\/wp\/v2\/media?parent=7268"}],"wp:term":[{"taxonomy":"category","embeddable":true,"href":"http:\/\/blogdalucianaoliveira.com.br\/blog\/wp-json\/wp\/v2\/categories?post=7268"},{"taxonomy":"post_tag","embeddable":true,"href":"http:\/\/blogdalucianaoliveira.com.br\/blog\/wp-json\/wp\/v2\/tags?post=7268"}],"curies":[{"name":"wp","href":"https:\/\/api.w.org\/{rel}","templated":true}]}}