{"id":7286,"date":"2016-12-27T18:45:20","date_gmt":"2016-12-27T22:45:20","guid":{"rendered":"http:\/\/blogdalucianaoliveira.com.br\/blog\/?p=7286"},"modified":"2016-12-27T18:45:20","modified_gmt":"2016-12-27T22:45:20","slug":"quando-o-povo-nao-da-refresco-da-nisso","status":"publish","type":"post","link":"http:\/\/blogdalucianaoliveira.com.br\/blog\/2016\/12\/27\/quando-o-povo-nao-da-refresco-da-nisso\/","title":{"rendered":"Quando o povo n\u00e3o d\u00e1 refresco, d\u00e1 nisso"},"content":{"rendered":"<p><img data-recalc-dims=\"1\" loading=\"lazy\" decoding=\"async\" data-attachment-id=\"7287\" data-permalink=\"http:\/\/blogdalucianaoliveira.com.br\/blog\/2016\/12\/27\/quando-o-povo-nao-da-refresco-da-nisso\/hanguen\/\" data-orig-file=\"https:\/\/i0.wp.com\/blogdalucianaoliveira.com.br\/blog\/wp-content\/uploads\/2016\/12\/hanguen.jpg?fit=812%2C365\" data-orig-size=\"812,365\" data-comments-opened=\"0\" data-image-meta=\"{&quot;aperture&quot;:&quot;0&quot;,&quot;credit&quot;:&quot;&quot;,&quot;camera&quot;:&quot;&quot;,&quot;caption&quot;:&quot;&quot;,&quot;created_timestamp&quot;:&quot;0&quot;,&quot;copyright&quot;:&quot;&quot;,&quot;focal_length&quot;:&quot;0&quot;,&quot;iso&quot;:&quot;0&quot;,&quot;shutter_speed&quot;:&quot;0&quot;,&quot;title&quot;:&quot;&quot;,&quot;orientation&quot;:&quot;0&quot;}\" data-image-title=\"hanguen\" data-image-description=\"\" data-image-caption=\"\" data-medium-file=\"https:\/\/i0.wp.com\/blogdalucianaoliveira.com.br\/blog\/wp-content\/uploads\/2016\/12\/hanguen.jpg?fit=300%2C135\" data-large-file=\"https:\/\/i0.wp.com\/blogdalucianaoliveira.com.br\/blog\/wp-content\/uploads\/2016\/12\/hanguen.jpg?fit=600%2C270\" src=\"https:\/\/i0.wp.com\/blogdalucianaoliveira.com.br\/blog\/wp-content\/uploads\/2016\/12\/hanguen.jpg?resize=600%2C270\" alt=\"hanguen\" width=\"600\" height=\"270\" class=\"alignnone size-full wp-image-7287\" srcset=\"https:\/\/i0.wp.com\/blogdalucianaoliveira.com.br\/blog\/wp-content\/uploads\/2016\/12\/hanguen.jpg?w=812 812w, https:\/\/i0.wp.com\/blogdalucianaoliveira.com.br\/blog\/wp-content\/uploads\/2016\/12\/hanguen.jpg?resize=300%2C135 300w, https:\/\/i0.wp.com\/blogdalucianaoliveira.com.br\/blog\/wp-content\/uploads\/2016\/12\/hanguen.jpg?resize=768%2C345 768w, https:\/\/i0.wp.com\/blogdalucianaoliveira.com.br\/blog\/wp-content\/uploads\/2016\/12\/hanguen.jpg?resize=667%2C300 667w\" sizes=\"auto, (max-width: 600px) 100vw, 600px\" \/><\/p>\n<p>AP\u00d3S REPERCUSS\u00c3O, TEMER CANCELA &#8216;LICITA\u00c7\u00c3O DO SORVETE&#8217;<!--more--><\/p>\n<p>247 &#8211; O Pal\u00e1cio do Planalto decidiu cancelar nesta ter\u00e7a-feira (27) a licita\u00e7\u00e3o no valor de R$ 1,75 milh\u00e3o para compra de lanches e refei\u00e7\u00f5es para o avi\u00e3o de Michel Temer (PMDB). An\u00fancio foi feito pouco depois de se tornar p\u00fablica a informa\u00e7\u00e3o sobre a compra de sorvetes, sucos, p\u00e3es sem gl\u00faten e outros itens.<\/p>\n<p>A licita\u00e7\u00e3o foi lan\u00e7ada na semana passada. Empresas interessadas em abastecer com alimentos e bebidas a aeronave presidencial deveriam apresentar suas propostas para o servi\u00e7o na pr\u00f3xima segunda-feira (2).<\/p>\n<p>De acordo com a o edital da concorr\u00eancia, mais de 170 itens aliment\u00edcios seriam comprados pelo governo. Entre eles, est\u00e3o cinco tipos de sorvetes e outros cinco sabores de picol\u00e9s.<\/p>\n<p>S\u00f3 em sorvetes do tipo premium da Haagen Dazs, o governo pretendia gastar R$ 7.500. Seriam 500 potes de 100 gramas, or\u00e7ados em R$ 15,09 cada um.<\/p>\n<p>O Planalto tamb\u00e9m deveria gastar mais de R$ 21 mil em 1.500 litros \u00e1gua de coco para o avi\u00e3o, outros R$ 18,3 mil em 5.000 c\u00e1psulas de caf\u00e9 expresso, e mais de R$ 96 mil em 1.500 tortas de chocolate.<\/p>\n<p>Para o avi\u00e3o de Temer, cada sandu\u00edche de mortadela custaria at\u00e9 R$ 16,45. A Presid\u00eancia j\u00e1 tinha encomendado 500 deles. Encomendara tamb\u00e9m 500 sandu\u00edches de atum e outros 2.500 do tipo misto (com presunto e queijo).<\/p>\n<p>J\u00e1 os almo\u00e7os e jantares que seriam servidos no avi\u00e3o do presidente custariam at\u00e9 R$ 167 cada. Incluiriam entrada, prato principal e sobremesa. Pelo card\u00e1pio descrito na licita\u00e7\u00e3o, teriam medalh\u00e3o de fil\u00e9, cordeiro assado ou supremo de frango grelhado, al\u00e9m de acompanhamentos.<\/p>\n<p>Os caf\u00e9s da manh\u00e3 no avi\u00e3o poderiam custar mais de R$ 96 cada. Incluiriam iogurte tipo grego, frutas da esta\u00e7\u00e3o em cubos, frios fatiados, p\u00e3es e um prato principal: omelete, quiche, beirute ou outros.<\/p>\n","protected":false},"excerpt":{"rendered":"<p>AP\u00d3S REPERCUSS\u00c3O, TEMER CANCELA &#8216;LICITA\u00c7\u00c3O DO SORVETE&#8217;<\/p>\n","protected":false},"author":1,"featured_media":0,"comment_status":"closed","ping_status":"open","sticky":false,"template":"","format":"standard","meta":{"_exactmetrics_skip_tracking":false,"_exactmetrics_sitenote_active":false,"_exactmetrics_sitenote_note":"","_exactmetrics_sitenote_category":0,"jetpack_post_was_ever_published":false,"_jetpack_newsletter_access":"","_jetpack_dont_email_post_to_subs":false,"_jetpack_newsletter_tier_id":0,"_jetpack_memberships_contains_paywalled_content":false,"_jetpack_memberships_contains_paid_content":false,"footnotes":"","jetpack_publicize_message":"","jetpack_publicize_feature_enabled":true,"jetpack_social_post_already_shared":true,"jetpack_social_options":{"image_generator_settings":{"template":"highway","enabled":false},"version":2}},"categories":[1],"tags":[243,241,45,242],"class_list":["post-7286","post","type-post","status-publish","format-standard","hentry","category-notas","tag-comida","tag-nuttella","tag-temer","tag-voo"],"jetpack_publicize_connections":[],"jetpack_sharing_enabled":true,"jetpack_featured_media_url":"","jetpack_shortlink":"https:\/\/wp.me\/p7wKYW-1Tw","jetpack-related-posts":[],"_links":{"self":[{"href":"http:\/\/blogdalucianaoliveira.com.br\/blog\/wp-json\/wp\/v2\/posts\/7286","targetHints":{"allow":["GET"]}}],"collection":[{"href":"http:\/\/blogdalucianaoliveira.com.br\/blog\/wp-json\/wp\/v2\/posts"}],"about":[{"href":"http:\/\/blogdalucianaoliveira.com.br\/blog\/wp-json\/wp\/v2\/types\/post"}],"author":[{"embeddable":true,"href":"http:\/\/blogdalucianaoliveira.com.br\/blog\/wp-json\/wp\/v2\/users\/1"}],"replies":[{"embeddable":true,"href":"http:\/\/blogdalucianaoliveira.com.br\/blog\/wp-json\/wp\/v2\/comments?post=7286"}],"version-history":[{"count":1,"href":"http:\/\/blogdalucianaoliveira.com.br\/blog\/wp-json\/wp\/v2\/posts\/7286\/revisions"}],"predecessor-version":[{"id":7288,"href":"http:\/\/blogdalucianaoliveira.com.br\/blog\/wp-json\/wp\/v2\/posts\/7286\/revisions\/7288"}],"wp:attachment":[{"href":"http:\/\/blogdalucianaoliveira.com.br\/blog\/wp-json\/wp\/v2\/media?parent=7286"}],"wp:term":[{"taxonomy":"category","embeddable":true,"href":"http:\/\/blogdalucianaoliveira.com.br\/blog\/wp-json\/wp\/v2\/categories?post=7286"},{"taxonomy":"post_tag","embeddable":true,"href":"http:\/\/blogdalucianaoliveira.com.br\/blog\/wp-json\/wp\/v2\/tags?post=7286"}],"curies":[{"name":"wp","href":"https:\/\/api.w.org\/{rel}","templated":true}]}}