{"id":7306,"date":"2016-12-28T14:14:43","date_gmt":"2016-12-28T18:14:43","guid":{"rendered":"http:\/\/blogdalucianaoliveira.com.br\/blog\/?p=7306"},"modified":"2016-12-28T14:14:43","modified_gmt":"2016-12-28T18:14:43","slug":"a-previa-dos-fevereirianos","status":"publish","type":"post","link":"http:\/\/blogdalucianaoliveira.com.br\/blog\/2016\/12\/28\/a-previa-dos-fevereirianos\/","title":{"rendered":"A PR\u00c9VIA DOS FEVEREIRIANOS"},"content":{"rendered":"<p><img data-recalc-dims=\"1\" loading=\"lazy\" decoding=\"async\" data-attachment-id=\"7307\" data-permalink=\"http:\/\/blogdalucianaoliveira.com.br\/blog\/2016\/12\/28\/a-previa-dos-fevereirianos\/mistura\/\" data-orig-file=\"https:\/\/i0.wp.com\/blogdalucianaoliveira.com.br\/blog\/wp-content\/uploads\/2016\/12\/mistura.jpg?fit=480%2C360\" data-orig-size=\"480,360\" data-comments-opened=\"0\" data-image-meta=\"{&quot;aperture&quot;:&quot;0&quot;,&quot;credit&quot;:&quot;&quot;,&quot;camera&quot;:&quot;&quot;,&quot;caption&quot;:&quot;&quot;,&quot;created_timestamp&quot;:&quot;0&quot;,&quot;copyright&quot;:&quot;&quot;,&quot;focal_length&quot;:&quot;0&quot;,&quot;iso&quot;:&quot;0&quot;,&quot;shutter_speed&quot;:&quot;0&quot;,&quot;title&quot;:&quot;&quot;,&quot;orientation&quot;:&quot;0&quot;}\" data-image-title=\"mistura\" data-image-description=\"\" data-image-caption=\"\" data-medium-file=\"https:\/\/i0.wp.com\/blogdalucianaoliveira.com.br\/blog\/wp-content\/uploads\/2016\/12\/mistura.jpg?fit=300%2C225\" data-large-file=\"https:\/\/i0.wp.com\/blogdalucianaoliveira.com.br\/blog\/wp-content\/uploads\/2016\/12\/mistura.jpg?fit=480%2C360\" src=\"https:\/\/i0.wp.com\/blogdalucianaoliveira.com.br\/blog\/wp-content\/uploads\/2016\/12\/mistura.jpg?resize=480%2C360\" alt=\"mistura\" width=\"480\" height=\"360\" class=\"alignnone size-full wp-image-7307\" srcset=\"https:\/\/i0.wp.com\/blogdalucianaoliveira.com.br\/blog\/wp-content\/uploads\/2016\/12\/mistura.jpg?w=480 480w, https:\/\/i0.wp.com\/blogdalucianaoliveira.com.br\/blog\/wp-content\/uploads\/2016\/12\/mistura.jpg?resize=300%2C225 300w, https:\/\/i0.wp.com\/blogdalucianaoliveira.com.br\/blog\/wp-content\/uploads\/2016\/12\/mistura.jpg?resize=400%2C300 400w\" sizes=\"auto, (max-width: 480px) 100vw, 480px\" \/><\/p>\n<p>Bloco Mistura Fina \u2013 32 anos<!--more--><\/p>\n<p>(1984 \u2013 2016)<\/p>\n<p>Por: Altair Santos (Tat\u00e1)<\/p>\n<p>Reza um dos sagrados e inviol\u00e1veis mandamentos constitucionais da p\u00e1tria carnaval: \u201cnada melhor e mais auspicioso e de bom press\u00e1gio, que fazer a travessia fronteiri\u00e7a de um ano pro outro, envolto de corpo, alma, esp\u00edrito, ju\u00edzo e sombra, na alegria do ritual carnavalesco do Bloco Mistura Fina.\u201d Todo cidad\u00e3o portovelhense, os nascidos e os aqui radicados deviam, ao menos uma vez em suas vidas, no dia 31 de dezembro, quedar ao experimento indescrit\u00edvel e inenarr\u00e1vel de desfilar na Meca do P\u00f3 da Maizena, onde tremula alvissareira uma das not\u00e1veis bandeiras da alegria tupiniquim.<\/p>\n<p>Al\u00e9m de se esbaldar na folia os foli\u00f5es sentiriam em suas peles e cabelos os ben\u00e9ficos, terap\u00eauticos e est\u00e9ticos resultados do amido e, em suas cucas, impregnada, a transforma\u00e7\u00e3o e a vastid\u00e3o cultural causada pelo prot\u00e9ico e saud\u00e1vel consumo de samba, sem modera\u00e7\u00e3o.<\/p>\n<p>O bloco \u00e9 uma tradi\u00e7\u00e3o de mais de trinta anos da nossa capital, um debulhar festivo com o len\u00e7o do adeus ao ano velho e o tilintar das ta\u00e7as em brindes esperan\u00e7osos e de boas vindas ao ano novo, tudo isso de reboque no aroma, tempero e pulsa\u00e7\u00e3o de marchinhas de carnaval, frevos e sambas de enredo. Noutras, \u00e9 um avant-premi\u00e8re do carnaval a porvir numa das cidades onde mais se brinca a folia de momo no norte do pa\u00eds em que pese c\u00e1 nessas paragens, a mais popular e consagrada modalidade da cultura popular brasileira tenha sido maltratada ao plano do \u201ccachorramente pirenta sem direito a Neocid\u201d nos \u00faltimos quatro anos.<\/p>\n<p>O Mistura Fina nasceu da iniciativa de funcion\u00e1rios da Usina Hidrel\u00e9trica de Samuel vindos do Rio de janeiro e doutros estados por volta de 1984 e se reunia no Bar da Luzia, na conflu\u00eancia das Ruas Almirante Barroso e Joaquim Nabuco. Nessas ocasi\u00f5es os trabalhadores improvisavam um r\u00e9veillon que os animasse, no \u00faltimo dia do ano, j\u00e1 que estavam longe de casa. <\/p>\n<p>A tristeza e orfandade desses pioneiros logo seriam aplacadas. Bambas do samba daqui, comparsas de Z\u00e9 Pereira, Deus Baco e outros festeiros, carnavalescamente abduzidos se alistaram naquela sucursal momesca engrossando as fileiras desta confraria que \u00e9 o primeiro cord\u00e3o carnavalesco a desfilar todos os anos na cidade.<\/p>\n<p>Ap\u00f3s o sa\u00edrem da linha de frente os primeiros organizadores a provid\u00eancia para manter viva a tradi\u00e7\u00e3o hoje se d\u00e1 com as expensas, esfor\u00e7os e iniciativas dos diretores e brincantes da Escola de Samba Asfalt\u00e3o, al\u00e9m de amigos, e conta com a rica presen\u00e7a de artistas e foli\u00f5es amantes da cultura popular que se deslocam doutros longes da grande Porto Velho para se enevoarem no sacrat\u00edssimo rito do p\u00f3 da maisena que unta o corpo dos foli\u00f5es e se traduz na fantasia esbranqui\u00e7ada da irrever\u00eancia e da alegria, no entardecer do dia 31 e dezembro.<\/p>\n<p>Superando tr\u00eas d\u00e9cadas de exist\u00eancia o bloco Mistura Fina j\u00e1 fora (at\u00e9 2012) pauta da programa\u00e7\u00e3o oficial do munic\u00edpio quando o seu desfile era amparado por Decreto Municipal assinado pelo Prefeito. Por este ato o bloco era, sem pretens\u00f5es e sem persegui\u00e7\u00f5es, perturba\u00e7\u00f5es ou desleixo p\u00fablico, a abertura do Per\u00edodo de Carnaval na capital. Doravante, chancelados pelo valor do decreto da Alcadia, Blocos e Escolas de Samba estavam aptos a aviar seus corres e demais preparativos como ensaios, montagens e outros tr\u00e2mites, poss\u00edveis aos seus carnavais. <\/p>\n<p>Hoje o cord\u00e3o e demais agremia\u00e7\u00f5es, sejam outros blocos ou escolas de samba, se ressentem dessa simples, por\u00e9m importante, guarida municipal que n\u00e3o s\u00f3 avalizava, mas tamb\u00e9m, reconhecia a import\u00e2ncia do carnaval, esse bem patrimonial imaterial, \u00edcone inconteste da cultura popular e a necessidade da sua pr\u00e9via e melhor prepara\u00e7\u00e3o e organiza\u00e7\u00e3o.<\/p>\n<p>O retiro festivo-profano, no qual se exorta os homens de mau e as coisas ruins e onde se canta e dan\u00e7a a paz, a vida e a alegria de viver, j\u00e1 h\u00e1 alguns anos, se d\u00e1 ritualisticamente a partir da esquina das Ruas Bol\u00edvia e Joaquim Nabuco (Bairro Santa B\u00e1rbara \u2013 no conhecido Bar do Antonio Chul\u00e9). No derradeiro dia do ano, a partir do meio dia, v\u00e1rios sambistas j\u00e1 se revezam cantando uma infinidade de sambas de autoria dos compositores locais e nacionais aquecendo os \u00e2nimos para o desfile que, animadamente acontece sob a n\u00e9voa da maizena, at\u00e9 a boquinha da noite, serpenteando algumas ruas do centro.<\/p>\n<p>\u00c9 depois do Bloco Mistura Fina e seus efeitos que os indestrut\u00edveis foli\u00f5es da cidade porto avaliam suas formas f\u00edsicas, \u201ce se mancam\u201d em preparativos, atualizando suas resist\u00eancias pra quando fevereiro chegar dando as cartas festivas e espocando blocos, escolas de samba e bailes pra tudo que \u00e9 lado.<\/p>\n<p>Agende, participe, prestigie a nossa cultura popular.<br \/>\nPrograma<br \/>\n\u2022 O que \u00e9: Cultura popular<br \/>\n\u2022 Evento: R\u00e9veillon do Bloco Mistura Fina \u2013 32 anos<br \/>\n\u2022 Quando: 31 de dezembro\/2016<br \/>\n\u2022 Hor\u00e1rio (concentra\u00e7\u00e3o): a partir das 12:00h<br \/>\n\u2022 Hor\u00e1rio (sa\u00edda do bloco): 17:00h<br \/>\n\u2022 Local: Rua Joaquim Nabuco esquina com Rua Bol\u00edvia (Bairro Santa B\u00e1rbara)<br \/>\n\u2022 Sugest\u00e3o: leve a sua alegria e sua paz como fantasia e o p\u00f3 da maisena como maquiagem.<\/p>\n<p>tatadeportovelho@gmail.com<\/p>\n","protected":false},"excerpt":{"rendered":"<p>Bloco Mistura Fina \u2013 32 anos<\/p>\n","protected":false},"author":1,"featured_media":0,"comment_status":"closed","ping_status":"open","sticky":false,"template":"","format":"standard","meta":{"_exactmetrics_skip_tracking":false,"_exactmetrics_sitenote_active":false,"_exactmetrics_sitenote_note":"","_exactmetrics_sitenote_category":0,"jetpack_post_was_ever_published":false,"_jetpack_newsletter_access":"","_jetpack_dont_email_post_to_subs":false,"_jetpack_newsletter_tier_id":0,"_jetpack_memberships_contains_paywalled_content":false,"_jetpack_memberships_contains_paid_content":false,"footnotes":"","jetpack_publicize_message":"","jetpack_publicize_feature_enabled":true,"jetpack_social_post_already_shared":true,"jetpack_social_options":{"image_generator_settings":{"template":"highway","enabled":false},"version":2}},"categories":[1],"tags":[248,247],"class_list":["post-7306","post","type-post","status-publish","format-standard","hentry","category-notas","tag-carnaval","tag-mistura-fina"],"jetpack_publicize_connections":[],"jetpack_sharing_enabled":true,"jetpack_featured_media_url":"","jetpack_shortlink":"https:\/\/wp.me\/p7wKYW-1TQ","jetpack-related-posts":[],"_links":{"self":[{"href":"http:\/\/blogdalucianaoliveira.com.br\/blog\/wp-json\/wp\/v2\/posts\/7306","targetHints":{"allow":["GET"]}}],"collection":[{"href":"http:\/\/blogdalucianaoliveira.com.br\/blog\/wp-json\/wp\/v2\/posts"}],"about":[{"href":"http:\/\/blogdalucianaoliveira.com.br\/blog\/wp-json\/wp\/v2\/types\/post"}],"author":[{"embeddable":true,"href":"http:\/\/blogdalucianaoliveira.com.br\/blog\/wp-json\/wp\/v2\/users\/1"}],"replies":[{"embeddable":true,"href":"http:\/\/blogdalucianaoliveira.com.br\/blog\/wp-json\/wp\/v2\/comments?post=7306"}],"version-history":[{"count":1,"href":"http:\/\/blogdalucianaoliveira.com.br\/blog\/wp-json\/wp\/v2\/posts\/7306\/revisions"}],"predecessor-version":[{"id":7308,"href":"http:\/\/blogdalucianaoliveira.com.br\/blog\/wp-json\/wp\/v2\/posts\/7306\/revisions\/7308"}],"wp:attachment":[{"href":"http:\/\/blogdalucianaoliveira.com.br\/blog\/wp-json\/wp\/v2\/media?parent=7306"}],"wp:term":[{"taxonomy":"category","embeddable":true,"href":"http:\/\/blogdalucianaoliveira.com.br\/blog\/wp-json\/wp\/v2\/categories?post=7306"},{"taxonomy":"post_tag","embeddable":true,"href":"http:\/\/blogdalucianaoliveira.com.br\/blog\/wp-json\/wp\/v2\/tags?post=7306"}],"curies":[{"name":"wp","href":"https:\/\/api.w.org\/{rel}","templated":true}]}}