{"id":7327,"date":"2016-12-28T21:01:15","date_gmt":"2016-12-29T01:01:15","guid":{"rendered":"http:\/\/blogdalucianaoliveira.com.br\/blog\/?p=7327"},"modified":"2016-12-28T21:01:15","modified_gmt":"2016-12-29T01:01:15","slug":"o-ultimo-desejo-de-fidel","status":"publish","type":"post","link":"http:\/\/blogdalucianaoliveira.com.br\/blog\/2016\/12\/28\/o-ultimo-desejo-de-fidel\/","title":{"rendered":"O \u00faltimo desejo de Fidel"},"content":{"rendered":"<p><img data-recalc-dims=\"1\" loading=\"lazy\" decoding=\"async\" data-attachment-id=\"7328\" data-permalink=\"http:\/\/blogdalucianaoliveira.com.br\/blog\/2016\/12\/28\/o-ultimo-desejo-de-fidel\/img_9794\/\" data-orig-file=\"https:\/\/i0.wp.com\/blogdalucianaoliveira.com.br\/blog\/wp-content\/uploads\/2016\/12\/IMG_9794.jpg?fit=470%2C313\" data-orig-size=\"470,313\" data-comments-opened=\"0\" data-image-meta=\"{&quot;aperture&quot;:&quot;0&quot;,&quot;credit&quot;:&quot;&quot;,&quot;camera&quot;:&quot;&quot;,&quot;caption&quot;:&quot;&quot;,&quot;created_timestamp&quot;:&quot;0&quot;,&quot;copyright&quot;:&quot;&quot;,&quot;focal_length&quot;:&quot;0&quot;,&quot;iso&quot;:&quot;0&quot;,&quot;shutter_speed&quot;:&quot;0&quot;,&quot;title&quot;:&quot;&quot;,&quot;orientation&quot;:&quot;0&quot;}\" data-image-title=\"img_9794\" data-image-description=\"\" data-image-caption=\"\" data-medium-file=\"https:\/\/i0.wp.com\/blogdalucianaoliveira.com.br\/blog\/wp-content\/uploads\/2016\/12\/IMG_9794.jpg?fit=300%2C200\" data-large-file=\"https:\/\/i0.wp.com\/blogdalucianaoliveira.com.br\/blog\/wp-content\/uploads\/2016\/12\/IMG_9794.jpg?fit=470%2C313\" src=\"https:\/\/i0.wp.com\/blogdalucianaoliveira.com.br\/blog\/wp-content\/uploads\/2016\/12\/IMG_9794.jpg?resize=470%2C313\" alt=\"img_9794\" width=\"470\" height=\"313\" class=\"alignnone size-full wp-image-7328\" srcset=\"https:\/\/i0.wp.com\/blogdalucianaoliveira.com.br\/blog\/wp-content\/uploads\/2016\/12\/IMG_9794.jpg?w=470 470w, https:\/\/i0.wp.com\/blogdalucianaoliveira.com.br\/blog\/wp-content\/uploads\/2016\/12\/IMG_9794.jpg?resize=300%2C200 300w, https:\/\/i0.wp.com\/blogdalucianaoliveira.com.br\/blog\/wp-content\/uploads\/2016\/12\/IMG_9794.jpg?resize=450%2C300 450w\" sizes=\"auto, (max-width: 470px) 100vw, 470px\" \/><\/p>\n<p>Cuba pro\u00edbe nome de Fidel Castro em espa\u00e7os p\u00fablicos<!--more--><\/p>\n<p>Ag\u00eancia ANSA<\/p>\n<p>O parlamento cubano aprovou nesta ter\u00e7a-feira (27) uma lei que pro\u00edbe o uso do nome do ex- presidente Fidel Castro em espa\u00e7os p\u00fablicos no pa\u00eds.    <\/p>\n<p>Adotada por unanimidade, a legisla\u00e7\u00e3o pro\u00edbe a homenagem &#8220;para denominar institui\u00e7\u00f5es, pra\u00e7as, parques, avenidas, ruas e outros locais p\u00fablicos, assim como qualquer tipo de condecora\u00e7\u00e3o, reconhecimento ou t\u00edtulo honor\u00edfico&#8221;.    <\/p>\n<p>Na \u00faltima sess\u00e3o deste ano da Assembleia Nacional de Cuba, liderada pelo atual presidente, Ra\u00fal Castro, os mais de 600 deputados aprovaram a \u00faltima vontade do l\u00edder da Revolu\u00e7\u00e3o cubana.    <\/p>\n<p>A legisla\u00e7\u00e3o tamb\u00e9m pro\u00edbe o uso da figura de Fidel &#8220;para erigir monumentos, bustos, est\u00e1tuas, faixas comemorativas e outras formas de homenagem&#8221; em locais p\u00fablicos da ilha, de acordo com a imprensa cubana.    <\/p>\n<p>Al\u00e9m disso, o nome de Fidel, falecido em 25 de novembro aos 90 anos, est\u00e1 proibido para ser usado como &#8220;marca e outros signos distintivos, nome de dom\u00ednio e desenhos com finalidades comerciais ou publicit\u00e1rias&#8221;.    <\/p>\n<p>O desejo de Fidel foi divulgado pelo seu irm\u00e3o, Raul Castro, hora antes de seu sepultamento. &#8220;Ele rejeitava qualquer manifesta\u00e7\u00e3o de culto \u00e0 personalidade e foi consequente com esta posi\u00e7\u00e3o at\u00e9 nas \u00faltimas horas de sua vida&#8221;.    A nova lei apenas permite que o nome do ex-presidente cubano seja utilizado para denominar institui\u00e7\u00e3o de estudos sobre sua &#8220;trajet\u00f3ria na hist\u00f3ria&#8221; de Cuba. As san\u00e7\u00f5es para quem violar a lei n\u00e3o foram informadas. <\/p>\n","protected":false},"excerpt":{"rendered":"<p>Cuba pro\u00edbe nome de Fidel Castro em espa\u00e7os p\u00fablicos<\/p>\n","protected":false},"author":1,"featured_media":0,"comment_status":"closed","ping_status":"open","sticky":false,"template":"","format":"standard","meta":{"_exactmetrics_skip_tracking":false,"_exactmetrics_sitenote_active":false,"_exactmetrics_sitenote_note":"","_exactmetrics_sitenote_category":0,"jetpack_post_was_ever_published":false,"_jetpack_newsletter_access":"","_jetpack_dont_email_post_to_subs":false,"_jetpack_newsletter_tier_id":0,"_jetpack_memberships_contains_paywalled_content":false,"_jetpack_memberships_contains_paid_content":false,"footnotes":"","jetpack_publicize_message":"","jetpack_publicize_feature_enabled":true,"jetpack_social_post_already_shared":true,"jetpack_social_options":{"image_generator_settings":{"template":"highway","enabled":false},"version":2}},"categories":[1],"tags":[],"class_list":["post-7327","post","type-post","status-publish","format-standard","hentry","category-notas"],"jetpack_publicize_connections":[],"jetpack_sharing_enabled":true,"jetpack_featured_media_url":"","jetpack_shortlink":"https:\/\/wp.me\/p7wKYW-1Ub","jetpack-related-posts":[],"_links":{"self":[{"href":"http:\/\/blogdalucianaoliveira.com.br\/blog\/wp-json\/wp\/v2\/posts\/7327","targetHints":{"allow":["GET"]}}],"collection":[{"href":"http:\/\/blogdalucianaoliveira.com.br\/blog\/wp-json\/wp\/v2\/posts"}],"about":[{"href":"http:\/\/blogdalucianaoliveira.com.br\/blog\/wp-json\/wp\/v2\/types\/post"}],"author":[{"embeddable":true,"href":"http:\/\/blogdalucianaoliveira.com.br\/blog\/wp-json\/wp\/v2\/users\/1"}],"replies":[{"embeddable":true,"href":"http:\/\/blogdalucianaoliveira.com.br\/blog\/wp-json\/wp\/v2\/comments?post=7327"}],"version-history":[{"count":1,"href":"http:\/\/blogdalucianaoliveira.com.br\/blog\/wp-json\/wp\/v2\/posts\/7327\/revisions"}],"predecessor-version":[{"id":7329,"href":"http:\/\/blogdalucianaoliveira.com.br\/blog\/wp-json\/wp\/v2\/posts\/7327\/revisions\/7329"}],"wp:attachment":[{"href":"http:\/\/blogdalucianaoliveira.com.br\/blog\/wp-json\/wp\/v2\/media?parent=7327"}],"wp:term":[{"taxonomy":"category","embeddable":true,"href":"http:\/\/blogdalucianaoliveira.com.br\/blog\/wp-json\/wp\/v2\/categories?post=7327"},{"taxonomy":"post_tag","embeddable":true,"href":"http:\/\/blogdalucianaoliveira.com.br\/blog\/wp-json\/wp\/v2\/tags?post=7327"}],"curies":[{"name":"wp","href":"https:\/\/api.w.org\/{rel}","templated":true}]}}