{"id":7330,"date":"2016-12-29T11:01:40","date_gmt":"2016-12-29T15:01:40","guid":{"rendered":"http:\/\/blogdalucianaoliveira.com.br\/blog\/?p=7330"},"modified":"2016-12-29T11:01:40","modified_gmt":"2016-12-29T15:01:40","slug":"desemprego-recorde-tem-responsaveis-aecio-cunha-temer-e-meirelles","status":"publish","type":"post","link":"http:\/\/blogdalucianaoliveira.com.br\/blog\/2016\/12\/29\/desemprego-recorde-tem-responsaveis-aecio-cunha-temer-e-meirelles\/","title":{"rendered":"DESEMPREGO RECORDE TEM RESPONS\u00c1VEIS: A\u00c9CIO, CUNHA, TEMER E MEIRELLES"},"content":{"rendered":"<p><img data-recalc-dims=\"1\" loading=\"lazy\" decoding=\"async\" data-attachment-id=\"7331\" data-permalink=\"http:\/\/blogdalucianaoliveira.com.br\/blog\/2016\/12\/29\/desemprego-recorde-tem-responsaveis-aecio-cunha-temer-e-meirelles\/cana\/\" data-orig-file=\"https:\/\/i0.wp.com\/blogdalucianaoliveira.com.br\/blog\/wp-content\/uploads\/2016\/12\/cana.jpg?fit=1000%2C357\" data-orig-size=\"1000,357\" data-comments-opened=\"0\" data-image-meta=\"{&quot;aperture&quot;:&quot;0&quot;,&quot;credit&quot;:&quot;&quot;,&quot;camera&quot;:&quot;&quot;,&quot;caption&quot;:&quot;&quot;,&quot;created_timestamp&quot;:&quot;0&quot;,&quot;copyright&quot;:&quot;&quot;,&quot;focal_length&quot;:&quot;0&quot;,&quot;iso&quot;:&quot;0&quot;,&quot;shutter_speed&quot;:&quot;0&quot;,&quot;title&quot;:&quot;&quot;,&quot;orientation&quot;:&quot;0&quot;}\" data-image-title=\"cana\" data-image-description=\"\" data-image-caption=\"\" data-medium-file=\"https:\/\/i0.wp.com\/blogdalucianaoliveira.com.br\/blog\/wp-content\/uploads\/2016\/12\/cana.jpg?fit=300%2C107\" data-large-file=\"https:\/\/i0.wp.com\/blogdalucianaoliveira.com.br\/blog\/wp-content\/uploads\/2016\/12\/cana.jpg?fit=600%2C214\" src=\"https:\/\/i0.wp.com\/blogdalucianaoliveira.com.br\/blog\/wp-content\/uploads\/2016\/12\/cana.jpg?resize=600%2C214\" alt=\"cana\" width=\"600\" height=\"214\" class=\"alignnone size-full wp-image-7331\" srcset=\"https:\/\/i0.wp.com\/blogdalucianaoliveira.com.br\/blog\/wp-content\/uploads\/2016\/12\/cana.jpg?w=1000 1000w, https:\/\/i0.wp.com\/blogdalucianaoliveira.com.br\/blog\/wp-content\/uploads\/2016\/12\/cana.jpg?resize=300%2C107 300w, https:\/\/i0.wp.com\/blogdalucianaoliveira.com.br\/blog\/wp-content\/uploads\/2016\/12\/cana.jpg?resize=768%2C274 768w, https:\/\/i0.wp.com\/blogdalucianaoliveira.com.br\/blog\/wp-content\/uploads\/2016\/12\/cana.jpg?resize=800%2C286 800w\" sizes=\"auto, (max-width: 600px) 100vw, 600px\" \/><\/p>\n<p>247 \u2013 Em dezembro de 2014, quando a presidente Dilma Rousseff efetivamente concluiu seu mandato, a taxa de desemprego fechou em 4,8%.<!--more--><\/p>\n<p>O Brasil vivia uma \u00e9poca de pleno emprego, como foi noticiado pela pr\u00f3pria Globo (relembre aqui).<\/p>\n<p>No entanto, alvo de um bullying midi\u00e1tico no primeiro mandato, Dilma n\u00e3o recebeu cr\u00e9dito pela menor taxa de desemprego da hist\u00f3ria.<\/p>\n<p>Em 2015, o Brasil passou a ser governado, na pr\u00e1tica, pela alian\u00e7a entre o senador A\u00e9cio Neves (PSDB-MG), derrotado na disputa presidencial de 2014, e pelo deputado Eduardo Cunha (PMDB-RJ), que viabilizou o impeachment para tentar \u2013 em v\u00e3o \u2013 se salvar da Lava Jato.<\/p>\n<p>Os dois, com suas pautas-bomba, colocaram em marcha a pol\u00edtica do &#8220;quanto pior, melhor&#8221;, que come\u00e7ou a arruinar a economia brasileira \u2013 afinal, s\u00f3 assim seria poss\u00edvel consumar o golpe.<\/p>\n<p>Em 2016, o Brasil passou das m\u00e3os de Cunha e A\u00e9cio para as de Michel Temer e Henrique Meirelles. Os dois, que assumiram h\u00e1 230 dias mas em an\u00fancios publicit\u00e1rios dizem governar h\u00e1 apenas 120 dias, prometiam trazer de volta a confian\u00e7a, mas fracassaram.<\/p>\n<p>O resultado \u00e9 a taxa de desemprego de 11,9%. Ou seja: Dilma entregou uma taxa de 4,8%, mas o golpe mais do que dobrou o desemprego.<\/p>\n<p>A conta \u00e9 de A\u00e9cio, Cunha, Temer e Meirelles.<\/p>\n","protected":false},"excerpt":{"rendered":"<p>247 \u2013 Em dezembro de 2014, quando a presidente Dilma Rousseff efetivamente concluiu seu mandato, a taxa de desemprego fechou em 4,8%.<\/p>\n","protected":false},"author":1,"featured_media":0,"comment_status":"closed","ping_status":"open","sticky":false,"template":"","format":"standard","meta":{"_exactmetrics_skip_tracking":false,"_exactmetrics_sitenote_active":false,"_exactmetrics_sitenote_note":"","_exactmetrics_sitenote_category":0,"jetpack_post_was_ever_published":false,"_jetpack_newsletter_access":"","_jetpack_dont_email_post_to_subs":false,"_jetpack_newsletter_tier_id":0,"_jetpack_memberships_contains_paywalled_content":false,"_jetpack_memberships_contains_paid_content":false,"footnotes":"","jetpack_publicize_message":"","jetpack_publicize_feature_enabled":true,"jetpack_social_post_already_shared":true,"jetpack_social_options":{"image_generator_settings":{"template":"highway","enabled":false},"version":2}},"categories":[1],"tags":[249,39,250],"class_list":["post-7330","post","type-post","status-publish","format-standard","hentry","category-notas","tag-desemprego","tag-golpe","tag-prejuizo"],"jetpack_publicize_connections":[],"jetpack_sharing_enabled":true,"jetpack_featured_media_url":"","jetpack_shortlink":"https:\/\/wp.me\/p7wKYW-1Ue","jetpack-related-posts":[],"_links":{"self":[{"href":"http:\/\/blogdalucianaoliveira.com.br\/blog\/wp-json\/wp\/v2\/posts\/7330","targetHints":{"allow":["GET"]}}],"collection":[{"href":"http:\/\/blogdalucianaoliveira.com.br\/blog\/wp-json\/wp\/v2\/posts"}],"about":[{"href":"http:\/\/blogdalucianaoliveira.com.br\/blog\/wp-json\/wp\/v2\/types\/post"}],"author":[{"embeddable":true,"href":"http:\/\/blogdalucianaoliveira.com.br\/blog\/wp-json\/wp\/v2\/users\/1"}],"replies":[{"embeddable":true,"href":"http:\/\/blogdalucianaoliveira.com.br\/blog\/wp-json\/wp\/v2\/comments?post=7330"}],"version-history":[{"count":1,"href":"http:\/\/blogdalucianaoliveira.com.br\/blog\/wp-json\/wp\/v2\/posts\/7330\/revisions"}],"predecessor-version":[{"id":7332,"href":"http:\/\/blogdalucianaoliveira.com.br\/blog\/wp-json\/wp\/v2\/posts\/7330\/revisions\/7332"}],"wp:attachment":[{"href":"http:\/\/blogdalucianaoliveira.com.br\/blog\/wp-json\/wp\/v2\/media?parent=7330"}],"wp:term":[{"taxonomy":"category","embeddable":true,"href":"http:\/\/blogdalucianaoliveira.com.br\/blog\/wp-json\/wp\/v2\/categories?post=7330"},{"taxonomy":"post_tag","embeddable":true,"href":"http:\/\/blogdalucianaoliveira.com.br\/blog\/wp-json\/wp\/v2\/tags?post=7330"}],"curies":[{"name":"wp","href":"https:\/\/api.w.org\/{rel}","templated":true}]}}