{"id":7333,"date":"2016-12-29T11:15:26","date_gmt":"2016-12-29T15:15:26","guid":{"rendered":"http:\/\/blogdalucianaoliveira.com.br\/blog\/?p=7333"},"modified":"2016-12-29T11:15:26","modified_gmt":"2016-12-29T15:15:26","slug":"retrospectiva-2016-amazonia-em-disputa","status":"publish","type":"post","link":"http:\/\/blogdalucianaoliveira.com.br\/blog\/2016\/12\/29\/retrospectiva-2016-amazonia-em-disputa\/","title":{"rendered":"Retrospectiva 2016: Amaz\u00f4nia em disputa"},"content":{"rendered":"<p><img data-recalc-dims=\"1\" loading=\"lazy\" decoding=\"async\" data-attachment-id=\"7336\" data-permalink=\"http:\/\/blogdalucianaoliveira.com.br\/blog\/2016\/12\/29\/retrospectiva-2016-amazonia-em-disputa\/agro\/\" data-orig-file=\"https:\/\/i0.wp.com\/blogdalucianaoliveira.com.br\/blog\/wp-content\/uploads\/2016\/12\/agro.jpg?fit=640%2C332\" data-orig-size=\"640,332\" data-comments-opened=\"0\" data-image-meta=\"{&quot;aperture&quot;:&quot;0&quot;,&quot;credit&quot;:&quot;&quot;,&quot;camera&quot;:&quot;&quot;,&quot;caption&quot;:&quot;&quot;,&quot;created_timestamp&quot;:&quot;0&quot;,&quot;copyright&quot;:&quot;&quot;,&quot;focal_length&quot;:&quot;0&quot;,&quot;iso&quot;:&quot;0&quot;,&quot;shutter_speed&quot;:&quot;0&quot;,&quot;title&quot;:&quot;&quot;,&quot;orientation&quot;:&quot;0&quot;}\" data-image-title=\"agro\" data-image-description=\"\" data-image-caption=\"\" data-medium-file=\"https:\/\/i0.wp.com\/blogdalucianaoliveira.com.br\/blog\/wp-content\/uploads\/2016\/12\/agro.jpg?fit=300%2C156\" data-large-file=\"https:\/\/i0.wp.com\/blogdalucianaoliveira.com.br\/blog\/wp-content\/uploads\/2016\/12\/agro.jpg?fit=600%2C311\" src=\"https:\/\/i0.wp.com\/blogdalucianaoliveira.com.br\/blog\/wp-content\/uploads\/2016\/12\/agro.jpg?resize=600%2C311\" alt=\"agro\" width=\"600\" height=\"311\" class=\"alignnone size-full wp-image-7336\" srcset=\"https:\/\/i0.wp.com\/blogdalucianaoliveira.com.br\/blog\/wp-content\/uploads\/2016\/12\/agro.jpg?w=640 640w, https:\/\/i0.wp.com\/blogdalucianaoliveira.com.br\/blog\/wp-content\/uploads\/2016\/12\/agro.jpg?resize=300%2C156 300w, https:\/\/i0.wp.com\/blogdalucianaoliveira.com.br\/blog\/wp-content\/uploads\/2016\/12\/agro.jpg?resize=578%2C300 578w\" sizes=\"auto, (max-width: 600px) 100vw, 600px\" \/><\/p>\n<p>O ano mostrou que a floresta, em p\u00e9, \u00e9 uma amea\u00e7a aos interesses da pol\u00edtica desenvolvimentista do atual governo<!--more--><\/p>\n<p>Lilian Campelo<br \/>\nBrasil de Fato | Bel\u00e9m (PA) <\/p>\n<p>O ano de 2016 mostrou que a floresta, em p\u00e9, \u00e9 uma amea\u00e7a aos interesses da pol\u00edtica desenvolvimentista do atual governo, que deseja flexibilizar o licenciamento ambiental, alterar a demarca\u00e7\u00e3o de terras ind\u00edgenas e aprovar medidas que possam reduzir os limites de reservas de unidades de conserva\u00e7\u00e3o ambiental. <\/p>\n<p>A Amaz\u00f4nia \u00e9 considerada a \u00faltima fronteira agr\u00edcola e por isso, \u00e9 ambicionada pelo setor do agroneg\u00f3cio e empresas mineradoras. A regi\u00e3o integra o chamado Arco Norte, rota que receber\u00e1 recursos massivos para estruturar a log\u00edstica do escoamento de gr\u00e3os e min\u00e9rios. Atualmente, tramitam no Congresso diversos projetos de constru\u00e7\u00e3o de hidrovias, ferrovias, portos e hidrel\u00e9tricas, sem nenhum debate com a sociedade civil. <\/p>\n<p>Esses projetos, ao longos dos anos, amea\u00e7am o modo de vida, a cultura, a identidade e a sobreviv\u00eancia dos povos da floresta: ind\u00edgenas, quilombolas, ribeirinhos, extrativistas, agricultores familiares e pescadores. A cidade de Altamira e as obras de Belo Monte, resumem a maneira como as viola\u00e7\u00f5es de direitos humanos afetam moradores e popula\u00e7\u00f5es tradicionais. <\/p>\n<p>Uma regi\u00e3o ainda desconhecida para o resto do Brasil, mas que n\u00e3o deixa de ser manchete nos principais jornais quando anunciado os \u00edndices de mortes e conflitos no campo. O acampamento Hugo Chaves em Marab\u00e1 ainda sofre com ataques de pistoleiros e cerca de 300 fam\u00edlias provavelmente passar\u00e3o o final do ano sob amea\u00e7as. A quest\u00e3o fundi\u00e1ria n\u00e3o integra a pol\u00edtica de desenvolvimento do atual governo.<\/p>\n<p>No embate pela garantia de direitos, lideran\u00e7as de movimentos sociais ainda s\u00e3o criminalizadas, uma estrat\u00e9gia para intimidar e enfraquecer as mobiliza\u00e7\u00f5es de um ano marcado por duros golpes \u00e0 democracia. <\/p>\n<p>Em contrapartida, 2016 foi um ano de muitos atos de resist\u00eancia. As ocupa\u00e7\u00f5es das escolas secundaristas, institutos e universidades federais declararam ades\u00e3o \u00e0 luta contra a PEC 55, a juventude rural e urbana amaz\u00f4nica se mobilizou e recebeu o apoio de movimentos populares, sindicatos e professores. A arte tamb\u00e9m se fez presente na luta e ganhou forma atrav\u00e9s da exposi\u00e7\u00e3o das &#8220;Arpilleras Amaz\u00f4nicas: Costurando a Luta por Direitos&#8221;. <\/p>\n<p>Passados cinco anos a justi\u00e7a condenou Jos\u00e9 Rodrigues Moreira a 60 anos de pris\u00e3o por ser o mandante no assassinato do casal extrativista Jos\u00e9 Cl\u00e1udio Ribeiro e Maria do Esp\u00edrito Santo, uma vit\u00f3ria que o Brasil de Fato acompanhou. Confira<\/p>\n<p><a href=\"http:\/\/blogdalucianaoliveira.com.br\/blog\/wp-content\/uploads\/2016\/12\/Retrospectiva-2016_-Amaz\u00f4nia-Em-Disputa-_-Brasil-de-Fato.html\">retrospectiva-2016_-amazonia-em-disputa-_-brasil-de-fato<\/a><\/p>\n","protected":false},"excerpt":{"rendered":"<p>O ano mostrou que a floresta, em p\u00e9, \u00e9 uma amea\u00e7a aos interesses da pol\u00edtica desenvolvimentista do atual governo<\/p>\n","protected":false},"author":1,"featured_media":0,"comment_status":"closed","ping_status":"open","sticky":false,"template":"","format":"standard","meta":{"_exactmetrics_skip_tracking":false,"_exactmetrics_sitenote_active":false,"_exactmetrics_sitenote_note":"","_exactmetrics_sitenote_category":0,"jetpack_post_was_ever_published":false,"_jetpack_newsletter_access":"","_jetpack_dont_email_post_to_subs":false,"_jetpack_newsletter_tier_id":0,"_jetpack_memberships_contains_paywalled_content":false,"_jetpack_memberships_contains_paid_content":false,"footnotes":"","jetpack_publicize_message":"","jetpack_publicize_feature_enabled":true,"jetpack_social_post_already_shared":true,"jetpack_social_options":{"image_generator_settings":{"template":"highway","enabled":false},"version":2}},"categories":[1],"tags":[251,252,34],"class_list":["post-7333","post","type-post","status-publish","format-standard","hentry","category-notas","tag-agronegocio","tag-amazonia","tag-violencia"],"jetpack_publicize_connections":[],"jetpack_sharing_enabled":true,"jetpack_featured_media_url":"","jetpack_shortlink":"https:\/\/wp.me\/p7wKYW-1Uh","jetpack-related-posts":[],"_links":{"self":[{"href":"http:\/\/blogdalucianaoliveira.com.br\/blog\/wp-json\/wp\/v2\/posts\/7333","targetHints":{"allow":["GET"]}}],"collection":[{"href":"http:\/\/blogdalucianaoliveira.com.br\/blog\/wp-json\/wp\/v2\/posts"}],"about":[{"href":"http:\/\/blogdalucianaoliveira.com.br\/blog\/wp-json\/wp\/v2\/types\/post"}],"author":[{"embeddable":true,"href":"http:\/\/blogdalucianaoliveira.com.br\/blog\/wp-json\/wp\/v2\/users\/1"}],"replies":[{"embeddable":true,"href":"http:\/\/blogdalucianaoliveira.com.br\/blog\/wp-json\/wp\/v2\/comments?post=7333"}],"version-history":[{"count":2,"href":"http:\/\/blogdalucianaoliveira.com.br\/blog\/wp-json\/wp\/v2\/posts\/7333\/revisions"}],"predecessor-version":[{"id":7337,"href":"http:\/\/blogdalucianaoliveira.com.br\/blog\/wp-json\/wp\/v2\/posts\/7333\/revisions\/7337"}],"wp:attachment":[{"href":"http:\/\/blogdalucianaoliveira.com.br\/blog\/wp-json\/wp\/v2\/media?parent=7333"}],"wp:term":[{"taxonomy":"category","embeddable":true,"href":"http:\/\/blogdalucianaoliveira.com.br\/blog\/wp-json\/wp\/v2\/categories?post=7333"},{"taxonomy":"post_tag","embeddable":true,"href":"http:\/\/blogdalucianaoliveira.com.br\/blog\/wp-json\/wp\/v2\/tags?post=7333"}],"curies":[{"name":"wp","href":"https:\/\/api.w.org\/{rel}","templated":true}]}}