{"id":7338,"date":"2016-12-29T11:20:42","date_gmt":"2016-12-29T15:20:42","guid":{"rendered":"http:\/\/blogdalucianaoliveira.com.br\/blog\/?p=7338"},"modified":"2016-12-29T11:20:42","modified_gmt":"2016-12-29T15:20:42","slug":"pensador-alemao-karl-marx-sera-tema-de-filme","status":"publish","type":"post","link":"http:\/\/blogdalucianaoliveira.com.br\/blog\/2016\/12\/29\/pensador-alemao-karl-marx-sera-tema-de-filme\/","title":{"rendered":"Pensador alem\u00e3o Karl Marx ser\u00e1 tema de filme"},"content":{"rendered":"<p><img data-recalc-dims=\"1\" loading=\"lazy\" decoding=\"async\" data-attachment-id=\"7339\" data-permalink=\"http:\/\/blogdalucianaoliveira.com.br\/blog\/2016\/12\/29\/pensador-alemao-karl-marx-sera-tema-de-filme\/marx\/\" data-orig-file=\"https:\/\/i0.wp.com\/blogdalucianaoliveira.com.br\/blog\/wp-content\/uploads\/2016\/12\/marx.jpg?fit=640%2C274\" data-orig-size=\"640,274\" data-comments-opened=\"0\" data-image-meta=\"{&quot;aperture&quot;:&quot;0&quot;,&quot;credit&quot;:&quot;&quot;,&quot;camera&quot;:&quot;&quot;,&quot;caption&quot;:&quot;&quot;,&quot;created_timestamp&quot;:&quot;0&quot;,&quot;copyright&quot;:&quot;&quot;,&quot;focal_length&quot;:&quot;0&quot;,&quot;iso&quot;:&quot;0&quot;,&quot;shutter_speed&quot;:&quot;0&quot;,&quot;title&quot;:&quot;&quot;,&quot;orientation&quot;:&quot;0&quot;}\" data-image-title=\"marx\" data-image-description=\"\" data-image-caption=\"\" data-medium-file=\"https:\/\/i0.wp.com\/blogdalucianaoliveira.com.br\/blog\/wp-content\/uploads\/2016\/12\/marx.jpg?fit=300%2C128\" data-large-file=\"https:\/\/i0.wp.com\/blogdalucianaoliveira.com.br\/blog\/wp-content\/uploads\/2016\/12\/marx.jpg?fit=600%2C257\" src=\"https:\/\/i0.wp.com\/blogdalucianaoliveira.com.br\/blog\/wp-content\/uploads\/2016\/12\/marx.jpg?resize=600%2C257\" alt=\"marx\" width=\"600\" height=\"257\" class=\"alignnone size-full wp-image-7339\" srcset=\"https:\/\/i0.wp.com\/blogdalucianaoliveira.com.br\/blog\/wp-content\/uploads\/2016\/12\/marx.jpg?w=640 640w, https:\/\/i0.wp.com\/blogdalucianaoliveira.com.br\/blog\/wp-content\/uploads\/2016\/12\/marx.jpg?resize=300%2C128 300w\" sizes=\"auto, (max-width: 600px) 100vw, 600px\" \/><\/p>\n<p>Vida do soci\u00f3logo revolucion\u00e1rio \u00e9 enredo do filme &#8220;O Jovem Marx&#8221;, j\u00e1 em fase de p\u00f3s-produ\u00e7\u00e3o<!--more--><\/p>\n<p>Reda\u00e7\u00e3o<br \/>\nBrasil de Fato | S\u00e3o Paulo (SP)<\/p>\n<p>A vida do soci\u00f3logo alem\u00e3o protagonista de alguns dos mais importantes estudos e cr\u00edticas ao sistema capitalista, Karl Marx, \u00e9 tema do filme &#8220;O Jovem Marx&#8221;, do diretor Raoul Peck. A pel\u00edcula j\u00e1 est\u00e1 em processo de p\u00f3s-produ\u00e7\u00e3o e a estr\u00e9ia tem data prevista para 15 de junho de 2017. <\/p>\n<p>O enredo se passa na \u00e9poca em que Marx conheceu o tamb\u00e9m te\u00f3rico Friedrich Engels, ao lado do qual escreveria &#8220;O Manifesto Comunista&#8221; e seria precursor do socialismo cient\u00edfico, dando as primeiras bases concretas \u2014 e n\u00e3o s\u00f3 te\u00f3ricas \u2014 para o caminho da luta dos trabalhadores. Engels era filho de um industrial e autor de um estudo sobre as p\u00e9ssimas condi\u00e7\u00f5es de trabalho dos oper\u00e1rios brit\u00e2nicos. <\/p>\n<p>A produ\u00e7\u00e3o, enredada no ano de 1844, aborda como os dois come\u00e7aram uma parceria n\u00e3o s\u00f3 intelectual, mas tamb\u00e9m pol\u00edtica, que incluiu manifesta\u00e7\u00f5es populares e repress\u00e3o policial ao longo dos anos.<\/p>\n<p>O filme \u00e9 protagonizado por Auguste Diehl no papel de Marx, Stefan Konarske como Engels e Vicky Krieps como Jenny, a esposa de Marx. Al\u00e9m deles, h\u00e1 v\u00e1rios personagens da \u00e9poca e localidade, como Moses Hess, ide\u00f3logo do movimento conhecido como sionismo trabalhista, e o socialista alem\u00e3o Karl Grun.<\/p>\n<p>Edi\u00e7\u00e3o: Jos\u00e9 Eduardo Bernardes<\/p>\n","protected":false},"excerpt":{"rendered":"<p>Vida do soci\u00f3logo revolucion\u00e1rio \u00e9 enredo do filme &#8220;O Jovem Marx&#8221;, j\u00e1 em fase de p\u00f3s-produ\u00e7\u00e3o<\/p>\n","protected":false},"author":1,"featured_media":0,"comment_status":"closed","ping_status":"open","sticky":false,"template":"","format":"standard","meta":{"_exactmetrics_skip_tracking":false,"_exactmetrics_sitenote_active":false,"_exactmetrics_sitenote_note":"","_exactmetrics_sitenote_category":0,"jetpack_post_was_ever_published":false,"_jetpack_newsletter_access":"","_jetpack_dont_email_post_to_subs":false,"_jetpack_newsletter_tier_id":0,"_jetpack_memberships_contains_paywalled_content":false,"_jetpack_memberships_contains_paid_content":false,"footnotes":"","jetpack_publicize_message":"","jetpack_publicize_feature_enabled":true,"jetpack_social_post_already_shared":true,"jetpack_social_options":{"image_generator_settings":{"template":"highway","enabled":false},"version":2}},"categories":[1],"tags":[253,254,255],"class_list":["post-7338","post","type-post","status-publish","format-standard","hentry","category-notas","tag-filme","tag-marx","tag-socialismo"],"jetpack_publicize_connections":[],"jetpack_sharing_enabled":true,"jetpack_featured_media_url":"","jetpack_shortlink":"https:\/\/wp.me\/p7wKYW-1Um","jetpack-related-posts":[],"_links":{"self":[{"href":"http:\/\/blogdalucianaoliveira.com.br\/blog\/wp-json\/wp\/v2\/posts\/7338","targetHints":{"allow":["GET"]}}],"collection":[{"href":"http:\/\/blogdalucianaoliveira.com.br\/blog\/wp-json\/wp\/v2\/posts"}],"about":[{"href":"http:\/\/blogdalucianaoliveira.com.br\/blog\/wp-json\/wp\/v2\/types\/post"}],"author":[{"embeddable":true,"href":"http:\/\/blogdalucianaoliveira.com.br\/blog\/wp-json\/wp\/v2\/users\/1"}],"replies":[{"embeddable":true,"href":"http:\/\/blogdalucianaoliveira.com.br\/blog\/wp-json\/wp\/v2\/comments?post=7338"}],"version-history":[{"count":1,"href":"http:\/\/blogdalucianaoliveira.com.br\/blog\/wp-json\/wp\/v2\/posts\/7338\/revisions"}],"predecessor-version":[{"id":7340,"href":"http:\/\/blogdalucianaoliveira.com.br\/blog\/wp-json\/wp\/v2\/posts\/7338\/revisions\/7340"}],"wp:attachment":[{"href":"http:\/\/blogdalucianaoliveira.com.br\/blog\/wp-json\/wp\/v2\/media?parent=7338"}],"wp:term":[{"taxonomy":"category","embeddable":true,"href":"http:\/\/blogdalucianaoliveira.com.br\/blog\/wp-json\/wp\/v2\/categories?post=7338"},{"taxonomy":"post_tag","embeddable":true,"href":"http:\/\/blogdalucianaoliveira.com.br\/blog\/wp-json\/wp\/v2\/tags?post=7338"}],"curies":[{"name":"wp","href":"https:\/\/api.w.org\/{rel}","templated":true}]}}