{"id":7348,"date":"2016-12-30T13:36:25","date_gmt":"2016-12-30T17:36:25","guid":{"rendered":"http:\/\/blogdalucianaoliveira.com.br\/blog\/?p=7348"},"modified":"2016-12-30T13:36:25","modified_gmt":"2016-12-30T17:36:25","slug":"no-salario-minimo-mais-uma-mesquinharia-de-temer","status":"publish","type":"post","link":"http:\/\/blogdalucianaoliveira.com.br\/blog\/2016\/12\/30\/no-salario-minimo-mais-uma-mesquinharia-de-temer\/","title":{"rendered":"NO SAL\u00c1RIO-M\u00cdNIMO, MAIS UMA MESQUINHARIA DE TEMER"},"content":{"rendered":"<p><img data-recalc-dims=\"1\" loading=\"lazy\" decoding=\"async\" data-attachment-id=\"7349\" data-permalink=\"http:\/\/blogdalucianaoliveira.com.br\/blog\/2016\/12\/30\/no-salario-minimo-mais-uma-mesquinharia-de-temer\/img_9848\/\" data-orig-file=\"https:\/\/i0.wp.com\/blogdalucianaoliveira.com.br\/blog\/wp-content\/uploads\/2016\/12\/IMG_9848.jpg?fit=490%2C280\" data-orig-size=\"490,280\" data-comments-opened=\"0\" data-image-meta=\"{&quot;aperture&quot;:&quot;0&quot;,&quot;credit&quot;:&quot;&quot;,&quot;camera&quot;:&quot;&quot;,&quot;caption&quot;:&quot;&quot;,&quot;created_timestamp&quot;:&quot;0&quot;,&quot;copyright&quot;:&quot;&quot;,&quot;focal_length&quot;:&quot;0&quot;,&quot;iso&quot;:&quot;0&quot;,&quot;shutter_speed&quot;:&quot;0&quot;,&quot;title&quot;:&quot;&quot;,&quot;orientation&quot;:&quot;0&quot;}\" data-image-title=\"img_9848\" data-image-description=\"\" data-image-caption=\"\" data-medium-file=\"https:\/\/i0.wp.com\/blogdalucianaoliveira.com.br\/blog\/wp-content\/uploads\/2016\/12\/IMG_9848.jpg?fit=300%2C171\" data-large-file=\"https:\/\/i0.wp.com\/blogdalucianaoliveira.com.br\/blog\/wp-content\/uploads\/2016\/12\/IMG_9848.jpg?fit=490%2C280\" src=\"https:\/\/i0.wp.com\/blogdalucianaoliveira.com.br\/blog\/wp-content\/uploads\/2016\/12\/IMG_9848.jpg?resize=490%2C280\" alt=\"img_9848\" width=\"490\" height=\"280\" class=\"alignnone size-full wp-image-7349\" srcset=\"https:\/\/i0.wp.com\/blogdalucianaoliveira.com.br\/blog\/wp-content\/uploads\/2016\/12\/IMG_9848.jpg?w=490 490w, https:\/\/i0.wp.com\/blogdalucianaoliveira.com.br\/blog\/wp-content\/uploads\/2016\/12\/IMG_9848.jpg?resize=300%2C171 300w\" sizes=\"auto, (max-width: 490px) 100vw, 490px\" \/><\/p>\n<p>A lei or\u00e7ament\u00e1ria aprovada para 2017 previu um reajuste do sal\u00e1rio-m\u00ednimo de R$ 880,00 para R$ 945,80, com base na infla\u00e7\u00e3o projetada de 7,5%.<!--more--><\/p>\n<p>Como ela fechar\u00e1 menor, em 6,74%, o decreto de Temer, assinado ontem, fixando o novo valor, expurgou a diferen\u00e7a no \u00edndice. At\u00e9 ai tudo bem. Mas al\u00e9m desta adequa\u00e7\u00e3o, o governo fez outro ajuste que levou ao encolhimento do valor do novo m\u00ednimo para R$ 937,00. A diferen\u00e7a de R$ 8.80 entre o valor aprovado pelo Congresso na lei or\u00e7ament\u00e1ria e o valor fixado por Temer deriva da queda na infla\u00e7\u00e3o e tamb\u00e9m de um expurgo retroativo, revelador da mesquinharia social do governo.<\/p>\n<p>Trata-se de R$ 2,29, que seria, segundo o Minist\u00e9rio do Planejamento,  &#8220;resultante da diferen\u00e7a entre o valor observado para o INPC em 2015 e a estimativa aplicada para o c\u00e1lculo do reajuste do sal\u00e1rio m\u00ednimo para 2016&#8221;.  Ou seja, o sal\u00e1rio-m\u00ednimo do ano que est\u00e1 acabando, fixado ainda pelo governo Dilma Rousseff, teria ficado R$ 2,29 maior do que o devido e agora o governo cobra a diferen\u00e7a,  Pode ser legal mas \u00e9 altamente anti-social valer-se de um suposto erro de c\u00e1lculo passado, de exerc\u00edcio j\u00e1 findo, para dar uma \u201cgarfadinha\u201d no rendimento dos mais pobres entre os mais pobres, os trabalhadores e os aposentados que recebem apenas um sal\u00e1rio-m\u00ednimo.<\/p>\n<p>A lei em vigor sobre o assunto, fixada pelo governo Lula, e que garantiu o maior crescimento real do sal\u00e1rio-m\u00ednimo desde sua cria\u00e7\u00e3o, diz que a corre\u00e7\u00e3o deve levar em conta a infla\u00e7\u00e3o e o crescimento do PIB no ano anterior, Como estamos numa recess\u00e3o, com crescimento negativo, prevalece apenas a corre\u00e7\u00e3o pela infla\u00e7\u00e3o. Ou seja, nada de crescimento real.  Tamb\u00e9m por isso s\u00e3o os mais pobres que est\u00e3o pagando mais pela recess\u00e3o de Temer e Meirelles.<\/p>\n","protected":false},"excerpt":{"rendered":"<p>A lei or\u00e7ament\u00e1ria aprovada para 2017 previu um reajuste do sal\u00e1rio-m\u00ednimo de R$ 880,00 para R$ 945,80, com base na infla\u00e7\u00e3o projetada de 7,5%.<\/p>\n","protected":false},"author":1,"featured_media":0,"comment_status":"closed","ping_status":"open","sticky":false,"template":"","format":"standard","meta":{"_exactmetrics_skip_tracking":false,"_exactmetrics_sitenote_active":false,"_exactmetrics_sitenote_note":"","_exactmetrics_sitenote_category":0,"jetpack_post_was_ever_published":false,"_jetpack_newsletter_access":"","_jetpack_dont_email_post_to_subs":false,"_jetpack_newsletter_tier_id":0,"_jetpack_memberships_contains_paywalled_content":false,"_jetpack_memberships_contains_paid_content":false,"footnotes":"","jetpack_publicize_message":"","jetpack_publicize_feature_enabled":true,"jetpack_social_post_already_shared":true,"jetpack_social_options":{"image_generator_settings":{"template":"highway","enabled":false},"version":2}},"categories":[1],"tags":[],"class_list":["post-7348","post","type-post","status-publish","format-standard","hentry","category-notas"],"jetpack_publicize_connections":[],"jetpack_sharing_enabled":true,"jetpack_featured_media_url":"","jetpack_shortlink":"https:\/\/wp.me\/p7wKYW-1Uw","jetpack-related-posts":[],"_links":{"self":[{"href":"http:\/\/blogdalucianaoliveira.com.br\/blog\/wp-json\/wp\/v2\/posts\/7348","targetHints":{"allow":["GET"]}}],"collection":[{"href":"http:\/\/blogdalucianaoliveira.com.br\/blog\/wp-json\/wp\/v2\/posts"}],"about":[{"href":"http:\/\/blogdalucianaoliveira.com.br\/blog\/wp-json\/wp\/v2\/types\/post"}],"author":[{"embeddable":true,"href":"http:\/\/blogdalucianaoliveira.com.br\/blog\/wp-json\/wp\/v2\/users\/1"}],"replies":[{"embeddable":true,"href":"http:\/\/blogdalucianaoliveira.com.br\/blog\/wp-json\/wp\/v2\/comments?post=7348"}],"version-history":[{"count":1,"href":"http:\/\/blogdalucianaoliveira.com.br\/blog\/wp-json\/wp\/v2\/posts\/7348\/revisions"}],"predecessor-version":[{"id":7350,"href":"http:\/\/blogdalucianaoliveira.com.br\/blog\/wp-json\/wp\/v2\/posts\/7348\/revisions\/7350"}],"wp:attachment":[{"href":"http:\/\/blogdalucianaoliveira.com.br\/blog\/wp-json\/wp\/v2\/media?parent=7348"}],"wp:term":[{"taxonomy":"category","embeddable":true,"href":"http:\/\/blogdalucianaoliveira.com.br\/blog\/wp-json\/wp\/v2\/categories?post=7348"},{"taxonomy":"post_tag","embeddable":true,"href":"http:\/\/blogdalucianaoliveira.com.br\/blog\/wp-json\/wp\/v2\/tags?post=7348"}],"curies":[{"name":"wp","href":"https:\/\/api.w.org\/{rel}","templated":true}]}}