{"id":7354,"date":"2016-12-30T16:49:33","date_gmt":"2016-12-30T20:49:33","guid":{"rendered":"http:\/\/blogdalucianaoliveira.com.br\/blog\/?p=7354"},"modified":"2016-12-30T16:49:33","modified_gmt":"2016-12-30T20:49:33","slug":"eu-acho-e-pouco-e-bom-demais","status":"publish","type":"post","link":"http:\/\/blogdalucianaoliveira.com.br\/blog\/2016\/12\/30\/eu-acho-e-pouco-e-bom-demais\/","title":{"rendered":"EU ACHO \u00c9 POUCO! \u00c9 BOM DEMAIS"},"content":{"rendered":"<p><img data-recalc-dims=\"1\" loading=\"lazy\" decoding=\"async\" data-attachment-id=\"7355\" data-permalink=\"http:\/\/blogdalucianaoliveira.com.br\/blog\/2016\/12\/30\/eu-acho-e-pouco-e-bom-demais\/acho1\/\" data-orig-file=\"https:\/\/i0.wp.com\/blogdalucianaoliveira.com.br\/blog\/wp-content\/uploads\/2016\/12\/acho1.jpg?fit=640%2C382\" data-orig-size=\"640,382\" data-comments-opened=\"0\" data-image-meta=\"{&quot;aperture&quot;:&quot;0&quot;,&quot;credit&quot;:&quot;&quot;,&quot;camera&quot;:&quot;&quot;,&quot;caption&quot;:&quot;&quot;,&quot;created_timestamp&quot;:&quot;0&quot;,&quot;copyright&quot;:&quot;&quot;,&quot;focal_length&quot;:&quot;0&quot;,&quot;iso&quot;:&quot;0&quot;,&quot;shutter_speed&quot;:&quot;0&quot;,&quot;title&quot;:&quot;&quot;,&quot;orientation&quot;:&quot;0&quot;}\" data-image-title=\"acho1\" data-image-description=\"\" data-image-caption=\"\" data-medium-file=\"https:\/\/i0.wp.com\/blogdalucianaoliveira.com.br\/blog\/wp-content\/uploads\/2016\/12\/acho1.jpg?fit=300%2C179\" data-large-file=\"https:\/\/i0.wp.com\/blogdalucianaoliveira.com.br\/blog\/wp-content\/uploads\/2016\/12\/acho1.jpg?fit=600%2C358\" src=\"https:\/\/i0.wp.com\/blogdalucianaoliveira.com.br\/blog\/wp-content\/uploads\/2016\/12\/acho1.jpg?resize=600%2C358\" alt=\"acho1\" width=\"600\" height=\"358\" class=\"alignnone size-full wp-image-7355\" srcset=\"https:\/\/i0.wp.com\/blogdalucianaoliveira.com.br\/blog\/wp-content\/uploads\/2016\/12\/acho1.jpg?w=640 640w, https:\/\/i0.wp.com\/blogdalucianaoliveira.com.br\/blog\/wp-content\/uploads\/2016\/12\/acho1.jpg?resize=300%2C179 300w, https:\/\/i0.wp.com\/blogdalucianaoliveira.com.br\/blog\/wp-content\/uploads\/2016\/12\/acho1.jpg?resize=503%2C300 503w\" sizes=\"auto, (max-width: 600px) 100vw, 600px\" \/><\/p>\n<p>&#8216;Fora Temer&#8217; \u00e9 frase da camisa do bloco Eu Acho \u00e9 Pouco em 2017<!--more--><\/p>\n<p>O bloco carnavalesco Eu Acho \u00e9 Pouco anunciou a estampa em comemora\u00e7\u00e3o aos 40 anos, completados em 2017. Com uma arte criada pela designer Lin Diniz, a estampa traz o drag\u00e3o, s\u00edmbolo do estandarte, com frases de cunho pol\u00edtico, como &#8220;Fora Temer&#8221;, &#8220;Lutaremos pela democracia sempre&#8221;, &#8220;Por uma m\u00eddia democr\u00e1tica&#8221;, entre outras. As camisas j\u00e1 est\u00e3o \u00e0 venda, custam R$ 40 e podem ser adquiridas nas lojas Trocando em Mi\u00fados (Parnamirim e Espinheiro) e Esta\u00e7\u00e3o Quatro Cantos (Olinda).<\/p>\n<p>De acordo com publica\u00e7\u00e3o no Facebook, os organizadores afirmam que a situa\u00e7\u00e3o pol\u00edtica do Brasil em 2016 n\u00e3o vai fazer o povo deixar de lutar e deve criar &#8220;novas formas de resist\u00eancia&#8221;. Em uma das postagens sobre a roupa, eles comentam que as frases estampadas &#8220;traduzem o estado de esp\u00edrito de um bloco que sempre saiu em defesa da democracia&#8221;.<\/p>\n<p>Criado em 1977, o Eu Acho \u00e9 Pouco \u00e9 tradicionalmente de esquerda e desfilou em com\u00edcios do Partido dos Trabalhadores (PT) e em atos contra o impeachment da ex-presidente Dilma Rousseff. Ele surgiu em Olinda e at\u00e9 hoje mant\u00e9m as cores vermelha e amarela com s\u00edmbolos do seu estandarte. <\/p>\n<p><img data-recalc-dims=\"1\" loading=\"lazy\" decoding=\"async\" data-attachment-id=\"7356\" data-permalink=\"http:\/\/blogdalucianaoliveira.com.br\/blog\/2016\/12\/30\/eu-acho-e-pouco-e-bom-demais\/acho\/\" data-orig-file=\"https:\/\/i0.wp.com\/blogdalucianaoliveira.com.br\/blog\/wp-content\/uploads\/2016\/12\/acho.jpg?fit=640%2C391\" data-orig-size=\"640,391\" data-comments-opened=\"0\" data-image-meta=\"{&quot;aperture&quot;:&quot;0&quot;,&quot;credit&quot;:&quot;&quot;,&quot;camera&quot;:&quot;&quot;,&quot;caption&quot;:&quot;&quot;,&quot;created_timestamp&quot;:&quot;0&quot;,&quot;copyright&quot;:&quot;&quot;,&quot;focal_length&quot;:&quot;0&quot;,&quot;iso&quot;:&quot;0&quot;,&quot;shutter_speed&quot;:&quot;0&quot;,&quot;title&quot;:&quot;&quot;,&quot;orientation&quot;:&quot;0&quot;}\" data-image-title=\"acho\" data-image-description=\"\" data-image-caption=\"\" data-medium-file=\"https:\/\/i0.wp.com\/blogdalucianaoliveira.com.br\/blog\/wp-content\/uploads\/2016\/12\/acho.jpg?fit=300%2C183\" data-large-file=\"https:\/\/i0.wp.com\/blogdalucianaoliveira.com.br\/blog\/wp-content\/uploads\/2016\/12\/acho.jpg?fit=600%2C367\" src=\"https:\/\/i0.wp.com\/blogdalucianaoliveira.com.br\/blog\/wp-content\/uploads\/2016\/12\/acho.jpg?resize=600%2C367\" alt=\"acho\" width=\"600\" height=\"367\" class=\"alignnone size-full wp-image-7356\" srcset=\"https:\/\/i0.wp.com\/blogdalucianaoliveira.com.br\/blog\/wp-content\/uploads\/2016\/12\/acho.jpg?w=640 640w, https:\/\/i0.wp.com\/blogdalucianaoliveira.com.br\/blog\/wp-content\/uploads\/2016\/12\/acho.jpg?resize=300%2C183 300w, https:\/\/i0.wp.com\/blogdalucianaoliveira.com.br\/blog\/wp-content\/uploads\/2016\/12\/acho.jpg?resize=491%2C300 491w\" sizes=\"auto, (max-width: 600px) 100vw, 600px\" \/><\/p>\n<p>Os desfiles ocorrem no s\u00e1bado e ter\u00e7a-feira de carnaval, em Olinda. Na segunda-feira, o bloco sai com uma vers\u00e3o infantil, o Eu Acho \u00e9 Pouquinho, em Olinda. O carnaval 2017 ser\u00e1 entre os dias 24 e 28 de fevereiro. Confira abaixo detalhes da estampa da camisa do Eu Acho \u00e9 Pouco para o pr\u00f3ximo ano:<\/p>\n","protected":false},"excerpt":{"rendered":"<p>&#8216;Fora Temer&#8217; \u00e9 frase da camisa do bloco Eu Acho \u00e9 Pouco em 2017<\/p>\n","protected":false},"author":1,"featured_media":0,"comment_status":"closed","ping_status":"open","sticky":false,"template":"","format":"standard","meta":{"_exactmetrics_skip_tracking":false,"_exactmetrics_sitenote_active":false,"_exactmetrics_sitenote_note":"","_exactmetrics_sitenote_category":0,"jetpack_post_was_ever_published":false,"_jetpack_newsletter_access":"","_jetpack_dont_email_post_to_subs":false,"_jetpack_newsletter_tier_id":0,"_jetpack_memberships_contains_paywalled_content":false,"_jetpack_memberships_contains_paid_content":false,"footnotes":"","jetpack_publicize_message":"","jetpack_publicize_feature_enabled":true,"jetpack_social_post_already_shared":true,"jetpack_social_options":{"image_generator_settings":{"template":"highway","enabled":false},"version":2}},"categories":[1],"tags":[257,177,256],"class_list":["post-7354","post","type-post","status-publish","format-standard","hentry","category-notas","tag-acho-e-pouco","tag-fora-temer","tag-olinda"],"jetpack_publicize_connections":[],"jetpack_sharing_enabled":true,"jetpack_featured_media_url":"","jetpack_shortlink":"https:\/\/wp.me\/p7wKYW-1UC","jetpack-related-posts":[],"_links":{"self":[{"href":"http:\/\/blogdalucianaoliveira.com.br\/blog\/wp-json\/wp\/v2\/posts\/7354","targetHints":{"allow":["GET"]}}],"collection":[{"href":"http:\/\/blogdalucianaoliveira.com.br\/blog\/wp-json\/wp\/v2\/posts"}],"about":[{"href":"http:\/\/blogdalucianaoliveira.com.br\/blog\/wp-json\/wp\/v2\/types\/post"}],"author":[{"embeddable":true,"href":"http:\/\/blogdalucianaoliveira.com.br\/blog\/wp-json\/wp\/v2\/users\/1"}],"replies":[{"embeddable":true,"href":"http:\/\/blogdalucianaoliveira.com.br\/blog\/wp-json\/wp\/v2\/comments?post=7354"}],"version-history":[{"count":1,"href":"http:\/\/blogdalucianaoliveira.com.br\/blog\/wp-json\/wp\/v2\/posts\/7354\/revisions"}],"predecessor-version":[{"id":7357,"href":"http:\/\/blogdalucianaoliveira.com.br\/blog\/wp-json\/wp\/v2\/posts\/7354\/revisions\/7357"}],"wp:attachment":[{"href":"http:\/\/blogdalucianaoliveira.com.br\/blog\/wp-json\/wp\/v2\/media?parent=7354"}],"wp:term":[{"taxonomy":"category","embeddable":true,"href":"http:\/\/blogdalucianaoliveira.com.br\/blog\/wp-json\/wp\/v2\/categories?post=7354"},{"taxonomy":"post_tag","embeddable":true,"href":"http:\/\/blogdalucianaoliveira.com.br\/blog\/wp-json\/wp\/v2\/tags?post=7354"}],"curies":[{"name":"wp","href":"https:\/\/api.w.org\/{rel}","templated":true}]}}