{"id":7358,"date":"2016-12-30T19:05:28","date_gmt":"2016-12-30T23:05:28","guid":{"rendered":"http:\/\/blogdalucianaoliveira.com.br\/blog\/?p=7358"},"modified":"2016-12-30T19:05:28","modified_gmt":"2016-12-30T23:05:28","slug":"veja-condena-marcela-a-ser-vista-como-quem-so-nasceu-mulher","status":"publish","type":"post","link":"http:\/\/blogdalucianaoliveira.com.br\/blog\/2016\/12\/30\/veja-condena-marcela-a-ser-vista-como-quem-so-nasceu-mulher\/","title":{"rendered":"Veja condena Marcela a ser vista como quem s\u00f3 nasceu mulher"},"content":{"rendered":"<p><img data-recalc-dims=\"1\" loading=\"lazy\" decoding=\"async\" data-attachment-id=\"7362\" data-permalink=\"http:\/\/blogdalucianaoliveira.com.br\/blog\/2016\/12\/30\/veja-condena-marcela-a-ser-vista-como-quem-so-nasceu-mulher\/marcela\/\" data-orig-file=\"https:\/\/i0.wp.com\/blogdalucianaoliveira.com.br\/blog\/wp-content\/uploads\/2016\/12\/marcela.jpg?fit=640%2C352\" data-orig-size=\"640,352\" data-comments-opened=\"0\" data-image-meta=\"{&quot;aperture&quot;:&quot;0&quot;,&quot;credit&quot;:&quot;&quot;,&quot;camera&quot;:&quot;&quot;,&quot;caption&quot;:&quot;&quot;,&quot;created_timestamp&quot;:&quot;0&quot;,&quot;copyright&quot;:&quot;&quot;,&quot;focal_length&quot;:&quot;0&quot;,&quot;iso&quot;:&quot;0&quot;,&quot;shutter_speed&quot;:&quot;0&quot;,&quot;title&quot;:&quot;&quot;,&quot;orientation&quot;:&quot;0&quot;}\" data-image-title=\"marcela\" data-image-description=\"\" data-image-caption=\"\" data-medium-file=\"https:\/\/i0.wp.com\/blogdalucianaoliveira.com.br\/blog\/wp-content\/uploads\/2016\/12\/marcela.jpg?fit=300%2C165\" data-large-file=\"https:\/\/i0.wp.com\/blogdalucianaoliveira.com.br\/blog\/wp-content\/uploads\/2016\/12\/marcela.jpg?fit=600%2C330\" src=\"https:\/\/i0.wp.com\/blogdalucianaoliveira.com.br\/blog\/wp-content\/uploads\/2016\/12\/marcela.jpg?resize=600%2C330\" alt=\"marcela\" width=\"600\" height=\"330\" class=\"alignnone size-full wp-image-7362\" srcset=\"https:\/\/i0.wp.com\/blogdalucianaoliveira.com.br\/blog\/wp-content\/uploads\/2016\/12\/marcela.jpg?w=640 640w, https:\/\/i0.wp.com\/blogdalucianaoliveira.com.br\/blog\/wp-content\/uploads\/2016\/12\/marcela.jpg?resize=300%2C165 300w, https:\/\/i0.wp.com\/blogdalucianaoliveira.com.br\/blog\/wp-content\/uploads\/2016\/12\/marcela.jpg?resize=545%2C300 545w\" sizes=\"auto, (max-width: 600px) 100vw, 600px\" \/><\/p>\n<p>A nova edi\u00e7\u00e3o da Veja com a esposa de Michel Temer na capa, merece ser quest\u00e3o no pr\u00f3ximo Exame Nacional do Ensino M\u00e9dio, o ENEM.<!--more--><\/p>\n<p>Antes que dirijam a mim os xingamentos que a fil\u00f3sofa, Simone de Beauvoir, recebeu em 2015 ap\u00f3s uma de suas c\u00e9lebres frases virar pergunta no exame, esclare\u00e7o que meu sentimento \u00e9 de compaix\u00e3o por Marcela.<\/p>\n<p>N\u00e3o deve ser nada f\u00e1cil se encaixar no universo de poder comandado pelo marido, mamulengo de um grupo majoritariamente formado por homens velhos de corpo e ideias.<\/p>\n<p>Aposto que est\u00e3o tentando convenc\u00ea-la de que apesar da reportagem na Veja ter surtido novamente efeito negativo pra ela, pra Temer \u00e9 bom.<\/p>\n<p>De novo, a pobrezinha tem a beleza e juventude real\u00e7adas como qualidades para ajudar o marido a sair do abismo de impopularidade em que se meteu.<\/p>\n<p>Quando Temer tomou posse, a revista vendeu a imagem de uma primeira-dama bela, recatada e do lar.<\/p>\n<p>O contexto era indiscutivelmente pejorativo, pois visava unicamente atribuir a ela estere\u00f3tipos de g\u00eanero ultrapassados, t\u00e3o apreciados por este Congresso que legisla pelo retrocesso. <\/p>\n<p>A uma mulher que iria exercer importante fun\u00e7\u00e3o social no governo a que serviam tais adjetivos? <\/p>\n<p>\u201cSeus dias consistem em levar e trazer Michelzinho da escola, cuidar da casa, em S\u00e3o Paulo, e um pouco dela mesma tamb\u00e9m (nas \u00faltimas tr\u00eas semanas, foi duas vezes \u00e0 dermatologista tratar da pele)\u201d, destacou a jornalista Juliana Linhares.<\/p>\n<p>Creio que com toda a comodidade que o cargo do marido lhe garante, Marcela se dedicava a bem mais do que a essas frivolidades.<br \/>\nS\u00f3 que ela foi resumida a um padr\u00e3o que as mulheres ainda lutam para desconstruir, ao destino de nascer mulher e n\u00e3o poder se tornar mulher. <\/p>\n<p>Da\u00ed a necessidade de compreender e difundir a senten\u00e7a de Simone de Beauvoir que impulsionou conquistas femininas na metade do s\u00e9culo XX. <\/p>\n<p>\u201cNenhum destino biol\u00f3gico, ps\u00edquico, econ\u00f4mico define a forma que a f\u00eamea humana assume no seio da sociedade; \u00e9 o conjunto da civiliza\u00e7\u00e3o que elabora esse produto intermedi\u00e1rio entre o macho e o castrado que qualificam o feminino&#8221;.<\/p>\n<p>O que a Veja conseguiu at\u00e9 agora foi somente mostrar que Marcela \u00e9 como qualquer mulher, que por motivos que s\u00f3 as paredes confessa, mantem sua personalidade e capacidade intelectual enclausurada.<\/p>\n<p>A cada capa com o apelo \u00e0 jovialidade e boniteza da primeira-dama, n\u00e3o s\u00f3 ela, mas todas as mulheres s\u00e3o colocadas num plano que valoriza a beleza exterior.<\/p>\n<p>Na \u00faltima, Marcela aparece sendo maquiada e os jornalistas afirmam que ela \u201cchamou aten\u00e7\u00e3o, despertou curiosidade, sem pronunciar uma palavra\u201d, o que teria sido visto como isca a \u201cuma agenda positiva\u201d do marido.<\/p>\n<p><img data-recalc-dims=\"1\" loading=\"lazy\" decoding=\"async\" data-attachment-id=\"7361\" data-permalink=\"http:\/\/blogdalucianaoliveira.com.br\/blog\/2016\/12\/30\/veja-condena-marcela-a-ser-vista-como-quem-so-nasceu-mulher\/marcela-temer-maquiagem\/\" data-orig-file=\"https:\/\/i0.wp.com\/blogdalucianaoliveira.com.br\/blog\/wp-content\/uploads\/2016\/12\/marcela-temer-maquiagem.jpg?fit=680%2C453\" data-orig-size=\"680,453\" data-comments-opened=\"0\" data-image-meta=\"{&quot;aperture&quot;:&quot;0&quot;,&quot;credit&quot;:&quot;&quot;,&quot;camera&quot;:&quot;&quot;,&quot;caption&quot;:&quot;&quot;,&quot;created_timestamp&quot;:&quot;0&quot;,&quot;copyright&quot;:&quot;&quot;,&quot;focal_length&quot;:&quot;0&quot;,&quot;iso&quot;:&quot;0&quot;,&quot;shutter_speed&quot;:&quot;0&quot;,&quot;title&quot;:&quot;&quot;,&quot;orientation&quot;:&quot;0&quot;}\" data-image-title=\"marcela-temer-maquiagem\" data-image-description=\"\" data-image-caption=\"\" data-medium-file=\"https:\/\/i0.wp.com\/blogdalucianaoliveira.com.br\/blog\/wp-content\/uploads\/2016\/12\/marcela-temer-maquiagem.jpg?fit=300%2C200\" data-large-file=\"https:\/\/i0.wp.com\/blogdalucianaoliveira.com.br\/blog\/wp-content\/uploads\/2016\/12\/marcela-temer-maquiagem.jpg?fit=600%2C400\" src=\"https:\/\/i0.wp.com\/blogdalucianaoliveira.com.br\/blog\/wp-content\/uploads\/2016\/12\/marcela-temer-maquiagem.jpg?resize=600%2C400\" alt=\"marcela-temer-maquiagem\" width=\"600\" height=\"400\" class=\"alignnone size-full wp-image-7361\" srcset=\"https:\/\/i0.wp.com\/blogdalucianaoliveira.com.br\/blog\/wp-content\/uploads\/2016\/12\/marcela-temer-maquiagem.jpg?w=680 680w, https:\/\/i0.wp.com\/blogdalucianaoliveira.com.br\/blog\/wp-content\/uploads\/2016\/12\/marcela-temer-maquiagem.jpg?resize=300%2C200 300w, https:\/\/i0.wp.com\/blogdalucianaoliveira.com.br\/blog\/wp-content\/uploads\/2016\/12\/marcela-temer-maquiagem.jpg?resize=450%2C300 450w\" sizes=\"auto, (max-width: 600px) 100vw, 600px\" \/><\/p>\n<p>Resumindo, \u00e9 uma mulher que pode ser servida aos olhares famintos dos velhos bab\u00f5es endinheirados como mera distra\u00e7\u00e3o.<br \/>\nCoitada. <\/p>\n<p>Segundo a Veja, assessores teriam convencido Temer a d\u00e1-la como oferenda para alavancar sua popularidade.<\/p>\n<p>Que marido cafajeste!<\/p>\n<p>Que destino triste, nascer mulher e n\u00e3o se tornar mulher.<\/p>\n","protected":false},"excerpt":{"rendered":"<p>A nova edi\u00e7\u00e3o da Veja com a esposa de Michel Temer na capa, merece ser quest\u00e3o no pr\u00f3ximo Exame Nacional do Ensino M\u00e9dio, o ENEM.<\/p>\n","protected":false},"author":1,"featured_media":0,"comment_status":"closed","ping_status":"open","sticky":false,"template":"","format":"standard","meta":{"_exactmetrics_skip_tracking":false,"_exactmetrics_sitenote_active":false,"_exactmetrics_sitenote_note":"","_exactmetrics_sitenote_category":0,"jetpack_post_was_ever_published":false,"_jetpack_newsletter_access":"","_jetpack_dont_email_post_to_subs":false,"_jetpack_newsletter_tier_id":0,"_jetpack_memberships_contains_paywalled_content":false,"_jetpack_memberships_contains_paid_content":false,"footnotes":"","jetpack_publicize_message":"","jetpack_publicize_feature_enabled":true,"jetpack_social_post_already_shared":true,"jetpack_social_options":{"image_generator_settings":{"template":"highway","enabled":false},"version":2}},"categories":[1],"tags":[258,259],"class_list":["post-7358","post","type-post","status-publish","format-standard","hentry","category-notas","tag-marcela-temer","tag-veja"],"jetpack_publicize_connections":[],"jetpack_sharing_enabled":true,"jetpack_featured_media_url":"","jetpack_shortlink":"https:\/\/wp.me\/p7wKYW-1UG","jetpack-related-posts":[],"_links":{"self":[{"href":"http:\/\/blogdalucianaoliveira.com.br\/blog\/wp-json\/wp\/v2\/posts\/7358","targetHints":{"allow":["GET"]}}],"collection":[{"href":"http:\/\/blogdalucianaoliveira.com.br\/blog\/wp-json\/wp\/v2\/posts"}],"about":[{"href":"http:\/\/blogdalucianaoliveira.com.br\/blog\/wp-json\/wp\/v2\/types\/post"}],"author":[{"embeddable":true,"href":"http:\/\/blogdalucianaoliveira.com.br\/blog\/wp-json\/wp\/v2\/users\/1"}],"replies":[{"embeddable":true,"href":"http:\/\/blogdalucianaoliveira.com.br\/blog\/wp-json\/wp\/v2\/comments?post=7358"}],"version-history":[{"count":1,"href":"http:\/\/blogdalucianaoliveira.com.br\/blog\/wp-json\/wp\/v2\/posts\/7358\/revisions"}],"predecessor-version":[{"id":7363,"href":"http:\/\/blogdalucianaoliveira.com.br\/blog\/wp-json\/wp\/v2\/posts\/7358\/revisions\/7363"}],"wp:attachment":[{"href":"http:\/\/blogdalucianaoliveira.com.br\/blog\/wp-json\/wp\/v2\/media?parent=7358"}],"wp:term":[{"taxonomy":"category","embeddable":true,"href":"http:\/\/blogdalucianaoliveira.com.br\/blog\/wp-json\/wp\/v2\/categories?post=7358"},{"taxonomy":"post_tag","embeddable":true,"href":"http:\/\/blogdalucianaoliveira.com.br\/blog\/wp-json\/wp\/v2\/tags?post=7358"}],"curies":[{"name":"wp","href":"https:\/\/api.w.org\/{rel}","templated":true}]}}