{"id":7379,"date":"2017-01-02T09:19:59","date_gmt":"2017-01-02T13:19:59","guid":{"rendered":"http:\/\/blogdalucianaoliveira.com.br\/blog\/?p=7379"},"modified":"2017-01-02T09:19:59","modified_gmt":"2017-01-02T13:19:59","slug":"o-pensamento-de-extrema-direita-brasileiro-produziu-em-campinas-sua-1a-chacina","status":"publish","type":"post","link":"http:\/\/blogdalucianaoliveira.com.br\/blog\/2017\/01\/02\/o-pensamento-de-extrema-direita-brasileiro-produziu-em-campinas-sua-1a-chacina\/","title":{"rendered":"O pensamento de extrema direita brasileiro produziu em Campinas sua 1\u00aa chacina"},"content":{"rendered":"<p><img data-recalc-dims=\"1\" loading=\"lazy\" decoding=\"async\" data-attachment-id=\"7380\" data-permalink=\"http:\/\/blogdalucianaoliveira.com.br\/blog\/2017\/01\/02\/o-pensamento-de-extrema-direita-brasileiro-produziu-em-campinas-sua-1a-chacina\/montagem_menor\/\" data-orig-file=\"https:\/\/i0.wp.com\/blogdalucianaoliveira.com.br\/blog\/wp-content\/uploads\/2017\/01\/montagem_menor.jpg?fit=620%2C465\" data-orig-size=\"620,465\" data-comments-opened=\"0\" data-image-meta=\"{&quot;aperture&quot;:&quot;0&quot;,&quot;credit&quot;:&quot;&quot;,&quot;camera&quot;:&quot;&quot;,&quot;caption&quot;:&quot;&quot;,&quot;created_timestamp&quot;:&quot;0&quot;,&quot;copyright&quot;:&quot;&quot;,&quot;focal_length&quot;:&quot;0&quot;,&quot;iso&quot;:&quot;0&quot;,&quot;shutter_speed&quot;:&quot;0&quot;,&quot;title&quot;:&quot;&quot;,&quot;orientation&quot;:&quot;0&quot;}\" data-image-title=\"montagem_menor\" data-image-description=\"\" data-image-caption=\"\" data-medium-file=\"https:\/\/i0.wp.com\/blogdalucianaoliveira.com.br\/blog\/wp-content\/uploads\/2017\/01\/montagem_menor.jpg?fit=300%2C225\" data-large-file=\"https:\/\/i0.wp.com\/blogdalucianaoliveira.com.br\/blog\/wp-content\/uploads\/2017\/01\/montagem_menor.jpg?fit=600%2C450\" src=\"https:\/\/i0.wp.com\/blogdalucianaoliveira.com.br\/blog\/wp-content\/uploads\/2017\/01\/montagem_menor.jpg?resize=600%2C450\" alt=\"montagem_menor\" width=\"600\" height=\"450\" class=\"alignnone size-full wp-image-7380\" srcset=\"https:\/\/i0.wp.com\/blogdalucianaoliveira.com.br\/blog\/wp-content\/uploads\/2017\/01\/montagem_menor.jpg?w=620 620w, https:\/\/i0.wp.com\/blogdalucianaoliveira.com.br\/blog\/wp-content\/uploads\/2017\/01\/montagem_menor.jpg?resize=300%2C225 300w, https:\/\/i0.wp.com\/blogdalucianaoliveira.com.br\/blog\/wp-content\/uploads\/2017\/01\/montagem_menor.jpg?resize=400%2C300 400w\" sizes=\"auto, (max-width: 600px) 100vw, 600px\" \/><\/p>\n<p>No DCM<br \/>\nPor Kiko Nogueira<\/p>\n<p>O pensamento de extrema direita brasileiro moderno produziu sua primeira chacina.<\/p>\n<p>A carta do t\u00e9cnico de laborat\u00f3rio Sidnei Ramis de Ara\u00fajo, que matou doze pessoas num r\u00e9veillon em Campinas, \u00e9 um cat\u00e1logo de bo\u00e7alidades bolsonarianas t\u00edpicas.<!--more--><\/p>\n<p>A missiva \u00e9 dirigida ao filho Jo\u00e3o Victor, de 8 anos \u2014 que o pai acabaria matando na festa, juntamente com a m\u00e3e Isamara Filier.<\/p>\n<p>Segundo relatos, ele pulou o muro da casa e abriu fogo. Suicidou-se em seguida com um tiro na cabe\u00e7a. Carregava ainda dez bombas caseiras.<\/p>\n<p>O caso foi registrado como homic\u00eddio consumado e pensado e suic\u00eddio. Sidnei premeditou tudo. Estava inconformado com a separa\u00e7\u00e3o.<\/p>\n<p>Ara\u00fajo se transformou numa caixa de coment\u00e1rios do G1. Um jorro de \u00f3dio patol\u00f3gico em cada linha, em cada v\u00edrgula.<\/p>\n<p>Ele afirma que n\u00e3o tem medo de ser preso porque n\u00e3o precisar\u00e1 acordar cedo para trabalhar. \u201cVou ter representantes dos direitos humanos puxando meu saco, tbm (sic) n\u00e3o vou perder 5 meses do meu sal\u00e1rio em impostos\u201d, escreveu.<\/p>\n<p>\u201cEstou sendo presos por ajudar bandidos n\u00e9? Paizeco de bosta\u201d.<\/p>\n<p>\u201cN\u00e3o sou machista\u201d, avisa. Em seguida, fala que \u201ca vadia [Isamara Filier] foi ardilosa e inspirou outras vadias a fazer o mesmo com os filhos, agora os pais quem ir\u00e3o se inspirar e acabar com as fam\u00edlias das vadias.\u201d<\/p>\n<p>Mulheres, ele assegura, se beneficiam da lei \u201cvadia da penha\u201d.<\/p>\n<p>\u00c9 certo que a inclina\u00e7\u00e3o pol\u00edtica de Sidnei n\u00e3o explica, sozinha, a trag\u00e9dia. Mas \u00e9 absurdo desconsiderar seu consumo desse lixo e como isso o ajudou a articular o crime.<\/p>\n<p>No Facebook do Estad\u00e3o, que publicou a mensagem de Sidnei, h\u00e1 v\u00e1rias manifesta\u00e7\u00f5es de solidariedade \u2014 ao criminoso.<\/p>\n<p>\u201cSim, texto de revolta de um pai, SIM, mulheres s\u00e3o capazes de tudo pra destruir um pai de fam\u00edlia, simplesmente por n\u00e3o ser o homem delas\u2026 Agora, cabe a voc\u00ea julgar\u2026\u201d, afirma um certo Douglas Benvenutti.<\/p>\n<p>Uma mente perturbada que encontrou eco, conforto e coragem em todos os clich\u00eas da indig\u00eancia direitista.<\/p>\n<p>Um \u201ccidad\u00e3o de bem\u201d inconformado com a degrada\u00e7\u00e3o do Brasil, de sua fam\u00edlia e das mulheres e que resolveu fazer justi\u00e7a com as pr\u00f3prias m\u00e3os.<\/p>\n<p>Feliz 2017.<\/p>\n<p>\u201cN\u00e3o tenho medo de morrer ou ficar preso, na verdade j\u00e1 estou preso na angustia da injusti\u00e7a, al\u00e9m do que eu preso, vou ter 3 alimenta\u00e7\u00f5es completas, banho de sol, sal\u00e1rio, n\u00e3o precisarei acordar cedo pra ir trabalhar, vou ter representantes dos direito humanos puxando meu saco, tbm n\u00e3o vou perder 5 meses do meu sal\u00e1rio em impostos.<\/p>\n<p>Morto tbm j\u00e1 estou, pq n\u00e3o posso ficar contigo, ver vc crescer, desfrutar a vida contigo por causa de um sistema feminista e umas loucas. Filho tenha certeza que n\u00e3o ser\u00e1 s\u00f3 nos dois quem vamos nos foder, vou levar o m\u00e1ximo de pessoas daquela fam\u00edlia comigo, pra isso n\u00e3o acontecer mais com outro trabalhador honesto. Agora v\u00e3o me chamar de louco, m\u00e1s quem \u00e9 louco? Eu quem quero justi\u00e7a ou ela que queria o filho s\u00f3 pra ela? Que ela fizesse insemina\u00e7\u00e3o artificial ou fosse trepar com um bandido que n\u00e3o gosta de filho.<\/p>\n<p>No Brasil, crian\u00e7as adquirem microcefalia e morrem por corrup\u00e7\u00e3o, homens babacas morrem e matam por futebol, policiais e bombeiros morrem dignamente pela profiss\u00e3o, jovens do bem (dois sexos) morrem por celulares, t\u00eanis, selfies e por \u00eddolos, jornalistas morrem pelo amor \u00e0 profiss\u00e3o, muitas pessoas pobres morrem no ch\u00e3o de hospitais para manter pol\u00edticos na riqueza e poder!<\/p>\n<p>Eu morro por justi\u00e7a, dignidade, honra e pelo meu direito de ser pai! Na verdade somos todos loucos, depende da necessidade dela aflorar!<\/p>\n<p>A vadia foi ardilosa e inspirou outras vadias a fazer o mesmo com os filhos, agora os pais quem ir\u00e3o se inspirar e acabar com as fam\u00edlias das vadias. As mulheres sim tem medo de morrer com pouca idade.<\/p>\n<p>Aproveitando, pe\u00e7o aos amigos que sabem da minha descren\u00e7a, que n\u00e3o rezem e por mim, se fazerem ora\u00e7\u00f5es fa\u00e7am por meu filho ele sim ir\u00e1 precisar! Quero ser enterrado com a cabe\u00e7a para baixo se garante que assim posso ir pro inferno buscar a velha vadia (que era at\u00e9 ministra de comunh\u00e3o na igreja) que morreu antes da hora. Demorei pra matar ela pq me apaixonei por um anjo lindo!<\/p>\n<p>(\u2026)<\/p>\n<p>Ela n\u00e3o merece ser chamada de m\u00e3e, m\u00e1s infelizmente muitas vadias fazem de tudo que \u00e9 errado para distanciar os filhos dos pais e elas conseguem, pois as leis deste paizeco s\u00e3o para os bandidos e bandidas. A justi\u00e7a brasileira \u00e9 igual ao lewandowski, (um marginal que limpou a bunda com a constitui\u00e7\u00e3o no dia que tirou outra vadia do poder) um lixo!<\/p>\n<p>Se os presidentes do pa\u00eds s\u00e3o bandidos, quem ser\u00e1 por n\u00f3s?<\/p>\n<p>Filho, n\u00e3o sou machista e n\u00e3o tenho raiva das mulheres (essas de boa \u00edndole, eu amo de cora\u00e7\u00e3o, tanto \u00e9 que me apaixonei por uma mulher maravilhosa, a K\u00e1tia) tenho raiva das vadias que se proliferam e muito a cada dia se beneficiando da lei vadia da penha!<\/p>\n<p>N\u00e3o posso dizer que todas as mulheres s\u00e3o vadias! M\u00e1s todas as mulheres sabem do que as vadias s\u00e3o capazes de fazer!<\/p>\n<p>Filho te amo muito e agora vou vingar o mal que ela nos fez! Principalmente a vc! Sei o qto ela te fez chorar em n\u00e3o deixar vc ficar comigo qdo eu ia te visitar. Saiba que sempre te amarei! Toda mulher tem medo de morrer nova, ela ir\u00e1 por minhas m\u00e3os!\u201d<\/p>\n<p>\u201c(\u2026) eu ia matar as vadias (eu j\u00e1 tinha a arma e raspei a numera\u00e7\u00e3o pra n\u00e3o prejudicar quem me vendeu, ela precisava de dinheiro). Fam\u00edlia de policial morto n\u00e3o recebe tantos benef\u00edcios com a fam\u00edlia de presos. Cad\u00ea os ordin\u00e1rios dos direitos humanos? Est\u00e3o sendo presos por ajudar bandidos n\u00e9? Paizeco de bosta.<\/p>\n<p>Sei que me achava um frouxo em n\u00e3o dar uns tapas na cara dela, m\u00e1s eu n\u00e3o podia te dizer as minhas pretens\u00f5es em acabar com ela! Tinha que ser no momento certo. Quero pegar o m\u00e1ximo de vadias da fam\u00edlia juntas.<\/p>\n<p>A injusti\u00e7a campineira me condenou por algo que n\u00e3o fiz! Espero que eles sejam punidos de alguma forma.<\/p>\n<p>Chega!! Ela tem que pagar pelo que fez.\u201d<\/p>\n","protected":false},"excerpt":{"rendered":"<p>No DCM Por Kiko Nogueira O pensamento de extrema direita brasileiro moderno produziu sua primeira chacina. A carta do t\u00e9cnico de laborat\u00f3rio Sidnei Ramis de Ara\u00fajo, que matou doze pessoas num r\u00e9veillon em Campinas, \u00e9 um cat\u00e1logo de bo\u00e7alidades bolsonarianas t\u00edpicas.<\/p>\n","protected":false},"author":1,"featured_media":0,"comment_status":"closed","ping_status":"open","sticky":false,"template":"","format":"standard","meta":{"_exactmetrics_skip_tracking":false,"_exactmetrics_sitenote_active":false,"_exactmetrics_sitenote_note":"","_exactmetrics_sitenote_category":0,"jetpack_post_was_ever_published":false,"_jetpack_newsletter_access":"","_jetpack_dont_email_post_to_subs":false,"_jetpack_newsletter_tier_id":0,"_jetpack_memberships_contains_paywalled_content":false,"_jetpack_memberships_contains_paid_content":false,"footnotes":"","jetpack_publicize_message":"","jetpack_publicize_feature_enabled":true,"jetpack_social_post_already_shared":true,"jetpack_social_options":{"image_generator_settings":{"template":"highway","enabled":false},"version":2}},"categories":[1],"tags":[53,264,263],"class_list":["post-7379","post","type-post","status-publish","format-standard","hentry","category-notas","tag-bolsonaro","tag-campinas","tag-chacina"],"jetpack_publicize_connections":[],"jetpack_sharing_enabled":true,"jetpack_featured_media_url":"","jetpack_shortlink":"https:\/\/wp.me\/p7wKYW-1V1","jetpack-related-posts":[],"_links":{"self":[{"href":"http:\/\/blogdalucianaoliveira.com.br\/blog\/wp-json\/wp\/v2\/posts\/7379","targetHints":{"allow":["GET"]}}],"collection":[{"href":"http:\/\/blogdalucianaoliveira.com.br\/blog\/wp-json\/wp\/v2\/posts"}],"about":[{"href":"http:\/\/blogdalucianaoliveira.com.br\/blog\/wp-json\/wp\/v2\/types\/post"}],"author":[{"embeddable":true,"href":"http:\/\/blogdalucianaoliveira.com.br\/blog\/wp-json\/wp\/v2\/users\/1"}],"replies":[{"embeddable":true,"href":"http:\/\/blogdalucianaoliveira.com.br\/blog\/wp-json\/wp\/v2\/comments?post=7379"}],"version-history":[{"count":1,"href":"http:\/\/blogdalucianaoliveira.com.br\/blog\/wp-json\/wp\/v2\/posts\/7379\/revisions"}],"predecessor-version":[{"id":7381,"href":"http:\/\/blogdalucianaoliveira.com.br\/blog\/wp-json\/wp\/v2\/posts\/7379\/revisions\/7381"}],"wp:attachment":[{"href":"http:\/\/blogdalucianaoliveira.com.br\/blog\/wp-json\/wp\/v2\/media?parent=7379"}],"wp:term":[{"taxonomy":"category","embeddable":true,"href":"http:\/\/blogdalucianaoliveira.com.br\/blog\/wp-json\/wp\/v2\/categories?post=7379"},{"taxonomy":"post_tag","embeddable":true,"href":"http:\/\/blogdalucianaoliveira.com.br\/blog\/wp-json\/wp\/v2\/tags?post=7379"}],"curies":[{"name":"wp","href":"https:\/\/api.w.org\/{rel}","templated":true}]}}