{"id":7386,"date":"2017-01-02T13:21:15","date_gmt":"2017-01-02T17:21:15","guid":{"rendered":"http:\/\/blogdalucianaoliveira.com.br\/blog\/?p=7386"},"modified":"2017-01-02T13:21:15","modified_gmt":"2017-01-02T17:21:15","slug":"com-tantos-parentes-denunciados-rosani-donadon-importa-secretario","status":"publish","type":"post","link":"http:\/\/blogdalucianaoliveira.com.br\/blog\/2017\/01\/02\/com-tantos-parentes-denunciados-rosani-donadon-importa-secretario\/","title":{"rendered":"Com tantos parentes denunciados, Rosani Donadon importa secret\u00e1rio"},"content":{"rendered":"<p><img data-recalc-dims=\"1\" loading=\"lazy\" decoding=\"async\" data-attachment-id=\"7387\" data-permalink=\"http:\/\/blogdalucianaoliveira.com.br\/blog\/2017\/01\/02\/com-tantos-parentes-denunciados-rosani-donadon-importa-secretario\/vilhena\/\" data-orig-file=\"https:\/\/i0.wp.com\/blogdalucianaoliveira.com.br\/blog\/wp-content\/uploads\/2017\/01\/vilhena.jpg?fit=400%2C350\" data-orig-size=\"400,350\" data-comments-opened=\"0\" data-image-meta=\"{&quot;aperture&quot;:&quot;0&quot;,&quot;credit&quot;:&quot;&quot;,&quot;camera&quot;:&quot;&quot;,&quot;caption&quot;:&quot;&quot;,&quot;created_timestamp&quot;:&quot;0&quot;,&quot;copyright&quot;:&quot;&quot;,&quot;focal_length&quot;:&quot;0&quot;,&quot;iso&quot;:&quot;0&quot;,&quot;shutter_speed&quot;:&quot;0&quot;,&quot;title&quot;:&quot;&quot;,&quot;orientation&quot;:&quot;0&quot;}\" data-image-title=\"vilhena\" data-image-description=\"\" data-image-caption=\"\" data-medium-file=\"https:\/\/i0.wp.com\/blogdalucianaoliveira.com.br\/blog\/wp-content\/uploads\/2017\/01\/vilhena.jpg?fit=300%2C263\" data-large-file=\"https:\/\/i0.wp.com\/blogdalucianaoliveira.com.br\/blog\/wp-content\/uploads\/2017\/01\/vilhena.jpg?fit=400%2C350\" src=\"https:\/\/i0.wp.com\/blogdalucianaoliveira.com.br\/blog\/wp-content\/uploads\/2017\/01\/vilhena.jpg?resize=400%2C350\" alt=\"vilhena\" width=\"400\" height=\"350\" class=\"alignnone size-full wp-image-7387\" srcset=\"https:\/\/i0.wp.com\/blogdalucianaoliveira.com.br\/blog\/wp-content\/uploads\/2017\/01\/vilhena.jpg?w=400 400w, https:\/\/i0.wp.com\/blogdalucianaoliveira.com.br\/blog\/wp-content\/uploads\/2017\/01\/vilhena.jpg?resize=300%2C263 300w, https:\/\/i0.wp.com\/blogdalucianaoliveira.com.br\/blog\/wp-content\/uploads\/2017\/01\/vilhena.jpg?resize=343%2C300 343w\" sizes=\"auto, (max-width: 400px) 100vw, 400px\" \/><\/p>\n<p>Parentes de prefeita e vice ocupam secretarias em Vilhena; titular da Fazenda veio do Rio<!--more--><\/p>\n<p>Raquel Donadon volta a comandar Educa\u00e7\u00e3o<\/p>\n<p>Apesar do discurso de austeridade para colocar em ordem as finan\u00e7as de Vilhena, destru\u00eddas por esquemas de corrup\u00e7\u00e3o constatados na gest\u00e3o anterior pela Pol\u00edcia Federal, a nova prefeita, Rosani Donadon (PMDB)  assume a fun\u00e7\u00e3o pendurando em cargos comissionados v\u00e1rias pessoas ligadas \u00e0 sua fam\u00edlia. Ela tomou posse neste domingo, 01, prometendo \u201ccortar na pr\u00f3pria carne\u201d.<\/p>\n<p>Entre os parentes que far\u00e3o parte do staff da mandat\u00e1ria, o que mais chama a aten\u00e7\u00e3o \u00e9 o novo secret\u00e1rio de Fazenda. Com muito esfor\u00e7o, pois quase ningu\u00e9m na solenidade de posse sabia o nome dele, o FOLHA DO SUL ON LINE apurou que o cargo ser\u00e1 ocupado pelo economista S\u00e9rgio Nakamura. Ele \u00e9 sobrinho de Rosani e foi trazido do Rio de Janeiro.<\/p>\n<p>A Secretaria de Educa\u00e7\u00e3o ser\u00e1 comandada por Raquel Donadon, cunhada da prefeita e que j\u00e1 desempenhou a mesma fun\u00e7\u00e3o nas gest\u00f5es do irm\u00e3o, o ex-prefeito Melki Donadon (PTB). <\/p>\n<p>A Procuradoria do Munic\u00edpio ficar\u00e1 em poder do advogado M\u00e1rio Gardini, ex-cunhado de Melki e servidor de carreira da prefeitura. A Secretaria Municipal de Agricultura ser\u00e1 entregue a Rog\u00e9rio Pereira, irm\u00e3o da deputada Ros\u00e2ngela Donadon (PMDB).<\/p>\n<p>O vice-prefeito Darci Cerutti (DEM) ainda n\u00e3o confirmou se ir\u00e1 mesmo ocupar a Secretaria de Ind\u00fastria e Com\u00e9rcio. Caso prefira n\u00e3o comandar a Pasta, ele indicar\u00e1 para a fun\u00e7\u00e3o o ex-diretor do Hospital Regional, Fai\u00e7al Akkari. A esposa do vice, Nair Cerutti, assumir\u00e1 a Secretaria Municipal de Assist\u00eancia Social.<\/p>\n<p>O n\u00facleo familiar dos Donadon no pode ser ampliado, pois Josu\u00e9 Donadon, tamb\u00e9m irm\u00e3o de Melki, ir\u00e1 para a Secretaria de Obras, caso n\u00e3o consiga assumir mandato na C\u00e2mara, em lugar de Carmozino Taxista (PSDC), que foi reeleito, mas est\u00e1 preso. A irm\u00e3 de Rosani, a dentista Iv\u00e2nia Pires, tamb\u00e9m deve ter cargo na gest\u00e3o dela, mas ainda n\u00e3o foi definido qual.<\/p>\n<p>Fonte: Folha do Sul<br \/>\nAutor: Da reda\u00e7\u00e3o<\/p>\n","protected":false},"excerpt":{"rendered":"<p>Parentes de prefeita e vice ocupam secretarias em Vilhena; titular da Fazenda veio do Rio<\/p>\n","protected":false},"author":1,"featured_media":0,"comment_status":"closed","ping_status":"open","sticky":false,"template":"","format":"standard","meta":{"_exactmetrics_skip_tracking":false,"_exactmetrics_sitenote_active":false,"_exactmetrics_sitenote_note":"","_exactmetrics_sitenote_category":0,"jetpack_post_was_ever_published":false,"_jetpack_newsletter_access":"","_jetpack_dont_email_post_to_subs":false,"_jetpack_newsletter_tier_id":0,"_jetpack_memberships_contains_paywalled_content":false,"_jetpack_memberships_contains_paid_content":false,"footnotes":"","jetpack_publicize_message":"","jetpack_publicize_feature_enabled":true,"jetpack_social_post_already_shared":true,"jetpack_social_options":{"image_generator_settings":{"template":"highway","enabled":false},"version":2}},"categories":[1],"tags":[],"class_list":["post-7386","post","type-post","status-publish","format-standard","hentry","category-notas"],"jetpack_publicize_connections":[],"jetpack_sharing_enabled":true,"jetpack_featured_media_url":"","jetpack_shortlink":"https:\/\/wp.me\/p7wKYW-1V8","jetpack-related-posts":[],"_links":{"self":[{"href":"http:\/\/blogdalucianaoliveira.com.br\/blog\/wp-json\/wp\/v2\/posts\/7386","targetHints":{"allow":["GET"]}}],"collection":[{"href":"http:\/\/blogdalucianaoliveira.com.br\/blog\/wp-json\/wp\/v2\/posts"}],"about":[{"href":"http:\/\/blogdalucianaoliveira.com.br\/blog\/wp-json\/wp\/v2\/types\/post"}],"author":[{"embeddable":true,"href":"http:\/\/blogdalucianaoliveira.com.br\/blog\/wp-json\/wp\/v2\/users\/1"}],"replies":[{"embeddable":true,"href":"http:\/\/blogdalucianaoliveira.com.br\/blog\/wp-json\/wp\/v2\/comments?post=7386"}],"version-history":[{"count":1,"href":"http:\/\/blogdalucianaoliveira.com.br\/blog\/wp-json\/wp\/v2\/posts\/7386\/revisions"}],"predecessor-version":[{"id":7388,"href":"http:\/\/blogdalucianaoliveira.com.br\/blog\/wp-json\/wp\/v2\/posts\/7386\/revisions\/7388"}],"wp:attachment":[{"href":"http:\/\/blogdalucianaoliveira.com.br\/blog\/wp-json\/wp\/v2\/media?parent=7386"}],"wp:term":[{"taxonomy":"category","embeddable":true,"href":"http:\/\/blogdalucianaoliveira.com.br\/blog\/wp-json\/wp\/v2\/categories?post=7386"},{"taxonomy":"post_tag","embeddable":true,"href":"http:\/\/blogdalucianaoliveira.com.br\/blog\/wp-json\/wp\/v2\/tags?post=7386"}],"curies":[{"name":"wp","href":"https:\/\/api.w.org\/{rel}","templated":true}]}}