{"id":7389,"date":"2017-01-02T19:31:27","date_gmt":"2017-01-02T23:31:27","guid":{"rendered":"http:\/\/blogdalucianaoliveira.com.br\/blog\/?p=7389"},"modified":"2017-01-02T19:31:27","modified_gmt":"2017-01-02T23:31:27","slug":"manobra-prejudica-processo-democratico-de-escolha-da-mesa-diretora-da-camara","status":"publish","type":"post","link":"http:\/\/blogdalucianaoliveira.com.br\/blog\/2017\/01\/02\/manobra-prejudica-processo-democratico-de-escolha-da-mesa-diretora-da-camara\/","title":{"rendered":"Manobra prejudica processo democr\u00e1tico de escolha da Mesa Diretora da C\u00e2mara"},"content":{"rendered":"<p><img data-recalc-dims=\"1\" loading=\"lazy\" decoding=\"async\" data-attachment-id=\"7390\" data-permalink=\"http:\/\/blogdalucianaoliveira.com.br\/blog\/2017\/01\/02\/manobra-prejudica-processo-democratico-de-escolha-da-mesa-diretora-da-camara\/camara-1\/\" data-orig-file=\"https:\/\/i0.wp.com\/blogdalucianaoliveira.com.br\/blog\/wp-content\/uploads\/2017\/01\/camara-1.jpg?fit=728%2C410\" data-orig-size=\"728,410\" data-comments-opened=\"0\" data-image-meta=\"{&quot;aperture&quot;:&quot;0&quot;,&quot;credit&quot;:&quot;&quot;,&quot;camera&quot;:&quot;&quot;,&quot;caption&quot;:&quot;&quot;,&quot;created_timestamp&quot;:&quot;0&quot;,&quot;copyright&quot;:&quot;&quot;,&quot;focal_length&quot;:&quot;0&quot;,&quot;iso&quot;:&quot;0&quot;,&quot;shutter_speed&quot;:&quot;0&quot;,&quot;title&quot;:&quot;&quot;,&quot;orientation&quot;:&quot;1&quot;}\" data-image-title=\"camara-1\" data-image-description=\"\" data-image-caption=\"\" data-medium-file=\"https:\/\/i0.wp.com\/blogdalucianaoliveira.com.br\/blog\/wp-content\/uploads\/2017\/01\/camara-1.jpg?fit=300%2C169\" data-large-file=\"https:\/\/i0.wp.com\/blogdalucianaoliveira.com.br\/blog\/wp-content\/uploads\/2017\/01\/camara-1.jpg?fit=600%2C338\" src=\"https:\/\/i0.wp.com\/blogdalucianaoliveira.com.br\/blog\/wp-content\/uploads\/2017\/01\/camara-1.jpg?resize=600%2C338\" alt=\"camara-1\" width=\"600\" height=\"338\" class=\"alignnone size-full wp-image-7390\" srcset=\"https:\/\/i0.wp.com\/blogdalucianaoliveira.com.br\/blog\/wp-content\/uploads\/2017\/01\/camara-1.jpg?w=728 728w, https:\/\/i0.wp.com\/blogdalucianaoliveira.com.br\/blog\/wp-content\/uploads\/2017\/01\/camara-1.jpg?resize=300%2C169 300w, https:\/\/i0.wp.com\/blogdalucianaoliveira.com.br\/blog\/wp-content\/uploads\/2017\/01\/camara-1.jpg?resize=533%2C300 533w\" sizes=\"auto, (max-width: 600px) 100vw, 600px\" \/><\/p>\n<p>A cada nova elei\u00e7\u00e3o me desiludo mais com essa C\u00e2mara de Vereadores de Porto Velho. Por l\u00e1 j\u00e1 passaram figuras que representam o que h\u00e1 de pior na pol\u00edtica.<!--more--><\/p>\n<p>Fui processada por denunciar v\u00eddeo em que v\u00e1rios vereadores apareciam recebendo ma\u00e7os de dinheiro e um enfiando nas vestes enquanto dan\u00e7ava forr\u00f3. <\/p>\n<p>Acompanhei a vota\u00e7\u00e3o que absolveu da quebra de decoro cinco vereadores, tr\u00eas presos e dois submetidos a mandados de busca e apreens\u00e3o na Opera\u00e7\u00e3o Apocalipse.<\/p>\n<p>E no hist\u00f3rico de esculhamba\u00e7\u00e3o n\u00e3o esque\u00e7o que teve um vereador que defendeu projeto pra que Jesus Cristo fosse declarado o \u00fanico \u201csenhor de Porto Velho\u201d.<\/p>\n<p>A nova legislatura tem velhos conhecidos de esc\u00e2ndalos por corrup\u00e7\u00e3o.<\/p>\n<p>E nos anais, constam vota\u00e7\u00f5es de calada da noite que em absolutamente nada contribu\u00edram com a moralidade na pol\u00edtica. <\/p>\n<p>\u00c9 uma casa de leis que j\u00e1 envergonhou muito e a tirar pela \u00faltima pol\u00eamica, vem mais coisa ruim por a\u00ed.<\/p>\n<p>No dia 26 de dezembro, no finzinho da legislatura, vereadores conclu\u00edram as vota\u00e7\u00f5es que alteraram o \u00a7 3\u00ba da Lei Org\u00e2nica do munic\u00edpio de Porto Velho e com isso, garantiram a elei\u00e7\u00e3o da Mesa Diretora e Comiss\u00f5es para o 2\u00b0 bi\u00eanio.<\/p>\n<p>J\u00e1 corria \u00e0 boca gra\u00fada que o tucano Maur\u00edcio Carvalho era favorito \u00e0 presid\u00eancia para o bi\u00eanio 2017\/2018, o que se confirmou logo ap\u00f3s a posse. Era esperado pela costura que vinha sendo feita nos bastidores desde que se elegeu junto com o prefeito do seu partido, mas n\u00e3o pela expressividade do jovem na pol\u00edtica.<\/p>\n<p>\u00c9 dele, portanto, o lugar de Jurandir Bengala (PR) que agora, \u00e9 o primeiro vice-presidente.<\/p>\n<p>O segundo vice-presidente \u00e9 o jovem M\u00e1rcio Miranda (PSDC).<\/p>\n<p>A 1\u00aa Secret\u00e1ria \u00e9 Ellis Regina (PCdoB), o 2\u00ba Secret\u00e1rio \u00e9 o reeleito Marcelo Reis (PSD), aquele preso na Opera\u00e7\u00e3o Apocalipse e o 3\u00ba Secret\u00e1rio Zequinha Ara\u00fajo (PMDB), aquele denunciado pelo Minist\u00e9rio P\u00fablico por manter servidores de sua associa\u00e7\u00e3o eleitoreira com dinheiro p\u00fablico.<\/p>\n<p>Esse resultado, ningu\u00e9m discutiu. Foi a vontade da maioria dos vereadores em sess\u00e3o que previa a elei\u00e7\u00e3o.<\/p>\n<p>O problema foi a vota\u00e7\u00e3o pra escolha da Mesa Diretora do segundo bi\u00eanio, que s\u00f3 foi poss\u00edvel com a emenda \u00e0 Lei, sem alarde algum na imprensa. <\/p>\n<p>Seis vereadores votaram contra a elei\u00e7\u00e3o da chapa \u00fanica: Ada Dantas (PMN), Alex Palitot (PTB), Cristiane Lopes (PP), Da Silva (PSB), Joelna Holder (PMDB) e Luan da TV (PP).  <\/p>\n<p>A novata Ada Dantas esperneou, denunciou que n\u00e3o houve publica\u00e7\u00e3o da emenda e prometeu juridicamente tentar anular a sess\u00e3o.<\/p>\n<p>Mas, de fato consta no Di\u00e1rio Oficial do Munic\u00edpio, a publica\u00e7\u00e3o da emenda no dia 27 de dezembro, edi\u00e7\u00e3o 5.360, na p\u00e1gina 12.<\/p>\n<p>A verdade \u00e9 que ela e outros \u2018comeram bola\u2019 e foram pegos de surpresa na v\u00e9spera da elei\u00e7\u00e3o com o \u2018presente\u2019 deixado pelos sa\u00edram e pelos reeleitos. <\/p>\n<p>Inconformados, denunciam um acord\u00e3o que prejudicou o processo democr\u00e1tico na vota\u00e7\u00e3o por falta de transpar\u00eancia.<\/p>\n<p>O reeleito Edwilson Negreiros, que votou pela emenda \u00e0 lei, foi eleito para presidir a casa no bi\u00eanio 2019\/2020.<\/p>\n<p>Ada Dantas mal conseguiu usar a palavra pra declarar seu voto contr\u00e1rio. Foi calada aos berros pelo novo presidente Maur\u00edcio Carvalho, que repetia: \u201cComo vota vereadora? Como vota vereadora? <\/p>\n<p><iframe loading=\"lazy\" src=\"https:\/\/www.facebook.com\/plugins\/video.php?href=https%3A%2F%2Fwww.facebook.com%2FTVdoPOVORO%2Fvideos%2F1331946250160632%2F&#038;show_text=1&#038;width=560\" width=\"560\" height=\"707\" style=\"border:none;overflow:hidden\" scrolling=\"no\" frameborder=\"0\" allowTransparency=\"true\"><\/iframe><\/p>\n<p>O mais votado, Aleks Palitot (PTB), n\u00e3o questiona a legalidade, \u201cmas o comportamento. O quanto ser\u00e1 v\u00e1lida a mudan\u00e7a de leis em benef\u00edcio de uma estrat\u00e9gia pol\u00edtica que favorece a mesa diretora\u201d e n\u00e3o a cidade.<\/p>\n<p>Tem coisa ruim a caminho, quando quem teve menos votos despreza e submete ao isolamento o mais votado.<\/p>\n<p>Palitot teve 4039 votos, Maur\u00edcio, o presidente do 1\u00b0 bi\u00eanio, teve 2796 e Edwilson, o presidente do 2\u00b0 bi\u00eanio, 2954.<\/p>\n<p>\u00c9 mais que mera esquisitice.<\/p>\n<p>\u00c9 preciso que os vereadores com mentalidade realmente nova quebrem essa tradi\u00e7\u00e3o de predomin\u00e2ncia de grupos que legislam em causa pr\u00f3pria.<\/p>\n<p>A minoria deve desenterrar essa cabe\u00e7a de jumento que condena a C\u00e2mara a ser um cemit\u00e9rio de coisas ruins.<\/p>\n<p>Metaforizando, tem jumento posando de cavalo. \u00c9 preciso muita coragem pra se distinguir.<\/p>\n","protected":false},"excerpt":{"rendered":"<p>A cada nova elei\u00e7\u00e3o me desiludo mais com essa C\u00e2mara de Vereadores de Porto Velho. Por l\u00e1 j\u00e1 passaram figuras que representam o que h\u00e1 de pior na pol\u00edtica.<\/p>\n","protected":false},"author":1,"featured_media":0,"comment_status":"closed","ping_status":"open","sticky":false,"template":"","format":"standard","meta":{"_exactmetrics_skip_tracking":false,"_exactmetrics_sitenote_active":false,"_exactmetrics_sitenote_note":"","_exactmetrics_sitenote_category":0,"jetpack_post_was_ever_published":false,"_jetpack_newsletter_access":"","_jetpack_dont_email_post_to_subs":false,"_jetpack_newsletter_tier_id":0,"_jetpack_memberships_contains_paywalled_content":false,"_jetpack_memberships_contains_paid_content":false,"footnotes":"","jetpack_publicize_message":"","jetpack_publicize_feature_enabled":true,"jetpack_social_post_already_shared":true,"jetpack_social_options":{"image_generator_settings":{"template":"highway","enabled":false},"version":2}},"categories":[1],"tags":[],"class_list":["post-7389","post","type-post","status-publish","format-standard","hentry","category-notas"],"jetpack_publicize_connections":[],"jetpack_sharing_enabled":true,"jetpack_featured_media_url":"","jetpack_shortlink":"https:\/\/wp.me\/p7wKYW-1Vb","jetpack-related-posts":[],"_links":{"self":[{"href":"http:\/\/blogdalucianaoliveira.com.br\/blog\/wp-json\/wp\/v2\/posts\/7389","targetHints":{"allow":["GET"]}}],"collection":[{"href":"http:\/\/blogdalucianaoliveira.com.br\/blog\/wp-json\/wp\/v2\/posts"}],"about":[{"href":"http:\/\/blogdalucianaoliveira.com.br\/blog\/wp-json\/wp\/v2\/types\/post"}],"author":[{"embeddable":true,"href":"http:\/\/blogdalucianaoliveira.com.br\/blog\/wp-json\/wp\/v2\/users\/1"}],"replies":[{"embeddable":true,"href":"http:\/\/blogdalucianaoliveira.com.br\/blog\/wp-json\/wp\/v2\/comments?post=7389"}],"version-history":[{"count":3,"href":"http:\/\/blogdalucianaoliveira.com.br\/blog\/wp-json\/wp\/v2\/posts\/7389\/revisions"}],"predecessor-version":[{"id":7393,"href":"http:\/\/blogdalucianaoliveira.com.br\/blog\/wp-json\/wp\/v2\/posts\/7389\/revisions\/7393"}],"wp:attachment":[{"href":"http:\/\/blogdalucianaoliveira.com.br\/blog\/wp-json\/wp\/v2\/media?parent=7389"}],"wp:term":[{"taxonomy":"category","embeddable":true,"href":"http:\/\/blogdalucianaoliveira.com.br\/blog\/wp-json\/wp\/v2\/categories?post=7389"},{"taxonomy":"post_tag","embeddable":true,"href":"http:\/\/blogdalucianaoliveira.com.br\/blog\/wp-json\/wp\/v2\/tags?post=7389"}],"curies":[{"name":"wp","href":"https:\/\/api.w.org\/{rel}","templated":true}]}}