{"id":7396,"date":"2017-01-03T10:45:58","date_gmt":"2017-01-03T14:45:58","guid":{"rendered":"http:\/\/blogdalucianaoliveira.com.br\/blog\/?p=7396"},"modified":"2017-01-03T10:45:58","modified_gmt":"2017-01-03T14:45:58","slug":"populismo-de-doria-leva-pau-da-midia-e-do-eleitor","status":"publish","type":"post","link":"http:\/\/blogdalucianaoliveira.com.br\/blog\/2017\/01\/03\/populismo-de-doria-leva-pau-da-midia-e-do-eleitor\/","title":{"rendered":"POPULISMO DE DORIA LEVA PAU DA M\u00cdDIA E DO ELEITOR"},"content":{"rendered":"<p><img data-recalc-dims=\"1\" loading=\"lazy\" decoding=\"async\" data-attachment-id=\"7397\" data-permalink=\"http:\/\/blogdalucianaoliveira.com.br\/blog\/2017\/01\/03\/populismo-de-doria-leva-pau-da-midia-e-do-eleitor\/doriak\/\" data-orig-file=\"https:\/\/i0.wp.com\/blogdalucianaoliveira.com.br\/blog\/wp-content\/uploads\/2017\/01\/doriak.jpg?fit=1000%2C357\" data-orig-size=\"1000,357\" data-comments-opened=\"0\" data-image-meta=\"{&quot;aperture&quot;:&quot;0&quot;,&quot;credit&quot;:&quot;&quot;,&quot;camera&quot;:&quot;&quot;,&quot;caption&quot;:&quot;&quot;,&quot;created_timestamp&quot;:&quot;0&quot;,&quot;copyright&quot;:&quot;&quot;,&quot;focal_length&quot;:&quot;0&quot;,&quot;iso&quot;:&quot;0&quot;,&quot;shutter_speed&quot;:&quot;0&quot;,&quot;title&quot;:&quot;&quot;,&quot;orientation&quot;:&quot;0&quot;}\" data-image-title=\"doriak\" data-image-description=\"\" data-image-caption=\"\" data-medium-file=\"https:\/\/i0.wp.com\/blogdalucianaoliveira.com.br\/blog\/wp-content\/uploads\/2017\/01\/doriak.jpg?fit=300%2C107\" data-large-file=\"https:\/\/i0.wp.com\/blogdalucianaoliveira.com.br\/blog\/wp-content\/uploads\/2017\/01\/doriak.jpg?fit=600%2C214\" src=\"https:\/\/i0.wp.com\/blogdalucianaoliveira.com.br\/blog\/wp-content\/uploads\/2017\/01\/doriak.jpg?resize=600%2C214\" alt=\"doriak\" width=\"600\" height=\"214\" class=\"alignnone size-full wp-image-7397\" srcset=\"https:\/\/i0.wp.com\/blogdalucianaoliveira.com.br\/blog\/wp-content\/uploads\/2017\/01\/doriak.jpg?w=1000 1000w, https:\/\/i0.wp.com\/blogdalucianaoliveira.com.br\/blog\/wp-content\/uploads\/2017\/01\/doriak.jpg?resize=300%2C107 300w, https:\/\/i0.wp.com\/blogdalucianaoliveira.com.br\/blog\/wp-content\/uploads\/2017\/01\/doriak.jpg?resize=768%2C274 768w, https:\/\/i0.wp.com\/blogdalucianaoliveira.com.br\/blog\/wp-content\/uploads\/2017\/01\/doriak.jpg?resize=800%2C286 800w\" sizes=\"auto, (max-width: 600px) 100vw, 600px\" \/><\/p>\n<p>247 \u2013 Jo\u00e3o Doria J\u00fanior pretendia abafar, sendo um misto de J\u00e2nio Quadros e Paulo Maluf em sua estreia como prefeito de S\u00e3o Paulo.<!--more--><\/p>\n<p>\u00c0s 6h da manh\u00e3, o tucano estava vestido de gari, acompanhado de seus secret\u00e1rios, para varrer ruas j\u00e1 varridas em S\u00e3o Paulo.<\/p>\n<p>O resultado da iniciativa descaradamente populista est\u00e1 nos jornais de hoje. A Folha ironizou o &#8220;faz de conta&#8221; do prefeito da maior cidade do Pa\u00eds e disse que, na verdade, ele n\u00e3o saiu para varrer ruas, mas apenas para posar para fotos.<\/p>\n<p>Doria tamb\u00e9m apanhou da pr\u00f3pria Globo, empresa com a qual deve manter parceria estrat\u00e9gica nos pr\u00f3ximos anos, transferindo verbas de publicidade para tentar se eleger governador de S\u00e3o Paulo.<\/p>\n<p>&#8220;O gestor moderno retrocedeu alguns anos para igualar-se a pol\u00edticos populistas como J\u00e2nio Quadros no primeiro dia do que prometia ser uma gest\u00e3o p\u00fablica modernizadora&#8221;, escreveu Merval Pereira.<\/p>\n<p>&#8220;Quando o prefeito Jo\u00e3o Doria J\u00fanior se vestiu de gari, ele estava fazendo um ato que nada tem a ver com governar, mas sim com propaganda. Se quiser a cidade mais limpa, h\u00e1 muito o que um prefeito pode fazer al\u00e9m desse gesto de pura demagogia&#8221;, pontuou Miriam Leit\u00e3o.<\/p>\n<p>As melhores mensagens, no entanto, vieram de eleitores. Eis algumas delas:<\/p>\n<p>Confesso que votei em Doria com boa dose de expectativa, j\u00e1 que ele n\u00e3o tem nenhum hist\u00f3rico negativo de administra\u00e7\u00e3o p\u00fablica. Agora, v\u00ea-lo acompanhado de ac\u00f3litos vestidos de garis limpando as ruas de S\u00e3o Paulo me decepcionou enormemente. Esse tipo de manifesta\u00e7\u00e3o, ridiculamente populista, n\u00e3o tem nada a ver com administrar a cidade. O povo sabe que ele e seus secret\u00e1rios nunca pegaram em um cabo de vassoura.<\/p>\n<p>ANTONIO PEDRO DA SILVA NETO (S\u00e3o Paulo, SP)<\/p>\n<p>Para quem se vendeu como gestor moderno e sujeito n\u00e3o pol\u00edtico, factoides midi\u00e1ticos como fantasiar-se de gari e fingir varrer meio metro linear de cal\u00e7ada soam meio d\u00e9j\u00e0-vu. Lembran\u00e7as da janista &#8220;varre, varre, vassourinha&#8221; e de outras a\u00e7\u00f5es voluntaristas e demag\u00f3gicas da era &#8220;collorida&#8221; v\u00eam facilmente \u00e0 cabe\u00e7a. Em todas, h\u00e1 a convic\u00e7\u00e3o errada de que o povo \u00e9 ing\u00eanuo.<\/p>\n<p>FABRIZIO WROLLI (S\u00e3o Paulo, SP)<\/p>\n","protected":false},"excerpt":{"rendered":"<p>247 \u2013 Jo\u00e3o Doria J\u00fanior pretendia abafar, sendo um misto de J\u00e2nio Quadros e Paulo Maluf em sua estreia como prefeito de S\u00e3o Paulo.<\/p>\n","protected":false},"author":1,"featured_media":0,"comment_status":"closed","ping_status":"open","sticky":false,"template":"","format":"standard","meta":{"_exactmetrics_skip_tracking":false,"_exactmetrics_sitenote_active":false,"_exactmetrics_sitenote_note":"","_exactmetrics_sitenote_category":0,"jetpack_post_was_ever_published":false,"_jetpack_newsletter_access":"","_jetpack_dont_email_post_to_subs":false,"_jetpack_newsletter_tier_id":0,"_jetpack_memberships_contains_paywalled_content":false,"_jetpack_memberships_contains_paid_content":false,"footnotes":"","jetpack_publicize_message":"","jetpack_publicize_feature_enabled":true,"jetpack_social_post_already_shared":true,"jetpack_social_options":{"image_generator_settings":{"template":"highway","enabled":false},"version":2}},"categories":[1],"tags":[],"class_list":["post-7396","post","type-post","status-publish","format-standard","hentry","category-notas"],"jetpack_publicize_connections":[],"jetpack_sharing_enabled":true,"jetpack_featured_media_url":"","jetpack_shortlink":"https:\/\/wp.me\/p7wKYW-1Vi","jetpack-related-posts":[],"_links":{"self":[{"href":"http:\/\/blogdalucianaoliveira.com.br\/blog\/wp-json\/wp\/v2\/posts\/7396","targetHints":{"allow":["GET"]}}],"collection":[{"href":"http:\/\/blogdalucianaoliveira.com.br\/blog\/wp-json\/wp\/v2\/posts"}],"about":[{"href":"http:\/\/blogdalucianaoliveira.com.br\/blog\/wp-json\/wp\/v2\/types\/post"}],"author":[{"embeddable":true,"href":"http:\/\/blogdalucianaoliveira.com.br\/blog\/wp-json\/wp\/v2\/users\/1"}],"replies":[{"embeddable":true,"href":"http:\/\/blogdalucianaoliveira.com.br\/blog\/wp-json\/wp\/v2\/comments?post=7396"}],"version-history":[{"count":1,"href":"http:\/\/blogdalucianaoliveira.com.br\/blog\/wp-json\/wp\/v2\/posts\/7396\/revisions"}],"predecessor-version":[{"id":7398,"href":"http:\/\/blogdalucianaoliveira.com.br\/blog\/wp-json\/wp\/v2\/posts\/7396\/revisions\/7398"}],"wp:attachment":[{"href":"http:\/\/blogdalucianaoliveira.com.br\/blog\/wp-json\/wp\/v2\/media?parent=7396"}],"wp:term":[{"taxonomy":"category","embeddable":true,"href":"http:\/\/blogdalucianaoliveira.com.br\/blog\/wp-json\/wp\/v2\/categories?post=7396"},{"taxonomy":"post_tag","embeddable":true,"href":"http:\/\/blogdalucianaoliveira.com.br\/blog\/wp-json\/wp\/v2\/tags?post=7396"}],"curies":[{"name":"wp","href":"https:\/\/api.w.org\/{rel}","templated":true}]}}