{"id":7404,"date":"2017-01-03T11:00:35","date_gmt":"2017-01-03T15:00:35","guid":{"rendered":"http:\/\/blogdalucianaoliveira.com.br\/blog\/?p=7404"},"modified":"2017-01-03T11:00:35","modified_gmt":"2017-01-03T15:00:35","slug":"vai-colocar-a-culpa-em-dilma-ate-cair","status":"publish","type":"post","link":"http:\/\/blogdalucianaoliveira.com.br\/blog\/2017\/01\/03\/vai-colocar-a-culpa-em-dilma-ate-cair\/","title":{"rendered":"Vai colocar a culpa em Dilma at\u00e9 cair"},"content":{"rendered":"<p><img data-recalc-dims=\"1\" loading=\"lazy\" decoding=\"async\" data-attachment-id=\"7405\" data-permalink=\"http:\/\/blogdalucianaoliveira.com.br\/blog\/2017\/01\/03\/vai-colocar-a-culpa-em-dilma-ate-cair\/tetek\/\" data-orig-file=\"https:\/\/i0.wp.com\/blogdalucianaoliveira.com.br\/blog\/wp-content\/uploads\/2017\/01\/tetek.jpg?fit=1000%2C359\" data-orig-size=\"1000,359\" data-comments-opened=\"0\" data-image-meta=\"{&quot;aperture&quot;:&quot;0&quot;,&quot;credit&quot;:&quot;&quot;,&quot;camera&quot;:&quot;&quot;,&quot;caption&quot;:&quot;&quot;,&quot;created_timestamp&quot;:&quot;0&quot;,&quot;copyright&quot;:&quot;&quot;,&quot;focal_length&quot;:&quot;0&quot;,&quot;iso&quot;:&quot;0&quot;,&quot;shutter_speed&quot;:&quot;0&quot;,&quot;title&quot;:&quot;&quot;,&quot;orientation&quot;:&quot;0&quot;}\" data-image-title=\"tetek\" data-image-description=\"\" data-image-caption=\"\" data-medium-file=\"https:\/\/i0.wp.com\/blogdalucianaoliveira.com.br\/blog\/wp-content\/uploads\/2017\/01\/tetek.jpg?fit=300%2C108\" data-large-file=\"https:\/\/i0.wp.com\/blogdalucianaoliveira.com.br\/blog\/wp-content\/uploads\/2017\/01\/tetek.jpg?fit=600%2C215\" src=\"https:\/\/i0.wp.com\/blogdalucianaoliveira.com.br\/blog\/wp-content\/uploads\/2017\/01\/tetek.jpg?resize=600%2C215\" alt=\"tetek\" width=\"600\" height=\"215\" class=\"alignnone size-full wp-image-7405\" srcset=\"https:\/\/i0.wp.com\/blogdalucianaoliveira.com.br\/blog\/wp-content\/uploads\/2017\/01\/tetek.jpg?w=1000 1000w, https:\/\/i0.wp.com\/blogdalucianaoliveira.com.br\/blog\/wp-content\/uploads\/2017\/01\/tetek.jpg?resize=300%2C108 300w, https:\/\/i0.wp.com\/blogdalucianaoliveira.com.br\/blog\/wp-content\/uploads\/2017\/01\/tetek.jpg?resize=768%2C276 768w, https:\/\/i0.wp.com\/blogdalucianaoliveira.com.br\/blog\/wp-content\/uploads\/2017\/01\/tetek.jpg?resize=800%2C287 800w\" sizes=\"auto, (max-width: 600px) 100vw, 600px\" \/><\/p>\n<p>TEMER REPASSA AOS SERVIDORES O QUE TIROU DO SAL\u00c1RIO M\u00cdNIMO<!--more--><\/p>\n<p>247 &#8211; O governo Michel Temer voltou a agir contra os pobres por meio de suas medidas econ\u00f4micas.<!--more--><\/p>\n<p>Ap\u00f3s a infla\u00e7\u00e3o de 2016 ter ficado abaixo do previsto, Temer assinou decreto elevando o sal\u00e1rio m\u00ednimo para R$ 937, R$ 9 a menos do que o previsto no Or\u00e7amento deste ano. O objetivo, segundo o governo, era economizar R$ 2,1 bilh\u00f5es.<\/p>\n<p>Em contrapartida, ele assinou uma medida provis\u00f3ria elevando o sal\u00e1rio de oito categorias de servidores federais, o que elevar\u00e1 os gastos em R$ 3,8 bilh\u00f5es apenas em 2017 e em R$ 11,2 bilh\u00f5es at\u00e9 2019.<\/p>\n<p>A justificativa para o reajuste salarial dos servidores sobrou para o governo Dilma Rousseff. A equipe econ\u00f4mica de Temer justificou que o aumento foi feito com base em um acordo firmado na gest\u00e3o anterior.<\/p>\n<p>O ministro da Fazenda, Henrique Meirelles, deixou aberta a possibilidade de uma alta de impostos para cumprir a meta fiscal estabelecida para este exerc\u00edcio. A meta fiscal para 2017 prev\u00ea d\u00e9ficit prim\u00e1rio de R$ 139 bilh\u00f5es para o governo central. No ano passado, o saldo negativo foi de R$ 170,5 bilh\u00f5es.<\/p>\n<p>A medida vai de encontro ao discurso de endurecimento nas contas contra os estados endividados que pedem a renegocia\u00e7\u00e3o de suas d\u00edvidas com o governo federal, uma vez que os aumentos envolvem carreiras j\u00e1 valorizadas, como auditores fiscais e diplomatas.<\/p>\n","protected":false},"excerpt":{"rendered":"<p>TEMER REPASSA AOS SERVIDORES O QUE TIROU DO SAL\u00c1RIO M\u00cdNIMO<\/p>\n","protected":false},"author":1,"featured_media":0,"comment_status":"closed","ping_status":"open","sticky":false,"template":"","format":"standard","meta":{"_exactmetrics_skip_tracking":false,"_exactmetrics_sitenote_active":false,"_exactmetrics_sitenote_note":"","_exactmetrics_sitenote_category":0,"jetpack_post_was_ever_published":false,"_jetpack_newsletter_access":"","_jetpack_dont_email_post_to_subs":false,"_jetpack_newsletter_tier_id":0,"_jetpack_memberships_contains_paywalled_content":false,"_jetpack_memberships_contains_paid_content":false,"footnotes":"","jetpack_publicize_message":"","jetpack_publicize_feature_enabled":true,"jetpack_social_post_already_shared":true,"jetpack_social_options":{"image_generator_settings":{"template":"highway","enabled":false},"version":2}},"categories":[1],"tags":[],"class_list":["post-7404","post","type-post","status-publish","format-standard","hentry","category-notas"],"jetpack_publicize_connections":[],"jetpack_sharing_enabled":true,"jetpack_featured_media_url":"","jetpack_shortlink":"https:\/\/wp.me\/p7wKYW-1Vq","jetpack-related-posts":[],"_links":{"self":[{"href":"http:\/\/blogdalucianaoliveira.com.br\/blog\/wp-json\/wp\/v2\/posts\/7404","targetHints":{"allow":["GET"]}}],"collection":[{"href":"http:\/\/blogdalucianaoliveira.com.br\/blog\/wp-json\/wp\/v2\/posts"}],"about":[{"href":"http:\/\/blogdalucianaoliveira.com.br\/blog\/wp-json\/wp\/v2\/types\/post"}],"author":[{"embeddable":true,"href":"http:\/\/blogdalucianaoliveira.com.br\/blog\/wp-json\/wp\/v2\/users\/1"}],"replies":[{"embeddable":true,"href":"http:\/\/blogdalucianaoliveira.com.br\/blog\/wp-json\/wp\/v2\/comments?post=7404"}],"version-history":[{"count":1,"href":"http:\/\/blogdalucianaoliveira.com.br\/blog\/wp-json\/wp\/v2\/posts\/7404\/revisions"}],"predecessor-version":[{"id":7406,"href":"http:\/\/blogdalucianaoliveira.com.br\/blog\/wp-json\/wp\/v2\/posts\/7404\/revisions\/7406"}],"wp:attachment":[{"href":"http:\/\/blogdalucianaoliveira.com.br\/blog\/wp-json\/wp\/v2\/media?parent=7404"}],"wp:term":[{"taxonomy":"category","embeddable":true,"href":"http:\/\/blogdalucianaoliveira.com.br\/blog\/wp-json\/wp\/v2\/categories?post=7404"},{"taxonomy":"post_tag","embeddable":true,"href":"http:\/\/blogdalucianaoliveira.com.br\/blog\/wp-json\/wp\/v2\/tags?post=7404"}],"curies":[{"name":"wp","href":"https:\/\/api.w.org\/{rel}","templated":true}]}}