{"id":741,"date":"2016-05-13T09:02:50","date_gmt":"2016-05-13T13:02:50","guid":{"rendered":"http:\/\/blogdalucianaoliveira.com.br\/blog\/?p=741"},"modified":"2016-05-13T09:02:50","modified_gmt":"2016-05-13T13:02:50","slug":"nyt-mosquitos-transmitem-corrupcao","status":"publish","type":"post","link":"http:\/\/blogdalucianaoliveira.com.br\/blog\/2016\/05\/13\/nyt-mosquitos-transmitem-corrupcao\/","title":{"rendered":"NYT: mosquitos transmitem corrup\u00e7\u00e3o?"},"content":{"rendered":"<p><img data-recalc-dims=\"1\" loading=\"lazy\" decoding=\"async\" data-attachment-id=\"742\" data-permalink=\"http:\/\/blogdalucianaoliveira.com.br\/blog\/2016\/05\/13\/nyt-mosquitos-transmitem-corrupcao\/image-154\/\" data-orig-file=\"https:\/\/i0.wp.com\/blogdalucianaoliveira.com.br\/blog\/wp-content\/uploads\/2016\/05\/image-132.jpeg?fit=600%2C413\" data-orig-size=\"600,413\" data-comments-opened=\"0\" data-image-meta=\"{&quot;aperture&quot;:&quot;0&quot;,&quot;credit&quot;:&quot;&quot;,&quot;camera&quot;:&quot;&quot;,&quot;caption&quot;:&quot;&quot;,&quot;created_timestamp&quot;:&quot;0&quot;,&quot;copyright&quot;:&quot;&quot;,&quot;focal_length&quot;:&quot;0&quot;,&quot;iso&quot;:&quot;0&quot;,&quot;shutter_speed&quot;:&quot;0&quot;,&quot;title&quot;:&quot;&quot;,&quot;orientation&quot;:&quot;0&quot;}\" data-image-title=\"image\" data-image-description=\"\" data-image-caption=\"\" data-medium-file=\"https:\/\/i0.wp.com\/blogdalucianaoliveira.com.br\/blog\/wp-content\/uploads\/2016\/05\/image-132.jpeg?fit=300%2C207\" data-large-file=\"https:\/\/i0.wp.com\/blogdalucianaoliveira.com.br\/blog\/wp-content\/uploads\/2016\/05\/image-132.jpeg?fit=600%2C413\" src=\"https:\/\/i0.wp.com\/blogdalucianaoliveira.com.br\/blog\/wp-content\/uploads\/2016\/05\/image-132.jpeg?resize=600%2C413\" alt=\"image\" width=\"600\" height=\"413\" class=\"alignnone size-full wp-image-742\" srcset=\"https:\/\/i0.wp.com\/blogdalucianaoliveira.com.br\/blog\/wp-content\/uploads\/2016\/05\/image-132.jpeg?w=600 600w, https:\/\/i0.wp.com\/blogdalucianaoliveira.com.br\/blog\/wp-content\/uploads\/2016\/05\/image-132.jpeg?resize=300%2C207 300w, https:\/\/i0.wp.com\/blogdalucianaoliveira.com.br\/blog\/wp-content\/uploads\/2016\/05\/image-132.jpeg?resize=436%2C300 436w\" sizes=\"auto, (max-width: 600px) 100vw, 600px\" \/><\/p>\n<p>O New York Times publicou depoimentos de leitores para mostrar que os brasileiros reagiram \u00e0 vota\u00e7\u00e3o que afastou a presidente e iniciou o processo de impeachment contra ela. <!--more--><\/p>\n<p>Vit\u00f3ria Fernandes, 23: &#8220;Brasil n\u00e3o vai mudar. O problema com o nosso pa\u00eds e da economia n\u00e3o \u00e9 a presidente em si, mas os nossos senadores e todos os outros que t\u00eam roubado.&#8221;<\/p>\n<p>Lucas Barbosa Direito Uel, 20: A remo\u00e7\u00e3o da nosso presidente representa a execu\u00e7\u00e3o da lei contra ela e o partido pol\u00edtico corrupto que governou o Brasil durante os \u00faltimos 13 anos.<\/p>\n<p>Patricia Esse, 40: &#8220;A remo\u00e7\u00e3o de um presidente democraticamente eleito representa um grande rev\u00e9s no desenvolvimento do pa\u00eds e um desrespeito para os seus cidad\u00e3os. A ilegalidade do processo e todo o processo \u00e9 verdadeiramente surpreendente, e isso me faz medo do futuro.&#8221;<\/p>\n","protected":false},"excerpt":{"rendered":"<p>O New York Times publicou depoimentos de leitores para mostrar que os brasileiros reagiram \u00e0 vota\u00e7\u00e3o que afastou a presidente e iniciou o processo de impeachment contra ela.<\/p>\n","protected":false},"author":1,"featured_media":0,"comment_status":"closed","ping_status":"open","sticky":false,"template":"","format":"standard","meta":{"_exactmetrics_skip_tracking":false,"_exactmetrics_sitenote_active":false,"_exactmetrics_sitenote_note":"","_exactmetrics_sitenote_category":0,"jetpack_post_was_ever_published":false,"_jetpack_newsletter_access":"","_jetpack_dont_email_post_to_subs":false,"_jetpack_newsletter_tier_id":0,"_jetpack_memberships_contains_paywalled_content":false,"_jetpack_memberships_contains_paid_content":false,"footnotes":"","jetpack_publicize_message":"","jetpack_publicize_feature_enabled":true,"jetpack_social_post_already_shared":true,"jetpack_social_options":{"image_generator_settings":{"template":"highway","enabled":false},"version":2}},"categories":[1],"tags":[],"class_list":["post-741","post","type-post","status-publish","format-standard","hentry","category-notas"],"jetpack_publicize_connections":[],"jetpack_sharing_enabled":true,"jetpack_featured_media_url":"","jetpack_shortlink":"https:\/\/wp.me\/p7wKYW-bX","jetpack-related-posts":[],"_links":{"self":[{"href":"http:\/\/blogdalucianaoliveira.com.br\/blog\/wp-json\/wp\/v2\/posts\/741","targetHints":{"allow":["GET"]}}],"collection":[{"href":"http:\/\/blogdalucianaoliveira.com.br\/blog\/wp-json\/wp\/v2\/posts"}],"about":[{"href":"http:\/\/blogdalucianaoliveira.com.br\/blog\/wp-json\/wp\/v2\/types\/post"}],"author":[{"embeddable":true,"href":"http:\/\/blogdalucianaoliveira.com.br\/blog\/wp-json\/wp\/v2\/users\/1"}],"replies":[{"embeddable":true,"href":"http:\/\/blogdalucianaoliveira.com.br\/blog\/wp-json\/wp\/v2\/comments?post=741"}],"version-history":[{"count":1,"href":"http:\/\/blogdalucianaoliveira.com.br\/blog\/wp-json\/wp\/v2\/posts\/741\/revisions"}],"predecessor-version":[{"id":743,"href":"http:\/\/blogdalucianaoliveira.com.br\/blog\/wp-json\/wp\/v2\/posts\/741\/revisions\/743"}],"wp:attachment":[{"href":"http:\/\/blogdalucianaoliveira.com.br\/blog\/wp-json\/wp\/v2\/media?parent=741"}],"wp:term":[{"taxonomy":"category","embeddable":true,"href":"http:\/\/blogdalucianaoliveira.com.br\/blog\/wp-json\/wp\/v2\/categories?post=741"},{"taxonomy":"post_tag","embeddable":true,"href":"http:\/\/blogdalucianaoliveira.com.br\/blog\/wp-json\/wp\/v2\/tags?post=741"}],"curies":[{"name":"wp","href":"https:\/\/api.w.org\/{rel}","templated":true}]}}